{"id":180285,"date":"2025-06-16T07:34:11","date_gmt":"2025-06-16T07:34:11","guid":{"rendered":"https:\/\/www.europesays.com\/fr\/180285\/"},"modified":"2025-06-16T07:34:11","modified_gmt":"2025-06-16T07:34:11","slug":"saint-etienne-bientot-une-nouvelle-caserne-de-gendarmerie-au-soleil","status":"publish","type":"post","link":"https:\/\/www.europesays.com\/fr\/180285\/","title":{"rendered":"Saint-Etienne\u00a0: bient\u00f4t une nouvelle caserne de gendarmerie au Soleil"},"content":{"rendered":"<p class=\"is-style-chapo\">Les travaux de la nouvelle caserne de gendarmerie situ\u00e9e au Soleil \u00e0 Saint-Etienne, vont d\u00e9marrer au mois de septembre. D\u2019ici \u00e0 fin 2026, d\u00e9but 2027, les gendarmes de la rue Claude Odde, ainsi que la brigade motoris\u00e9e de Saint-Chamond s\u2019installeront dans les locaux flambants neufs.<\/p>\n<p><img fetchpriority=\"high\" decoding=\"async\" width=\"1024\" height=\"576\" src=\"https:\/\/www.europesays.com\/fr\/wp-content\/uploads\/2025\/06\/Capture-decran-2025-06-13-a-14.55.31-1024x576.jpg\" alt=\"\" class=\"wp-image-79686\"  \/>Les travaux commenceront au mois de septembre. \u00a9GoogleStreetView<\/p>\n<p>\u00ab\u00a0Cette affaire date de 2015, puisque les conditions de vie et d\u2019installation des gendarmes, qui sont actuellement rue Claude Odde, n\u2019\u00e9taient pas satisfaisantes\u00a0\u00bb, rappelait Jean-Pierre Berger, 1er adjoint charg\u00e9 de l\u2019urbanisme lors du <a href=\"https:\/\/www.if-saint-etienne.fr\/economie\/marche-de-gros-rungis-lorgne-du-cote-de-saint-etienne\" target=\"_blank\" rel=\"noreferrer noopener\">Conseil municipal<\/a> d\u00e9but juin. En effet, \u00e0 l\u2019\u00e9poque, il est envisag\u00e9 d\u2019\u00e9tendre le site de la rue Claude Odde, mais le projet a \u00e9t\u00e9 avort\u00e9 faute de place et de faisabilit\u00e9. Puis, le projet a \u00e9t\u00e9 pens\u00e9 \u00e0 La Fouillouse, \u00e0 Sorbiers, les gendarmeries ayant comp\u00e9tence dans les zones rurales, pour finir par se concr\u00e9tiser dix ans plus tard dans le quartier du Soleil \u00e0 Saint-Etienne.<\/p>\n<p>45 familles de gendarmes accueillies<\/p>\n<p>Un projet qui peinait \u00e0 se concr\u00e9tiser \u00e0 l\u2019\u00e9poque et qui avait fini par obtenir, en 2019, l\u2019aval de Christophe Castaner, alors ministre de l\u2019Int\u00e9rieur. Apr\u00e8s de nombreux \u00e9changes avec l\u2019Etablissement public d\u2019am\u00e9nagement de Saint-Etienne (Epase), c\u2019est donc le site industriel de Stronglight qui a \u00e9t\u00e9 retenu pour accueillir les 45 familles de gendarmes, ainsi que la brigade motoris\u00e9e de Saint-Chamond. <\/p>\n<p>\u00ab La phase d\u2019agr\u00e9ment a \u00e9t\u00e9 longue et a d\u00e9marr\u00e9 d\u00e9but 2020, poursuit Jean-Pierre Berger. La r\u00e9alisation du projet a \u00e9t\u00e9 confi\u00e9e au bailleur social Deux Fleuves Loire Habitat, qui sont sp\u00e9cialis\u00e9s dans la construction de gendarmeries puisqu\u2019ils en ont d\u00e9j\u00e0 r\u00e9alis\u00e9 neuf sur le territoire lig\u00e9rien\u00a0\u00bb. La premi\u00e8re pierre sera pos\u00e9e d\u2019ici quelques semaines.<\/p>\n<p>17,5 millions d\u2019euros<\/p>\n<p>Deux Fleuves Loire Habitat sera propri\u00e9taire du terrain et la gendarmerie lui versera une redevance annuelle de 900 000 euros. Install\u00e9e sur une parcelle de 10 hectares, la gendarmerie comptera 4 000 m\u00e8tres carr\u00e9s d\u00e9di\u00e9s aux habitations, ainsi que 1 500 m\u00e8tres carr\u00e9s de bureaux.<\/p>\n<p>L\u2019investissement total de ce projet, port\u00e9 par <a href=\"https:\/\/www.loirehabitat.fr\/Pages\/groupedeuxfleuves.aspx\" target=\"_blank\" rel=\"noreferrer noopener\">Deux Fleuves Loire Habitat<\/a>, se monte \u00e0 17,5 millions d\u2019euros, dont 1,7 million d\u2019euros pour le rachat du foncier \u00e0 l\u2019Epase. \u00a0<\/p>\n<p>De son c\u00f4t\u00e9, Laetitia Valentin, \u00e9lue d\u2019opposition du groupe Saint-Etienne Demain d\u00e9nonce une r\u00e9cup\u00e9ration de communication de la part de l\u2019\u00e9quipe municipale. Les travaux vont d\u00e9buter en septembre pour livraison fin 2026 d\u00e9but 2027.<\/p>\n","protected":false},"excerpt":{"rendered":"Les travaux de la nouvelle caserne de gendarmerie situ\u00e9e au Soleil \u00e0 Saint-Etienne, vont d\u00e9marrer au mois de&hellip;\n","protected":false},"author":2,"featured_media":180286,"comment_status":"","ping_status":"","sticky":false,"template":"","format":"standard","meta":{"footnotes":""},"categories":[9653],"tags":[1111,11,2430,31762,1777,674,11536,1011,27,3381,31763,12,25,4001],"class_list":{"0":"post-180285","1":"post","2":"type-post","3":"status-publish","4":"format-standard","5":"has-post-thumbnail","7":"category-saint-etienne","8":"tag-actu","9":"tag-actualites","10":"tag-auvergne-rhone-alpes","11":"tag-construction-gendarmerie-saint-etienne","12":"tag-eu","13":"tag-europe","14":"tag-evolutif","15":"tag-fr","16":"tag-france","17":"tag-gendarmerie","18":"tag-gendarmerie-loire","19":"tag-news","20":"tag-republique-francaise","21":"tag-saint-etienne"},"share_on_mastodon":{"url":"https:\/\/pubeurope.com\/@fr\/114691890496774205","error":""},"_links":{"self":[{"href":"https:\/\/www.europesays.com\/fr\/wp-json\/wp\/v2\/posts\/180285","targetHints":{"allow":["GET"]}}],"collection":[{"href":"https:\/\/www.europesays.com\/fr\/wp-json\/wp\/v2\/posts"}],"about":[{"href":"https:\/\/www.europesays.com\/fr\/wp-json\/wp\/v2\/types\/post"}],"author":[{"embeddable":true,"href":"https:\/\/www.europesays.com\/fr\/wp-json\/wp\/v2\/users\/2"}],"replies":[{"embeddable":true,"href":"https:\/\/www.europesays.com\/fr\/wp-json\/wp\/v2\/comments?post=180285"}],"version-history":[{"count":0,"href":"https:\/\/www.europesays.com\/fr\/wp-json\/wp\/v2\/posts\/180285\/revisions"}],"wp:featuredmedia":[{"embeddable":true,"href":"https:\/\/www.europesays.com\/fr\/wp-json\/wp\/v2\/media\/180286"}],"wp:attachment":[{"href":"https:\/\/www.europesays.com\/fr\/wp-json\/wp\/v2\/media?parent=180285"}],"wp:term":[{"taxonomy":"category","embeddable":true,"href":"https:\/\/www.europesays.com\/fr\/wp-json\/wp\/v2\/categories?post=180285"},{"taxonomy":"post_tag","embeddable":true,"href":"https:\/\/www.europesays.com\/fr\/wp-json\/wp\/v2\/tags?post=180285"}],"curies":[{"name":"wp","href":"https:\/\/api.w.org\/{rel}","templated":true}]}}