{"id":180287,"date":"2025-06-16T07:35:11","date_gmt":"2025-06-16T07:35:11","guid":{"rendered":"https:\/\/www.europesays.com\/fr\/180287\/"},"modified":"2025-06-16T07:35:11","modified_gmt":"2025-06-16T07:35:11","slug":"ce-qui-lui-est-reproche-2","status":"publish","type":"post","link":"https:\/\/www.europesays.com\/fr\/180287\/","title":{"rendered":"ce qui lui est reproch\u00e9"},"content":{"rendered":"<p>            Par<br \/>\n        <strong><br \/>\n            <a href=\"https:\/\/actu.fr\/auteur\/mathias-souteyrat\" title=\"Consulter tous les articles de Mathias Souteyrat\" rel=\"nofollow noopener\" target=\"_blank\">Mathias Souteyrat<\/a><br \/>\n        <\/strong><\/p>\n<p>        Publi\u00e9 le<\/p>\n<p>            16 juin 2025 \u00e0 9h10        <\/p>\n<p>Animaux, insectes, locaux insalubres, d\u00e9fauts d\u2019hygi\u00e8ne\u2026 Le restaurant Saveurs dom-tom dans le centre de <a href=\"https:\/\/actu.fr\/auvergne-rhone-alpes\/saint-etienne_42218\" rel=\"nofollow noopener\" target=\"_blank\">Saint-\u00c9tienne<\/a> a \u00e9t\u00e9 ferm\u00e9 par la pr\u00e9fecture de la Loire apr\u00e8s un contr\u00f4le sanitaire. L\u2019\u00e9tablissement est situ\u00e9 en centre-ville, au <strong>31 rue Jos\u00e9-Frappa<\/strong>.<\/p>\n<p class=\" wall-content\">\u00ab\u2009Un contr\u00f4le sanitaire r\u00e9alis\u00e9 <strong>le 11\u00a0juin 2025<\/strong> par les agents de la direction d\u00e9partementale de la protection des populations a r\u00e9v\u00e9l\u00e9 de graves non-conformit\u00e9s dans cet \u00e9tablissement\u2009\u00bb, \u00e9crit la pr\u00e9fecture ce 16 juin.<\/p>\n<p>Pr\u00e9sence importante de nuisibles<\/p>\n<p class=\" wall-content\">Voici ce qui lui est reproch\u00e9\u2009:<\/p>\n<ul class=\" wall-content\">\n<li>D\u00e9faut d\u2019entretien et de maintenance des locaux et \u00e9quipements<\/li>\n<li>Conservation des denr\u00e9es dans des conditions inad\u00e9quates<\/li>\n<li>Pr\u00e9sence importante de nuisibles (blattes et souris)<\/li>\n<\/ul>\n<p>    <img   decoding=\"async\" loading=\"lazy\" src=\"https:\/\/www.europesays.com\/fr\/wp-content\/uploads\/2025\/06\/gtvnjh7xcaat9-p-960x640.jpeg\" alt=\"L'\u00e9tablissement Saveurs dom-tom dans le centre de Saint-\u00c9tienne a \u00e9t\u00e9 ferm\u00e9 par la pr\u00e9fecture de la Loire.\" width=\"960\" height=\"640\"\/><br \/>\n    L\u2019\u00e9tablissement Saveurs dom-tom dans le centre de Saint-\u00c9tienne a \u00e9t\u00e9 ferm\u00e9 par la pr\u00e9fecture de la Loire. (\u00a9Pr\u00e9fecture de la Loire)Vid\u00e9os : en ce moment sur Actu<\/p>\n<p class=\" wall-content\">\u00ab\u2009Face \u00e0 ces risques sanitaires av\u00e9r\u00e9s, le pr\u00e9fet de la Loire a prononc\u00e9 la fermeture administrative <strong>imm\u00e9diate<\/strong> de l\u2019\u00e9tablissement.\u2009\u00bb<\/p>\n<p>    <a href=\"https:\/\/www.google.com\/maps\/embed?pb=!3m2!1sfr!2sfr!4v1750057570020!5m2!1sfr!2sfr!6m8!1m7!1suloWgIkVdjKJ-Ehv5d5uPA!2m2!1d45.43530620094087!2d4.390014000263515!3f290.62061017573535!4f-0.519914068570543!5f0.7820865974627469\" title=\"Ouvrie le lien\" rel=\"nofollow noopener\" target=\"_blank\">Cliquez ici pour visualiser le contenu<\/a><\/p>\n<p class=\" wall-content\">\u00ab\u2009La s\u00e9curit\u00e9 des consommateurs ne se n\u00e9gocie pas. Les contr\u00f4les continuent dans tout le d\u00e9partement\u2009\u00bb, pr\u00e9viennent les services pr\u00e9fectoraux.<\/p>\n<p class=\" wall-content\">Suivez toute l\u2019actualit\u00e9 de vos villes et m\u00e9dias favoris en vous inscrivant \u00e0 <a href=\"https:\/\/moncompte.actu.fr\" title=\"D\u00e9couvez Mon Actu\" rel=\"nofollow noopener\" data-trk=\"{&quot;cta&quot;:{&quot;action&quot;:&quot;https:\\\/\\\/moncompte.actu.fr&quot;,&quot;category&quot;:&quot;mon compte&quot;,&quot;from&quot;:&quot;article footer&quot;,&quot;name&quot;:&quot;Mon actu&quot;,&quot;type&quot;:&quot;cta&quot;}}\" target=\"_blank\">Mon Actu<\/a>.<\/p>\n","protected":false},"excerpt":{"rendered":"Par Mathias Souteyrat Publi\u00e9 le 16 juin 2025 \u00e0 9h10 Animaux, insectes, locaux insalubres, d\u00e9fauts d\u2019hygi\u00e8ne\u2026 Le restaurant&hellip;\n","protected":false},"author":2,"featured_media":180288,"comment_status":"","ping_status":"","sticky":false,"template":"","format":"standard","meta":{"footnotes":""},"categories":[9653],"tags":[1111,11,1867,2430,1777,674,1011,27,12,25,1340,4001,71,104],"class_list":{"0":"post-180287","1":"post","2":"type-post","3":"status-publish","4":"format-standard","5":"has-post-thumbnail","7":"category-saint-etienne","8":"tag-actu","9":"tag-actualites","10":"tag-animaux","11":"tag-auvergne-rhone-alpes","12":"tag-eu","13":"tag-europe","14":"tag-fr","15":"tag-france","16":"tag-news","17":"tag-republique-francaise","18":"tag-restaurant","19":"tag-saint-etienne","20":"tag-sante","21":"tag-societe"},"share_on_mastodon":{"url":"https:\/\/pubeurope.com\/@fr\/114691894607461612","error":""},"_links":{"self":[{"href":"https:\/\/www.europesays.com\/fr\/wp-json\/wp\/v2\/posts\/180287","targetHints":{"allow":["GET"]}}],"collection":[{"href":"https:\/\/www.europesays.com\/fr\/wp-json\/wp\/v2\/posts"}],"about":[{"href":"https:\/\/www.europesays.com\/fr\/wp-json\/wp\/v2\/types\/post"}],"author":[{"embeddable":true,"href":"https:\/\/www.europesays.com\/fr\/wp-json\/wp\/v2\/users\/2"}],"replies":[{"embeddable":true,"href":"https:\/\/www.europesays.com\/fr\/wp-json\/wp\/v2\/comments?post=180287"}],"version-history":[{"count":0,"href":"https:\/\/www.europesays.com\/fr\/wp-json\/wp\/v2\/posts\/180287\/revisions"}],"wp:featuredmedia":[{"embeddable":true,"href":"https:\/\/www.europesays.com\/fr\/wp-json\/wp\/v2\/media\/180288"}],"wp:attachment":[{"href":"https:\/\/www.europesays.com\/fr\/wp-json\/wp\/v2\/media?parent=180287"}],"wp:term":[{"taxonomy":"category","embeddable":true,"href":"https:\/\/www.europesays.com\/fr\/wp-json\/wp\/v2\/categories?post=180287"},{"taxonomy":"post_tag","embeddable":true,"href":"https:\/\/www.europesays.com\/fr\/wp-json\/wp\/v2\/tags?post=180287"}],"curies":[{"name":"wp","href":"https:\/\/api.w.org\/{rel}","templated":true}]}}