{"id":18030,"date":"2025-04-11T19:05:23","date_gmt":"2025-04-11T19:05:23","guid":{"rendered":"https:\/\/www.europesays.com\/fr\/18030\/"},"modified":"2025-04-11T19:05:23","modified_gmt":"2025-04-11T19:05:23","slug":"les-toilettes-publiques-la-proprete-vivre-a-lille","status":"publish","type":"post","link":"https:\/\/www.europesays.com\/fr\/18030\/","title":{"rendered":"Les toilettes publiques \/ La propret\u00e9 \/ Vivre \u00e0 Lille"},"content":{"rendered":"<p>Dans une optique d\u2019hygi\u00e8ne publique et de d\u00e9veloppement de services \u00e0 la population, la Ville de Lille continue l&rsquo;implantation de nouvelles toilettes publiques \u00e0 travers la ville.<\/p>\n<p>            <img loading=\"lazy\" decoding=\"async\" src=\"\/var\/www\/storage\/images\/mediatheque\/mairie-de-lille\/actualites\/objets-multimedia\/galeries-d-images\/toilettes-publiques\/toilettes\/3179811-1-fre-FR\/toilettes_news_image_top.jpg\" width=\"779\" height=\"519\" alt=\"Toilettes publiques rue Solf\u00e9rino. Cr\u00e9dit : Daniel Rapaich.\"\/><br \/>\n    \tToilettes publiques rue Solf\u00e9rino. Cr\u00e9dit : Daniel Rapaich.<\/p>\n<p>Les objectifs de la VilleUne forte demande des Lillois<\/p>\n<p>Lors de la premi\u00e8re session du <a href=\"https:\/\/participez.lille.fr\/\" target=\"_self\" class=\"lien_interne\" rel=\"nofollow noopener\">budget participatif<\/a> en 2018, l\u2019un des projets\u00a0retenus par le jury pr\u00e9voyait la cr\u00e9ation de trois nouveaux sanitaires\u00a0suppl\u00e9mentaires sur le territoire. La Ville r\u00e9pond ainsi \u00e0 ces demandes en poursuivant le d\u00e9ploiement de toilettes publiques. Au printemps 2025, 15 toilettes publiques ont d\u00e9j\u00e0 \u00e9t\u00e9 install\u00e9es.<\/p>\n<p>Un enjeu social<\/p>\n<p>L&rsquo;installation de nouvelles toilettes r\u00e9pond \u00e9galement \u00e0 un enjeu social : celui de fournir des \u00e9quipements aux personnes en difficult\u00e9 et sans domicile fixe, en particulier les femmes (les plus impact\u00e9es par le manque de dispositifs en ville).<\/p>\n<p>Comment sont choisis les emplacements ?<\/p>\n<p>En 2021, chaque quartier lillois a \u00e9t\u00e9 sollicit\u00e9 sur les emplacements souhait\u00e9s pour l&rsquo;installation de nouveaux sanitaires publics<\/p>\n<p>Suite \u00e0 cette consultation, les propositions sont \u00e9t\u00e9 partag\u00e9es avec la direction de l&rsquo;am\u00e9nagement de l&rsquo;espace public, de nature en ville et de la propret\u00e9.<\/p>\n<p>Les derniers avis se concentrent sur la faisabilit\u00e9 technique et la pertinence de l&rsquo;installation \u00e0 un endroit donn\u00e9, en fonction de la fr\u00e9quentation du lieu.<\/p>\n<p>Le plan de d\u00e9ploiement de la Ville<\/p>\n<p>Depuis 2023,\u00a0la ville d\u00e9ploie r\u00e9guli\u00e8rement des blocs sanitaires sur son territoire\u00a0: des sanitaires classiques \u00e0 nettoyage automatique, mais \u00e9galement des\u00a0sanitaires \u00e0 lombricompost.<\/p>\n<p>L&rsquo;objectif de la Ville \u00e9tant d&rsquo;atteindre \u00e0 terme 23 toilettes publiques.<\/p>\n<p>15 toilettes d\u00e9j\u00e0 install\u00e9es7 toilettes classiques \u00e0 eau\u00a0<\/p>\n<p>Ces\u00a0\u00e9quipements appartiennent \u00e0 la ville de Lille, qui en assure\u00a0l\u2019entretien et la maintenance.<\/p>\n<p>Vous pouvez les retrouver :\u00a0<\/p>\n<ul class=\"listPuce\">\n<li>Place Rihour<\/li>\n<li>Parc JB Lebas<\/li>\n<li>Rue Mass\u00e9na<\/li>\n<li>Place du Concert<\/li>\n<li>Place de la Nouvelle Aventure<\/li>\n<li>Place Richeb\u00e9<\/li>\n<li>Place S\u00e9bastopol<\/li>\n<\/ul>\n<p>7 toilettes \u00e9cologiques<\/p>\n<p>Innovantes et autonomes, elles sont install\u00e9es sur des terrains enherb\u00e9s, elles fonctionnent gr\u00e2ce \u00e0 un tapis roulant, actionn\u00e9 m\u00e9caniquement par l\u2019utilisateur, qui envoie la mati\u00e8re s\u00e8che vers la fosse int\u00e9gr\u00e9e o\u00f9 les lombrics la transforment en compost. Un panneau solaire assure l\u2019alimentation \u00e9lectrique pour l\u2019\u00e9clairage int\u00e9rieur.\u00a0 Le fonctionnement de ces toilettes s\u00e8ches \u00e0 lombricompostage \u00e9vite une vidange fr\u00e9quente, l&rsquo;utilisation d&rsquo;eau ou le recours \u00e0 des branchements \u00e9lectriques.<\/p>\n<p>Ce sont des lombrics qui dig\u00e8rent les d\u00e9jections, transform\u00e9es en\u00a0compost.<\/p>\n<p>O\u00f9 trouver ces toilettes \u00e0 lombricompostage ?<\/p>\n<ul class=\"listPuce\">\n<li>Citadelle &#8211; Plaine F\u00e9lix Grimonprez\u00a0<\/li>\n<li>Plaine des vachers<\/li>\n<li>Parc des Buissonnets<\/li>\n<li>Place du m\u00e9tro Saint-Maurice<\/li>\n<li>Square d&rsquo;Armenti\u00e8res<\/li>\n<li>Citadelle &#8211; all\u00e9e Arlette Gruss \u00e0 l\u2019entr\u00e9e du zoo<\/li>\n<li>Rue Pierre Mauroy<\/li>\n<\/ul>\n<p>            <img src-full=\"\/var\/www\/storage\/images\/mediatheque\/mairie-de-lille\/actualites\/images\/2025\/mars-2025\/toilettes-publiques-rue-pierre-mauroy-cote-porte-de-paris\/3703743-1-fre-FR\/Toilettes-publiques-rue-Pierre-Mauroy-cote-Porte-de-Paris.jpg\" data-caption-full=\"Toilettes publiques rue Pierre Mauroy c\u00f4t\u00e9 Porte de Paris\" width=\"320\" height=\"213\" alt=\"Toilettes publiques rue Pierre Mauroy c\u00f4t\u00e9 Porte de Paris\" title=\"Toilettes publiques rue Pierre Mauroy c\u00f4t\u00e9 Porte de Paris\" class=\"align-\"\/>\n    <\/p>\n<p>Plan des toilettes publiques lilloises\t<\/p>\n<ul>\n<li style=\"background-image: url(\" data-galerie-slide=\"\">\n\t\t\t\t\t\t\t\t\t\t\tToilettes publiques rue Solf\u00e9rino. Cr\u00e9dit : Daniel Rapaich.<\/p>\n<\/li>\n<li style=\"background-image: url(\" data-galerie-slide=\"\">\n\t\t\t\t\t\t\t\t\t\t\tToilettes publiques rue Solf\u00e9rino. Cr\u00e9dit : Daniel Rapaich.<\/p>\n<\/li>\n<li style=\"background-image: url(\" data-galerie-slide=\"\">\n\t\t\t\t\t\t\t\t\t\t\tToilettes publiques \u00e0 Wazemmes. Cr\u00e9dit : Thomas Lo Presti.<\/p>\n<\/li>\n<li style=\"background-image: url(\" data-galerie-slide=\"\">\n\t\t\t\t\t\t\t\t\t\t\tToilettes \u00e9cologiques \u00e0 la Citadelle. Cr\u00e9dit : Daniel Rapaich.<\/p>\n<\/li>\n<\/ul>\n","protected":false},"excerpt":{"rendered":"Dans une optique d\u2019hygi\u00e8ne publique et de d\u00e9veloppement de services \u00e0 la population, la Ville de Lille continue&hellip;\n","protected":false},"author":2,"featured_media":18031,"comment_status":"","ping_status":"","sticky":false,"template":"","format":"standard","meta":{"footnotes":""},"categories":[2815],"tags":[1111,11,4763,1777,674,1011,27,811,1307,5415,12,25],"class_list":{"0":"post-18030","1":"post","2":"type-post","3":"status-publish","4":"format-standard","5":"has-post-thumbnail","7":"category-lille","8":"tag-actu","9":"tag-actualites","10":"tag-agenda","11":"tag-eu","12":"tag-europe","13":"tag-fr","14":"tag-france","15":"tag-hauts-de-france","16":"tag-lille","17":"tag-mairie","18":"tag-news","19":"tag-republique-francaise"},"share_on_mastodon":{"url":"https:\/\/pubeurope.com\/@fr\/114320895155614955","error":""},"_links":{"self":[{"href":"https:\/\/www.europesays.com\/fr\/wp-json\/wp\/v2\/posts\/18030","targetHints":{"allow":["GET"]}}],"collection":[{"href":"https:\/\/www.europesays.com\/fr\/wp-json\/wp\/v2\/posts"}],"about":[{"href":"https:\/\/www.europesays.com\/fr\/wp-json\/wp\/v2\/types\/post"}],"author":[{"embeddable":true,"href":"https:\/\/www.europesays.com\/fr\/wp-json\/wp\/v2\/users\/2"}],"replies":[{"embeddable":true,"href":"https:\/\/www.europesays.com\/fr\/wp-json\/wp\/v2\/comments?post=18030"}],"version-history":[{"count":0,"href":"https:\/\/www.europesays.com\/fr\/wp-json\/wp\/v2\/posts\/18030\/revisions"}],"wp:featuredmedia":[{"embeddable":true,"href":"https:\/\/www.europesays.com\/fr\/wp-json\/wp\/v2\/media\/18031"}],"wp:attachment":[{"href":"https:\/\/www.europesays.com\/fr\/wp-json\/wp\/v2\/media?parent=18030"}],"wp:term":[{"taxonomy":"category","embeddable":true,"href":"https:\/\/www.europesays.com\/fr\/wp-json\/wp\/v2\/categories?post=18030"},{"taxonomy":"post_tag","embeddable":true,"href":"https:\/\/www.europesays.com\/fr\/wp-json\/wp\/v2\/tags?post=18030"}],"curies":[{"name":"wp","href":"https:\/\/api.w.org\/{rel}","templated":true}]}}