{"id":180301,"date":"2025-06-16T07:42:13","date_gmt":"2025-06-16T07:42:13","guid":{"rendered":"https:\/\/www.europesays.com\/fr\/180301\/"},"modified":"2025-06-16T07:42:13","modified_gmt":"2025-06-16T07:42:13","slug":"le-hangar-de-stockage-dune-entreprise-de-btp-de-600-m%c2%b2-a-pris-feu-pres-de-rouen","status":"publish","type":"post","link":"https:\/\/www.europesays.com\/fr\/180301\/","title":{"rendered":"le hangar de stockage d&rsquo;une entreprise de BTP de 600 m\u00b2 a pris feu pr\u00e8s de Rouen"},"content":{"rendered":"<p>            Par<br \/>\n        <strong><br \/>\n            <a href=\"https:\/\/actu.fr\/auteur\/louise-boutard\" title=\"Consulter tous les articles de Louise Boutard\" rel=\"nofollow noopener\" target=\"_blank\">Louise Boutard<\/a><br \/>\n        <\/strong><\/p>\n<p>        Publi\u00e9 le<\/p>\n<p>            16 juin 2025 \u00e0 6h27        <\/p>\n<p>Il n\u2019y a pas eu de victime. Un feu s\u2019est d\u00e9clar\u00e9 dimanche 15\u00a0juin 2025 \u00e0 <a href=\"https:\/\/actu.fr\/normandie\/mesnil-raoul_76434\" rel=\"nofollow noopener\" target=\"_blank\">Mesnil-Raoul<\/a>, pr\u00e8s de Rouen dans un b\u00e2timent de 600 m\u00b2. Le hangar servait de stockage \u00e0 une entreprise de BTP et contenait donc de nombreux composants vari\u00e9s.<\/p>\n<p>Circulation coup\u00e9e<\/p>\n<p class=\" wall-content\">Les secours ont \u00e9t\u00e9 appel\u00e9s vers 17\u2009h\u200930 pour intervenir sur cet incendie d\u00e9clar\u00e9 rue de la Lande, sur la D13, \u00e0 Mesnil-Raoul. Les 24 sapeurs-pompiers sur place ont d\u00e9ploy\u00e9 sept engins, deux lances \u00e0 incendie dont une sur moyens a\u00e9riens. La circulation a \u00e9t\u00e9 coup\u00e9e une partie de la soir\u00e9e sur la route d\u00e9partementale.<\/p>\n<p class=\" wall-content\">Le b\u00e2timent de stockage contenait des mat\u00e9riels divers, des engins de travaux, une cuve \u00e0 fuel ou encore une bouteille d\u2019ac\u00e9tyl\u00e8ne\u2026<\/p>\n<p class=\" wall-content\">Vers 20\u2009h, l\u2019ensemble des points chauds \u00e9taient \u00e9teints. L\u2019intervention s\u2019est termin\u00e9e vers 22\u00a0heures, avec une surveillance prolong\u00e9e via un engin de pompe. Aucune victime n\u2019a \u00e9t\u00e9 bless\u00e9e. Les secours pr\u00e9cisent qu\u2019il n\u2019y a pas de ch\u00f4mage technique \u00e0 pr\u00e9voir.<\/p>\n<p class=\" wall-content\">Suivez l\u2019actualit\u00e9 de Rouen sur<a href=\"https:\/\/www.whatsapp.com\/channel\/0029VaKfnf99hXF2ddApFB1D\" rel=\"nofollow noopener\" target=\"_blank\"> notre cha\u00eene WhatsApp<\/a> et sur <a href=\"https:\/\/www.tiktok.com\/@76actu.fr?lang=fr\" rel=\"nofollow noopener\" target=\"_blank\">notre compte TikTok<\/a><\/p>\n<p>Vid\u00e9os : en ce moment sur Actu<\/p>\n<p class=\" wall-content\">Suivez toute l\u2019actualit\u00e9 de vos villes et m\u00e9dias favoris en vous inscrivant \u00e0 <a href=\"https:\/\/moncompte.actu.fr\" title=\"D\u00e9couvez Mon Actu\" rel=\"nofollow noopener\" data-trk=\"{&quot;cta&quot;:{&quot;action&quot;:&quot;https:\\\/\\\/moncompte.actu.fr&quot;,&quot;category&quot;:&quot;mon compte&quot;,&quot;from&quot;:&quot;article footer&quot;,&quot;name&quot;:&quot;Mon actu&quot;,&quot;type&quot;:&quot;cta&quot;}}\" target=\"_blank\">Mon Actu<\/a>.<\/p>\n<p>                    <script async src=\"\/\/www.tiktok.com\/embed.js\"><\/script><\/p>\n","protected":false},"excerpt":{"rendered":"Par Louise Boutard Publi\u00e9 le 16 juin 2025 \u00e0 6h27 Il n\u2019y a pas eu de victime. Un&hellip;\n","protected":false},"author":2,"featured_media":180302,"comment_status":"","ping_status":"","sticky":false,"template":"","format":"standard","meta":{"footnotes":""},"categories":[9587],"tags":[1111,11,1771,1777,674,118,1011,27,1310,12,5161,1311,25,9590],"class_list":{"0":"post-180301","1":"post","2":"type-post","3":"status-publish","4":"format-standard","5":"has-post-thumbnail","7":"category-rouen","8":"tag-actu","9":"tag-actualites","10":"tag-btp","11":"tag-eu","12":"tag-europe","13":"tag-faits-divers","14":"tag-fr","15":"tag-france","16":"tag-incendie","17":"tag-news","18":"tag-normandie","19":"tag-pompiers","20":"tag-republique-francaise","21":"tag-rouen"},"share_on_mastodon":{"url":"https:\/\/pubeurope.com\/@fr\/114691921916739865","error":""},"_links":{"self":[{"href":"https:\/\/www.europesays.com\/fr\/wp-json\/wp\/v2\/posts\/180301","targetHints":{"allow":["GET"]}}],"collection":[{"href":"https:\/\/www.europesays.com\/fr\/wp-json\/wp\/v2\/posts"}],"about":[{"href":"https:\/\/www.europesays.com\/fr\/wp-json\/wp\/v2\/types\/post"}],"author":[{"embeddable":true,"href":"https:\/\/www.europesays.com\/fr\/wp-json\/wp\/v2\/users\/2"}],"replies":[{"embeddable":true,"href":"https:\/\/www.europesays.com\/fr\/wp-json\/wp\/v2\/comments?post=180301"}],"version-history":[{"count":0,"href":"https:\/\/www.europesays.com\/fr\/wp-json\/wp\/v2\/posts\/180301\/revisions"}],"wp:featuredmedia":[{"embeddable":true,"href":"https:\/\/www.europesays.com\/fr\/wp-json\/wp\/v2\/media\/180302"}],"wp:attachment":[{"href":"https:\/\/www.europesays.com\/fr\/wp-json\/wp\/v2\/media?parent=180301"}],"wp:term":[{"taxonomy":"category","embeddable":true,"href":"https:\/\/www.europesays.com\/fr\/wp-json\/wp\/v2\/categories?post=180301"},{"taxonomy":"post_tag","embeddable":true,"href":"https:\/\/www.europesays.com\/fr\/wp-json\/wp\/v2\/tags?post=180301"}],"curies":[{"name":"wp","href":"https:\/\/api.w.org\/{rel}","templated":true}]}}