{"id":180305,"date":"2025-06-16T07:44:11","date_gmt":"2025-06-16T07:44:11","guid":{"rendered":"https:\/\/www.europesays.com\/fr\/180305\/"},"modified":"2025-06-16T07:44:11","modified_gmt":"2025-06-16T07:44:11","slug":"la-fabrication-de-planeurs-ls-francais-pourrait-etre-relancee-a-aspres-sur-buech","status":"publish","type":"post","link":"https:\/\/www.europesays.com\/fr\/180305\/","title":{"rendered":"La fabrication de planeurs LS fran\u00e7ais pourrait \u00eatre relanc\u00e9e \u00e0 Aspres sur Bu\u00ebch"},"content":{"rendered":"<p itemprop=\"description\"><strong>\u00c9CONOMIE \/ Il s\u2019agira du seul site en France gr\u00e2ce \u00e0 la soci\u00e9t\u00e9 A\u00e9roTechnics dont la premi\u00e8re pierre d&rsquo;un atelier a \u00e9t\u00e9 pos\u00e9e la semaine derni\u00e8re<\/strong><\/p>\n<p>\u00a0<\/p>\n<p><strong>-Hautes-Alpes-\u00a0<\/strong><\/p>\n<p style=\"text-align: justify;\">Il va falloir lever les yeux au ciel \u00e0 Aspres-sur-Bu\u00ebch. La premi\u00e8re pierre du futur site industriel de la soci\u00e9t\u00e9 A\u00e9roTechnics a \u00e9t\u00e9 pos\u00e9e en fin de semaine derni\u00e8re sur l\u2019a\u00e9rodrome du Chevalet.<\/p>\n<p style=\"text-align: justify;\">Implant\u00e9e sur l\u2019a\u00e9rodrome de Grenoble Le Versoud, l\u2019entreprise sp\u00e9cialis\u00e9e dans la maintenance sur planeurs et avions \u00e0 structure composite, a choisi de se d\u00e9velopper dans les Hautes-Alpes.<\/p>\n<p><img loading=\"lazy\" decoding=\"async\" style=\"display: block; margin-left: auto; margin-right: auto;\" src=\"https:\/\/www.europesays.com\/fr\/wp-content\/uploads\/2025\/06\/img-20250612-113818-42058.jpg\" alt=\"\" width=\"450\" height=\"338\"\/><\/p>\n<p style=\"text-align: justify;\">Un b\u00e2timent de 1650 m\u00b2 va sortir de terre d\u2019ici la fin de l\u2019ann\u00e9e sur l\u2019a\u00e9rodrome d\u2019Aspres sur Bu\u00ebch. Un lieu o\u00f9 il est possible de voler 300 jours par an.<\/p>\n<p style=\"text-align: justify;\">Entre 30 et 50 emplois pourraient \u00eatre cr\u00e9\u00e9s d\u2019ici 2030. Un investissement de plus d\u2019un million d\u2019euros pour la soci\u00e9t\u00e9. Des subventions devraient \u00eatre apport\u00e9es par la R\u00e9gion et le D\u00e9partement.<\/p>\n<p style=\"text-align: justify;\">L\u2019objectif est de cr\u00e9er un Centre de Maintenance mais aussi de relancer la fabrication de planeurs LS en France explique Fabien Lienhard, g\u00e9rant de la soci\u00e9t\u00e9 A\u00e9roTechnics.<\/p>\n<p style=\"text-align: justify;\">\u00a0<\/p>\n<blockquote><p>&#13;<\/p>\n<p style=\"text-align: justify;\">\u00ab On esp\u00e8re arriver \u00e0 les reproduire d\u2019ici 3 \u00e0 5 ans en fonction des contraintes li\u00e9es \u00e0 l\u2019administratif. Nous serons donc le seul constructeur de planeurs fran\u00e7ais \u00bb<\/p>\n<p>&#13;\n<\/p><\/blockquote>\n<p style=\"text-align: justify;\">\u00a0<\/p>\n<p style=\"text-align: right;\">\u00a0<\/p>\n","protected":false},"excerpt":{"rendered":"\u00c9CONOMIE \/ Il s\u2019agira du seul site en France gr\u00e2ce \u00e0 la soci\u00e9t\u00e9 A\u00e9roTechnics dont la premi\u00e8re pierre&hellip;\n","protected":false},"author":2,"featured_media":180306,"comment_status":"","ping_status":"","sticky":false,"template":"","format":"standard","meta":{"footnotes":""},"categories":[9566],"tags":[1111,11,7733,8279,2430,7736,650,7734,2889,2263,1777,674,1011,27,1085,2731,8280,6417,1114,4662,12,3725,1825,25,7053,7737],"class_list":{"0":"post-180305","1":"post","2":"type-post","3":"status-publish","4":"format-standard","5":"has-post-thumbnail","7":"category-grenoble","8":"tag-actu","9":"tag-actualites","10":"tag-alpes","11":"tag-alpes1","12":"tag-auvergne-rhone-alpes","13":"tag-cds","14":"tag-cinema","15":"tag-ecoute","16":"tag-emission","17":"tag-equipe","18":"tag-eu","19":"tag-europe","20":"tag-fr","21":"tag-france","22":"tag-gap","23":"tag-grenoble","24":"tag-haute","25":"tag-information","26":"tag-infos","27":"tag-journal","28":"tag-news","29":"tag-podcast","30":"tag-radio","31":"tag-republique-francaise","32":"tag-sud","33":"tag-winamp"},"share_on_mastodon":{"url":"https:\/\/pubeurope.com\/@fr\/114691929831202200","error":""},"_links":{"self":[{"href":"https:\/\/www.europesays.com\/fr\/wp-json\/wp\/v2\/posts\/180305","targetHints":{"allow":["GET"]}}],"collection":[{"href":"https:\/\/www.europesays.com\/fr\/wp-json\/wp\/v2\/posts"}],"about":[{"href":"https:\/\/www.europesays.com\/fr\/wp-json\/wp\/v2\/types\/post"}],"author":[{"embeddable":true,"href":"https:\/\/www.europesays.com\/fr\/wp-json\/wp\/v2\/users\/2"}],"replies":[{"embeddable":true,"href":"https:\/\/www.europesays.com\/fr\/wp-json\/wp\/v2\/comments?post=180305"}],"version-history":[{"count":0,"href":"https:\/\/www.europesays.com\/fr\/wp-json\/wp\/v2\/posts\/180305\/revisions"}],"wp:featuredmedia":[{"embeddable":true,"href":"https:\/\/www.europesays.com\/fr\/wp-json\/wp\/v2\/media\/180306"}],"wp:attachment":[{"href":"https:\/\/www.europesays.com\/fr\/wp-json\/wp\/v2\/media?parent=180305"}],"wp:term":[{"taxonomy":"category","embeddable":true,"href":"https:\/\/www.europesays.com\/fr\/wp-json\/wp\/v2\/categories?post=180305"},{"taxonomy":"post_tag","embeddable":true,"href":"https:\/\/www.europesays.com\/fr\/wp-json\/wp\/v2\/tags?post=180305"}],"curies":[{"name":"wp","href":"https:\/\/api.w.org\/{rel}","templated":true}]}}