{"id":180307,"date":"2025-06-16T07:45:14","date_gmt":"2025-06-16T07:45:14","guid":{"rendered":"https:\/\/www.europesays.com\/fr\/180307\/"},"modified":"2025-06-16T07:45:14","modified_gmt":"2025-06-16T07:45:14","slug":"metropole-de-grenoble-deux-accidents-sur-la48-et-la-rocade-sud-provoquent-dimportants-embouteillages","status":"publish","type":"post","link":"https:\/\/www.europesays.com\/fr\/180307\/","title":{"rendered":"M\u00e9tropole de Grenoble. Deux accidents sur l&rsquo;A48 et la Rocade Sud provoquent d&rsquo;importants embouteillages"},"content":{"rendered":"<p>L&rsquo;acc\u00e8s \u00e0 Grenoble et son agglom\u00e9ration est rendu particuli\u00e8rement difficile, ce lundi matin, en raison de deux accidents qui provoquent des kilom\u00e8tres de bouchons.<\/p>\n<p>Le premier s&rsquo;est produit vers 7h45 sur l&rsquo;autoroute A48, dans le sens Lyon-Grenoble, \u00e0 la hauteur de l&rsquo;\u00e9changeur de Saint-\u00c9gr\u00e8ve.<\/p>\n<p>Ce contenu est bloqu\u00e9 car vous n&rsquo;avez pas accept\u00e9 les cookies et autres traceurs.<\/p>\n<p>En cliquant sur \u00ab J\u2019accepte \u00bb, les cookies et autres traceurs seront d\u00e9pos\u00e9s et vous pourrez visualiser les contenus  (<a href=\"\" class=\"consentModule_policy\" target=\"_blank\" title=\"Consulter la politique de protection des donn\u00e9es du fournisseur\">plus d&rsquo;informations<\/a>).<\/p>\n<p>En cliquant sur \u00ab J\u2019accepte tous les cookies \u00bb, vous autorisez des d\u00e9p\u00f4ts de cookies et autres traceurs pour le stockage de vos donn\u00e9es sur nos sites et applications \u00e0 des fins de personnalisation et de ciblage publicitaire.<\/p>\n<p class=\"consentModule_secondaryText\">Vous gardez la possibilit\u00e9 de retirer votre consentement \u00e0 tout moment en consultant notre <a href=\"https:\/\/www.ledauphine.com\/protection-des-donnees\" target=\"_blank\" title=\"Consulter notre politique de protection des donn\u00e9es\" rel=\"noopener\">politique de protection des donn\u00e9es<\/a>. <br \/>&#13;<br \/>\n            <a href=\"https:\/\/www.ledauphine.com\/faits-divers-justice\/2025\/06\/16\/javascript:Didomi.notice.show()\" class=\"consentModule_cmp\" target=\"_blank\" rel=\"noopener\">G\u00e9rer mes choix<\/a>&#13;\n        <\/p>\n<p>&#13;<br \/>\n                        J&rsquo;accepte&#13;<br \/>\n            J&rsquo;accepte tous les cookies&#13;\n        <\/p>\n<p>Quatre v\u00e9hicules, parmi lesquels trois utilitaires, seraient entr\u00e9s en collision, dans des circonstances que l&rsquo;on ignore. Un bless\u00e9, au moins, est actuellement secouru par les sapeurs-pompiers.<\/p>\n<p>Le trafic quasi paralys\u00e9<\/p>\n<p>Le trafic est quasi paralys\u00e9 jusqu&rsquo;au-del\u00e0 du p\u00e9age de Voreppe.<\/p>\n<p>Le second accident a eu lieu un peu plus tard sur la Rocade Sud, la RN 87, dans la tranch\u00e9e couverte de l&rsquo;\u00e9changeur du Rondeau en direction de Lyon et Sisteron.<\/p>\n<p>On ignore combien de v\u00e9hicules sont impliqu\u00e9s mais aucun bless\u00e9 n&rsquo;est \u00e0 d\u00e9plorer. L\u00e0 encore, on constate des kilom\u00e8tres d&#8217;embouteillages.<\/p>\n","protected":false},"excerpt":{"rendered":"L&rsquo;acc\u00e8s \u00e0 Grenoble et son agglom\u00e9ration est rendu particuli\u00e8rement difficile, ce lundi matin, en raison de deux accidents&hellip;\n","protected":false},"author":2,"featured_media":180308,"comment_status":"","ping_status":"","sticky":false,"template":"","format":"standard","meta":{"footnotes":""},"categories":[9566],"tags":[119,1111,11,2430,112,114,1777,674,274,107,1011,27,2731,2732,108,12,25,275,276,19641,769],"class_list":{"0":"post-180307","1":"post","2":"type-post","3":"status-publish","4":"format-standard","5":"has-post-thumbnail","7":"category-grenoble","8":"tag-accident","9":"tag-actu","10":"tag-actualites","11":"tag-auvergne-rhone-alpes","12":"tag-edition-grenoble-agglomeration","13":"tag-edition-voiron-saint-marcellin","14":"tag-eu","15":"tag-europe","16":"tag-faits-divers-justice","17":"tag-fil-info","18":"tag-fr","19":"tag-france","20":"tag-grenoble","21":"tag-grenoble-bassin","22":"tag-isere","23":"tag-news","24":"tag-republique-francaise","25":"tag-saint-egreve","26":"tag-saint-egreve-et-autour","27":"tag-voreppe","28":"tag-voreppe-et-autour"},"share_on_mastodon":{"url":"https:\/\/pubeurope.com\/@fr\/114691933725882173","error":""},"_links":{"self":[{"href":"https:\/\/www.europesays.com\/fr\/wp-json\/wp\/v2\/posts\/180307","targetHints":{"allow":["GET"]}}],"collection":[{"href":"https:\/\/www.europesays.com\/fr\/wp-json\/wp\/v2\/posts"}],"about":[{"href":"https:\/\/www.europesays.com\/fr\/wp-json\/wp\/v2\/types\/post"}],"author":[{"embeddable":true,"href":"https:\/\/www.europesays.com\/fr\/wp-json\/wp\/v2\/users\/2"}],"replies":[{"embeddable":true,"href":"https:\/\/www.europesays.com\/fr\/wp-json\/wp\/v2\/comments?post=180307"}],"version-history":[{"count":0,"href":"https:\/\/www.europesays.com\/fr\/wp-json\/wp\/v2\/posts\/180307\/revisions"}],"wp:featuredmedia":[{"embeddable":true,"href":"https:\/\/www.europesays.com\/fr\/wp-json\/wp\/v2\/media\/180308"}],"wp:attachment":[{"href":"https:\/\/www.europesays.com\/fr\/wp-json\/wp\/v2\/media?parent=180307"}],"wp:term":[{"taxonomy":"category","embeddable":true,"href":"https:\/\/www.europesays.com\/fr\/wp-json\/wp\/v2\/categories?post=180307"},{"taxonomy":"post_tag","embeddable":true,"href":"https:\/\/www.europesays.com\/fr\/wp-json\/wp\/v2\/tags?post=180307"}],"curies":[{"name":"wp","href":"https:\/\/api.w.org\/{rel}","templated":true}]}}