{"id":180309,"date":"2025-06-16T07:46:09","date_gmt":"2025-06-16T07:46:09","guid":{"rendered":"https:\/\/www.europesays.com\/fr\/180309\/"},"modified":"2025-06-16T07:46:09","modified_gmt":"2025-06-16T07:46:09","slug":"cesstival-dix-jours-de-fete-de-culture-et-de-sport-a-cesson-sevigne","status":"publish","type":"post","link":"https:\/\/www.europesays.com\/fr\/180309\/","title":{"rendered":"Cess\u2019tival\u00a0: dix jours de f\u00eate, de culture et de sport \u00e0 Cesson-S\u00e9vign\u00e9"},"content":{"rendered":"<p>Le Cess\u2019tival d\u00e9bute mercredi \u00e0 <a href=\"https:\/\/rennes.maville.com\/bretagne\/ille-et-vilaine\/cesson-sevigne\/\" target=\"_blank\" rel=\"noopener\">Cesson-S\u00e9vign\u00e9<\/a> (Ille-et-Vilaine). Le festival qui m\u00eale concerts, spectacles, cin\u00e9ma, sport, et jeux dix jours s\u2019\u00e9talera sur dix jours.<\/p>\n<p>Cirque et musique en ouverture<\/p>\n<p>Le festival d\u00e9butera mercredi 18\u00a0juin 2025 avec une soir\u00e9e d\u2019ouverture \u00a0haute en couleur\u00a0 dans le parc du Pont des arts. Deux spectacles gratuits y seront propos\u00e9s\u00a0: La Grande balan\u00e7oire, &#8230;<\/p>\n<p>\u00a0<\/p>\n","protected":false},"excerpt":{"rendered":"Le Cess\u2019tival d\u00e9bute mercredi \u00e0 Cesson-S\u00e9vign\u00e9 (Ille-et-Vilaine). Le festival qui m\u00eale concerts, spectacles, cin\u00e9ma, sport, et jeux dix&hellip;\n","protected":false},"author":2,"featured_media":180310,"comment_status":"","ping_status":"","sticky":false,"template":"","format":"standard","meta":{"footnotes":""},"categories":[2821],"tags":[1111,11,829,31764,4099,251,1777,674,4768,1011,27,7285,12,3086,584,25,517,31765],"class_list":{"0":"post-180309","1":"post","2":"type-post","3":"status-publish","4":"format-standard","5":"has-post-thumbnail","7":"category-rennes","8":"tag-actu","9":"tag-actualites","10":"tag-bretagne","11":"tag-cess","12":"tag-cesson-sevigne","13":"tag-culture","14":"tag-eu","15":"tag-europe","16":"tag-fete","17":"tag-fr","18":"tag-france","19":"tag-jours","20":"tag-news","21":"tag-redon","22":"tag-rennes","23":"tag-republique-francaise","24":"tag-sport","25":"tag-tival"},"share_on_mastodon":{"url":"https:\/\/pubeurope.com\/@fr\/114691937617883042","error":""},"_links":{"self":[{"href":"https:\/\/www.europesays.com\/fr\/wp-json\/wp\/v2\/posts\/180309","targetHints":{"allow":["GET"]}}],"collection":[{"href":"https:\/\/www.europesays.com\/fr\/wp-json\/wp\/v2\/posts"}],"about":[{"href":"https:\/\/www.europesays.com\/fr\/wp-json\/wp\/v2\/types\/post"}],"author":[{"embeddable":true,"href":"https:\/\/www.europesays.com\/fr\/wp-json\/wp\/v2\/users\/2"}],"replies":[{"embeddable":true,"href":"https:\/\/www.europesays.com\/fr\/wp-json\/wp\/v2\/comments?post=180309"}],"version-history":[{"count":0,"href":"https:\/\/www.europesays.com\/fr\/wp-json\/wp\/v2\/posts\/180309\/revisions"}],"wp:featuredmedia":[{"embeddable":true,"href":"https:\/\/www.europesays.com\/fr\/wp-json\/wp\/v2\/media\/180310"}],"wp:attachment":[{"href":"https:\/\/www.europesays.com\/fr\/wp-json\/wp\/v2\/media?parent=180309"}],"wp:term":[{"taxonomy":"category","embeddable":true,"href":"https:\/\/www.europesays.com\/fr\/wp-json\/wp\/v2\/categories?post=180309"},{"taxonomy":"post_tag","embeddable":true,"href":"https:\/\/www.europesays.com\/fr\/wp-json\/wp\/v2\/tags?post=180309"}],"curies":[{"name":"wp","href":"https:\/\/api.w.org\/{rel}","templated":true}]}}