{"id":180313,"date":"2025-06-16T07:48:12","date_gmt":"2025-06-16T07:48:12","guid":{"rendered":"https:\/\/www.europesays.com\/fr\/180313\/"},"modified":"2025-06-16T07:48:12","modified_gmt":"2025-06-16T07:48:12","slug":"strasbourg-lionel-grob-prepare-le-festival-davignon-a-la-choucrouterie-2","status":"publish","type":"post","link":"https:\/\/www.europesays.com\/fr\/180313\/","title":{"rendered":"Strasbourg. Lionel Grob pr\u00e9pare le festival d\u2019Avignon \u00e0 la Choucrouterie"},"content":{"rendered":"<p>Adepte du stand-up musical, Lionel Grob se produira cet \u00e9t\u00e9 au Festival d\u2019Avignon. Pour pr\u00e9parer cette \u00e9ch\u00e9ance, le chansonnier alsacien occupe deux soirs de suite la sc\u00e8ne de la Choucrouterie. Ce sera l\u2019occasion pour lui de pr\u00e9senter son nouvel album, Bourdon.\u00a0Avec des textes qui croquent, des m\u00e9lodies qui claquent et une furieuse volont\u00e9 de tordre le cou \u00e0 la sinistrose ambiante.<\/p>\n<p>Actif dans la chanson depuis plus de dix ans, Lionel Grob signe l\u00e0 son 4 e album apr\u00e8s avoir s\u00e9vi aupr\u00e8s du jeune public ( Bougrr\u00a0! Voleurs de chansons,  disque sorti en 2024) et assurer aussi quelques belles premi\u00e8res parties, notamment d\u2019Oldelaf et de Thomas Fersen.<\/p>\n<p class=\"note\">Th\u00e9\u00e2tre de la Choucrouterie, 20 rue Saint-Louis \u00e0 Strasbourg, jeudi\u00a019 et vendredi 20\u00a0juin \u00e0 20\u00a0h\u00a030. Tarifs\u00a0: 8\u00a0\u20ac.<\/p>\n","protected":false},"excerpt":{"rendered":"Adepte du stand-up musical, Lionel Grob se produira cet \u00e9t\u00e9 au Festival d\u2019Avignon. Pour pr\u00e9parer cette \u00e9ch\u00e9ance, le&hellip;\n","protected":false},"author":2,"featured_media":180057,"comment_status":"","ping_status":"","sticky":false,"template":"","format":"standard","meta":{"footnotes":""},"categories":[2820],"tags":[1111,11,2389,1687,1777,674,107,1011,27,775,873,12,25,640],"class_list":{"0":"post-180313","1":"post","2":"type-post","3":"status-publish","4":"format-standard","5":"has-post-thumbnail","7":"category-strasbourg","8":"tag-actu","9":"tag-actualites","10":"tag-alsace","11":"tag-culture-loisirs","12":"tag-eu","13":"tag-europe","14":"tag-fil-info","15":"tag-fr","16":"tag-france","17":"tag-grand-est","18":"tag-musique","19":"tag-news","20":"tag-republique-francaise","21":"tag-strasbourg"},"share_on_mastodon":{"url":"https:\/\/pubeurope.com\/@fr\/114691945473222047","error":""},"_links":{"self":[{"href":"https:\/\/www.europesays.com\/fr\/wp-json\/wp\/v2\/posts\/180313","targetHints":{"allow":["GET"]}}],"collection":[{"href":"https:\/\/www.europesays.com\/fr\/wp-json\/wp\/v2\/posts"}],"about":[{"href":"https:\/\/www.europesays.com\/fr\/wp-json\/wp\/v2\/types\/post"}],"author":[{"embeddable":true,"href":"https:\/\/www.europesays.com\/fr\/wp-json\/wp\/v2\/users\/2"}],"replies":[{"embeddable":true,"href":"https:\/\/www.europesays.com\/fr\/wp-json\/wp\/v2\/comments?post=180313"}],"version-history":[{"count":0,"href":"https:\/\/www.europesays.com\/fr\/wp-json\/wp\/v2\/posts\/180313\/revisions"}],"wp:featuredmedia":[{"embeddable":true,"href":"https:\/\/www.europesays.com\/fr\/wp-json\/wp\/v2\/media\/180057"}],"wp:attachment":[{"href":"https:\/\/www.europesays.com\/fr\/wp-json\/wp\/v2\/media?parent=180313"}],"wp:term":[{"taxonomy":"category","embeddable":true,"href":"https:\/\/www.europesays.com\/fr\/wp-json\/wp\/v2\/categories?post=180313"},{"taxonomy":"post_tag","embeddable":true,"href":"https:\/\/www.europesays.com\/fr\/wp-json\/wp\/v2\/tags?post=180313"}],"curies":[{"name":"wp","href":"https:\/\/api.w.org\/{rel}","templated":true}]}}