{"id":180323,"date":"2025-06-16T07:54:15","date_gmt":"2025-06-16T07:54:15","guid":{"rendered":"https:\/\/www.europesays.com\/fr\/180323\/"},"modified":"2025-06-16T07:54:15","modified_gmt":"2025-06-16T07:54:15","slug":"ou-profiter-a-bordeaux-de-ledition-2025","status":"publish","type":"post","link":"https:\/\/www.europesays.com\/fr\/180323\/","title":{"rendered":"o\u00f9 profiter \u00e0 Bordeaux de l&rsquo;\u00e9dition 2025\u00a0?"},"content":{"rendered":"<p>            Par<br \/>\n        <strong><br \/>\n            <a href=\"https:\/\/actu.fr\/auteur\/juliette-cardinale\" title=\"Consulter tous les articles de Juliette Cardinale\" rel=\"nofollow noopener\" target=\"_blank\">Juliette Cardinale<\/a><br \/>\n        <\/strong><\/p>\n<p>        Publi\u00e9 le<\/p>\n<p>            16 juin 2025 \u00e0 6h32        <\/p>\n<p>C\u2019est le <strong>rendez-vous musical appr\u00e9ci\u00e9 et accessible<\/strong> \u00e0 tous. La F\u00eate de la musique permet \u00e0 chacun de trouver un concert \u00e0 son go\u00fbt \u00e0 travers les rues <a href=\"https:\/\/actu.fr\/bordeaux\/\" rel=\"nofollow noopener\" target=\"_blank\">de Bordeaux.<\/a> L\u2019occasion de se promener le long des quais, d\u2019aller de place en place et de d\u00e9couvrir de nouveaux artistes. Petite s\u00e9lection pour guider vos pas ce samedi 21\u00a0juin 2025.<\/p>\n<p>Le long des quais, avec des d\u00e9gustations<\/p>\n<p class=\" wall-content\">Heureux hasard du calendrier, cette ann\u00e9e <a href=\"https:\/\/www.bordeaux-fete-le-vin.com\/\" rel=\"nofollow noopener\" target=\"_blank\">Bordeaux f\u00eate le vin<\/a> s\u2019installe du 19 au 22\u00a0juin. L\u2019acc\u00e8s est gratuit, et on peut <strong>prendre un pass<\/strong> pour combiner la f\u00eate d\u00e9di\u00e9e \u00e0 la d\u00e9gustation de vins locaux \u00e0 celle de la musique.<\/p>\n<p class=\" wall-content\">De 18h30 \u00e0 23h, <strong>deux sc\u00e8nes seront install\u00e9es<\/strong> dans l\u2019enceinte du festival du vin\u2009: la sc\u00e8ne platanes accueillera Eric Borres, la sc\u00e8ne prairie le DJ set de MRL (apr\u00e8s le Blind test g\u00e9ant <a href=\"https:\/\/actu.fr\/nouvelle-aquitaine\/bordeaux_33063\/philippe-maurice-le-monsieur-loyal-de-bordeaux-organise-des-blind-tests-et-des-lotos-dejantees_59920999.html\" rel=\"nofollow noopener\" target=\"_blank\">de Philippe Maurice)<\/a>. Et on n\u2019oublie pas le spectacle de drones \u00e0 23h.<\/p>\n<p>Place de la R\u00e9publique avec Magnitude 7 &amp; Friends<\/p>\n<p class=\" wall-content\">\u00c0\u00a0partir de 19h, place aux DJ sets, live, MC et s\u00e9lections en tout genre par Magnitude 7 &amp; friends. \u00ab\u2009Pour cette occasion on a mis les bouch\u00e9es doubles\u2009: une <strong>sc\u00e9nographie immersive,<\/strong> le stand Shapatea Express et son espace chill-out pour d\u00e9guster toute une gamme de th\u00e9s ainsi qu\u2019un espace bar \u00e0 prix doux\u2009\u00bb, explique le collectif.<\/p>\n<p class=\" wall-content\">Au programme\u2009: downtempo, <strong>techno, dub,<\/strong> break, house, reggae et roots. Les artistes Uzly Hi-Fi &amp; MC Gump, The Old Ladies, Django Elyjah Campbell, Josu\u00e9 et King Zois, HS99, piaconcept, Flouf et L\u00fcma-G sont attendus.<\/p>\n<p>Au Parc bordelais avec l\u2019Orangeade<\/p>\n<p class=\" wall-content\">Comme l\u2019an dernier, <strong>le Parc bordelais accueille trois sc\u00e8nes<\/strong> pour encore plus de musique. C\u2019est l\u2019Orangeade qui est aux manettes et invite douze artistes pour l\u2019occasion. Des food trucks seront install\u00e9s.<\/p>\n<p class=\" wall-content\">La premi\u00e8re sc\u00e8ne sera d\u00e9di\u00e9e \u00e0 <strong>des \u00ab\u2009rythmes solaires<\/strong> et break dansant\u2009\u00bb avec Isador\u00e9e, Peau d\u2019Orange, Romy White. La deuxi\u00e8me sera \u00ab\u2009groovy \u00e0 souhait et house polyvalente\u2009\u00bb, avec Amplitudes DJs, b2b, L\u2019Orangeade DJs. La derni\u00e8re sc\u00e8ne accueillera Lala Sound pour une ambiance \u00ab\u2009reggae roots planant et dansant\u2009\u00bb.<\/p>\n<p>Cour Mably Isulia x La Sueur<\/p>\n<p class=\" wall-content\">L\u2019\u00e9quipe du festival Isulia rencontre le collectif de DJs et danseurs La Sueur dans le <strong>joyau architectural<\/strong> qu\u2019est la cour Mably. Au programme des DJ sets de 19h \u00e0 00h45 pour danser sur du baile funk, du reggaeton et de l\u2019electro.<\/p>\n<p class=\" wall-content\">Isulia et La Sueur promettent <strong>\u00ab\u2009un moment de f\u00eate radicale et joyeuse\u2009\u00bb.<\/strong> L\u2019objectif\u2009? \u00ab\u2009Se retrouver, se lib\u00e9rer et exister pleinement\u2009\u00bb en dansant.<\/p>\n<p>Square Dom Bedos du rock<\/p>\n<p class=\" wall-content\">Pour les amateurs et amatrices <strong>de rock,<\/strong> il n\u2019y a pas que le traditionnel rendez-vous devant le Grand-Th\u00e9\u00e2tre avec le groupe de Philippe Etchebest. On peut aussi prendre la direction du square Dom Bedos. L\u2019association Allez les filles, Bordeaux rock, les Disques du Paradis et CRR encha\u00eeneront les concerts de 19h \u00e0 00h45.<\/p>\n<p class=\" wall-content\">Si des \u00e9v\u00e8nements sont pr\u00e9vus dans des biblioth\u00e8ques samedi en journ\u00e9e, les <a href=\"https:\/\/actu.fr\/tag\/enfants\" rel=\"nofollow noopener\" target=\"_blank\">enfants<\/a> pourront surtout profiter d\u2019une <strong>F\u00eate de la musique d\u00e9di\u00e9e<\/strong> dimanche 22\u00a0juin, \u00e0 partir de 14\u00a0heures dans le parc Rivi\u00e8re.<\/p>\n<p class=\" wall-content\">Suivez toute l\u2019actualit\u00e9 de vos villes et m\u00e9dias favoris en vous inscrivant \u00e0 <a href=\"https:\/\/moncompte.actu.fr\" title=\"D\u00e9couvez Mon Actu\" rel=\"nofollow noopener\" data-trk=\"{&quot;cta&quot;:{&quot;action&quot;:&quot;https:\\\/\\\/moncompte.actu.fr&quot;,&quot;category&quot;:&quot;mon compte&quot;,&quot;from&quot;:&quot;article footer&quot;,&quot;name&quot;:&quot;Mon actu&quot;,&quot;type&quot;:&quot;cta&quot;}}\" target=\"_blank\">Mon Actu<\/a>.<\/p>\n","protected":false},"excerpt":{"rendered":"Par Juliette Cardinale Publi\u00e9 le 16 juin 2025 \u00e0 6h32 C\u2019est le rendez-vous musical appr\u00e9ci\u00e9 et accessible \u00e0&hellip;\n","protected":false},"author":2,"featured_media":180324,"comment_status":"","ping_status":"","sticky":false,"template":"","format":"standard","meta":{"footnotes":""},"categories":[2817],"tags":[1111,11,1997,1697,1777,674,25885,1011,27,1652,873,12,2219,25],"class_list":{"0":"post-180323","1":"post","2":"type-post","3":"status-publish","4":"format-standard","5":"has-post-thumbnail","7":"category-bordeaux","8":"tag-actu","9":"tag-actualites","10":"tag-bordeaux","11":"tag-concert","12":"tag-eu","13":"tag-europe","14":"tag-fete-de-la-musique","15":"tag-fr","16":"tag-france","17":"tag-loisirs-culture","18":"tag-musique","19":"tag-news","20":"tag-nouvelle-aquitaine","21":"tag-republique-francaise"},"share_on_mastodon":{"url":"https:\/\/pubeurope.com\/@fr\/114691969106704302","error":""},"_links":{"self":[{"href":"https:\/\/www.europesays.com\/fr\/wp-json\/wp\/v2\/posts\/180323","targetHints":{"allow":["GET"]}}],"collection":[{"href":"https:\/\/www.europesays.com\/fr\/wp-json\/wp\/v2\/posts"}],"about":[{"href":"https:\/\/www.europesays.com\/fr\/wp-json\/wp\/v2\/types\/post"}],"author":[{"embeddable":true,"href":"https:\/\/www.europesays.com\/fr\/wp-json\/wp\/v2\/users\/2"}],"replies":[{"embeddable":true,"href":"https:\/\/www.europesays.com\/fr\/wp-json\/wp\/v2\/comments?post=180323"}],"version-history":[{"count":0,"href":"https:\/\/www.europesays.com\/fr\/wp-json\/wp\/v2\/posts\/180323\/revisions"}],"wp:featuredmedia":[{"embeddable":true,"href":"https:\/\/www.europesays.com\/fr\/wp-json\/wp\/v2\/media\/180324"}],"wp:attachment":[{"href":"https:\/\/www.europesays.com\/fr\/wp-json\/wp\/v2\/media?parent=180323"}],"wp:term":[{"taxonomy":"category","embeddable":true,"href":"https:\/\/www.europesays.com\/fr\/wp-json\/wp\/v2\/categories?post=180323"},{"taxonomy":"post_tag","embeddable":true,"href":"https:\/\/www.europesays.com\/fr\/wp-json\/wp\/v2\/tags?post=180323"}],"curies":[{"name":"wp","href":"https:\/\/api.w.org\/{rel}","templated":true}]}}