{"id":180325,"date":"2025-06-16T07:55:11","date_gmt":"2025-06-16T07:55:11","guid":{"rendered":"https:\/\/www.europesays.com\/fr\/180325\/"},"modified":"2025-06-16T07:55:11","modified_gmt":"2025-06-16T07:55:11","slug":"bordeaux-accueillera-les-stars-mondiales-du-padel-du-28-juin-au-6-juillet","status":"publish","type":"post","link":"https:\/\/www.europesays.com\/fr\/180325\/","title":{"rendered":"Bordeaux accueillera les stars mondiales du padel du 28 juin au 6 juillet"},"content":{"rendered":"<p>Le <strong>Betclic Bordeaux Premier Padel 2025<\/strong> r\u00e9unira les plus grandes figures du circuit professionnel \u00e0 la <strong>Patinoire de Bordeaux<\/strong>, pour une semaine de comp\u00e9tition intense dans le cadre du circuit <strong>Premier Padel<\/strong>.<\/p>\n<p>Du c\u00f4t\u00e9 masculin, <strong>les n\u00b01 mondiaux Arturo Coello et Agustin Tapia<\/strong> seront les favoris naturels, mais la concurrence s\u2019annonce f\u00e9roce. <strong>Ale Gal\u00e1n et Federico Chingotto<\/strong>, en grande forme cette saison, tenteront de bousculer la hi\u00e9rarchie. <strong>Juan Lebr\u00f3n<\/strong>, associ\u00e9 \u00e0 <strong>Franco Stupaczuk<\/strong>, sera \u00e9galement \u00e0 surveiller.<\/p>\n<p>Le tournoi bordelais marquera aussi les d\u00e9buts d\u2019une association in\u00e9dite et spectaculaire entre <strong>Tolito Aguirre<\/strong> et <strong>Javi Garrido<\/strong>, deux joueurs au style explosif. Parmi les autres grands noms attendus, on retrouvera <strong>Paquito Navarro<\/strong>, <strong>Sanyo Gutierrez<\/strong> (avec <strong>Gonzalo Alfonso<\/strong>), ainsi que les vainqueurs de l\u2019\u00e9dition 2024 <strong>Jon Sanz<\/strong> et <strong>Coki Nieto<\/strong>, d\u00e9sormais accompagn\u00e9s de <strong>Momo Gonzalez<\/strong> et <strong>Mike Yanguas<\/strong>.<\/p>\n<p>Chez les dames, la hi\u00e9rarchie mondiale sera \u00e9galement repr\u00e9sent\u00e9e. <strong>Ari Sanchez et Paula Josemaria<\/strong>, n\u00b01, d\u00e9fendront leur position face aux solides paires form\u00e9es par <strong>Gemma Triay \u2013 Delfi Brea<\/strong> et <strong>Bea Gonzalez \u2013 Claudia Fernandez<\/strong>. Cette derni\u00e8re, r\u00e9v\u00e9lation de l\u2019an dernier, revient avec ambition pour sa premi\u00e8re participation \u00e0 Bordeaux.<\/p>\n<p><strong>Alix Collombon<\/strong>, meilleure Fran\u00e7aise du circuit, portera les couleurs tricolores devant un public attendu nombreux.<\/p>\n<p>Le rendez-vous girondin s\u2019annonce comme l\u2019un des moments forts de l\u2019\u00e9t\u00e9 pour les amateurs de padel. Un \u00e9v\u00e9nement qui pourrait bien battre de nouveaux records de fr\u00e9quentation.<\/p>\n<p><img loading=\"lazy\" decoding=\"async\" data-del=\"avatar\" alt=\"Communiqu\u00e9 de presse\" src=\"https:\/\/www.europesays.com\/fr\/wp-content\/uploads\/2025\/04\/Green-and-Gold-Simple-Charity-Event-Press-Release-Document-1-150x150.png\" class=\"avatar pp-user-avatar avatar-100 photo \" height=\"100\" width=\"100\"\/><\/p>\n<p class=\"related-title\">Sur le m\u00eame sujet<\/p>\n","protected":false},"excerpt":{"rendered":"Le Betclic Bordeaux Premier Padel 2025 r\u00e9unira les plus grandes figures du circuit professionnel \u00e0 la Patinoire de&hellip;\n","protected":false},"author":2,"featured_media":180326,"comment_status":"","ping_status":"","sticky":false,"template":"","format":"standard","meta":{"footnotes":""},"categories":[2817],"tags":[1111,11,1997,1777,674,1011,27,12,2219,30680,25],"class_list":{"0":"post-180325","1":"post","2":"type-post","3":"status-publish","4":"format-standard","5":"has-post-thumbnail","7":"category-bordeaux","8":"tag-actu","9":"tag-actualites","10":"tag-bordeaux","11":"tag-eu","12":"tag-europe","13":"tag-fr","14":"tag-france","15":"tag-news","16":"tag-nouvelle-aquitaine","17":"tag-premier-padel-bordeaux-p2","18":"tag-republique-francaise"},"share_on_mastodon":{"url":"https:\/\/pubeurope.com\/@fr\/114691973002888344","error":""},"_links":{"self":[{"href":"https:\/\/www.europesays.com\/fr\/wp-json\/wp\/v2\/posts\/180325","targetHints":{"allow":["GET"]}}],"collection":[{"href":"https:\/\/www.europesays.com\/fr\/wp-json\/wp\/v2\/posts"}],"about":[{"href":"https:\/\/www.europesays.com\/fr\/wp-json\/wp\/v2\/types\/post"}],"author":[{"embeddable":true,"href":"https:\/\/www.europesays.com\/fr\/wp-json\/wp\/v2\/users\/2"}],"replies":[{"embeddable":true,"href":"https:\/\/www.europesays.com\/fr\/wp-json\/wp\/v2\/comments?post=180325"}],"version-history":[{"count":0,"href":"https:\/\/www.europesays.com\/fr\/wp-json\/wp\/v2\/posts\/180325\/revisions"}],"wp:featuredmedia":[{"embeddable":true,"href":"https:\/\/www.europesays.com\/fr\/wp-json\/wp\/v2\/media\/180326"}],"wp:attachment":[{"href":"https:\/\/www.europesays.com\/fr\/wp-json\/wp\/v2\/media?parent=180325"}],"wp:term":[{"taxonomy":"category","embeddable":true,"href":"https:\/\/www.europesays.com\/fr\/wp-json\/wp\/v2\/categories?post=180325"},{"taxonomy":"post_tag","embeddable":true,"href":"https:\/\/www.europesays.com\/fr\/wp-json\/wp\/v2\/tags?post=180325"}],"curies":[{"name":"wp","href":"https:\/\/api.w.org\/{rel}","templated":true}]}}