{"id":180334,"date":"2025-06-16T08:00:19","date_gmt":"2025-06-16T08:00:19","guid":{"rendered":"https:\/\/www.europesays.com\/fr\/180334\/"},"modified":"2025-06-16T08:00:19","modified_gmt":"2025-06-16T08:00:19","slug":"endoume-par-ceux-qui-y-vivent-et-ceux-qui-y-travaillent","status":"publish","type":"post","link":"https:\/\/www.europesays.com\/fr\/180334\/","title":{"rendered":"Endoume par ceux qui y vivent et ceux qui y travaillent"},"content":{"rendered":"<p>Fr\u00e9d\u00e9rique Dubois, Pr\u00e9sidente du CIQ Endoume-Saint-Eug\u00e8ne&#13;\n<\/p>\n<p>\u00ab\u00a0Tellement d&rsquo;histoires \u00e0 raconter sur le village\u00a0\u00bb<\/p>\n<p>Fr\u00e9d\u00e9rique Dubois <a href=\"https:\/\/www.laprovence.com\/article\/france-monde\/2131613621254314\/affaires-de-famille-cote-basque-surf-et-coup-de-foudre-immersion-chez-les-blisson-rafano-a-endoume-a-marseille\" target=\"_blank\" rel=\"noopener\">aime tellement son quartier d&rsquo;Endoume<\/a> qu&rsquo;elle a repris, avec son mari Alain, la pr\u00e9sidence du CIQ, alors en sommeil.<\/p>\n<p>Depuis 11\u00a0ans, elle arpente chaque ruelle, observe chaque fa\u00e7ade avec attention. \u00ab\u00a0J&rsquo;organise aussi des promenades urbaines sur le quartier. Il y a tellement d&rsquo;histoires \u00e0 raconter sur le village o\u00f9 se sont m\u00eal\u00e9es les familles d&rsquo;ouvriers et les grandes familles\u00a0\u00bb, sourit Fr\u00e9d\u00e9rique. Parmi les noms qui ont marqu\u00e9 le pass\u00e9 de ce noyau villageois, ceux de Joseph Etienne, \u00ab\u00a0un ouvrier savonnier qui s&rsquo;est fait tout seul, en devenant fabricant de tonneaux puis en montant son commerce de salaison\u00a0\u00bb ou de Fran\u00e7ois-Auguste de Bompard\u00a0: \u00ab\u00a0Un marchand d&rsquo;huile, propri\u00e9taire terrien qui poss\u00e9dait la majorit\u00e9 des terrains jusqu&rsquo;\u00e0 la mer. La corniche n&rsquo;existait pas encore.\u00a0\u00bb Le samedi soir, on peut l&rsquo;apercevoir arroser les jardini\u00e8res dispos\u00e9es autour de la place Saint-Eug\u00e8ne, r\u00e9habilit\u00e9e en concertation avec les cafetiers et les collectivit\u00e9s, il y a dix ans.<\/p>\n<p>\u00ab\u00a0Bien s\u00fbr Endoume ne vit pas seulement dans le pass\u00e9. Et avec l&rsquo;afflux des nouveaux habitants, on a vu de jeunes familles s&rsquo;installer ici apr\u00e8s le Covid. Dommage qu&rsquo;elles aient tendance \u00e0 rester entre elles\u00a0\u00bb, souligne la pr\u00e9sidente du CIQ. La f\u00eate des voisins n&rsquo;a pas emball\u00e9 tout le monde mais ne d\u00e9courage pas les b\u00e9n\u00e9voles \u00ab\u00a0qui se bougent pour ce lieu qu&rsquo;il faut sauvegarder\u00a0\u00bb et qui continuent de tisser les liens. \u00ab\u00a0Nous recensons aussi leurs probl\u00e8mes\u00a0: vitesse excessive, p\u00e9nurie de stationnement, dangerosit\u00e9 des trottinettes\u2026 Heureusement, nous pouvons compter sur deux lignes de bus, la 80 et 61, qui fonctionnent plut\u00f4t bien\u00a0\u00bb, ponctue la pr\u00e9sidente.<\/p>\n<p>Serge Monaco, Boucher, boulevard Bompard&#13;\n<\/p>\n<p>\u00ab\u00a0On a beau partir, on finit toujours par revenir \u00e0 Endoume\u00a0\u00bb<\/p>\n<p>Chez Serge, qui a repris les commandes de la <a href=\"https:\/\/www.laprovence.com\/article\/region\/3416942964295415\/jul-zidane-lom-la-boucherie-des-coquieres-daubagne-plebiscitee-par-les-stars\" target=\"_blank\" rel=\"noopener\">boucherie<\/a> ouverte par son p\u00e8re, Ren\u00e9, la devanture n&rsquo;a pas chang\u00e9e. Tout comme la qualit\u00e9 des produits propos\u00e9s dans la vitrine. De l&rsquo;autre c\u00f4t\u00e9 de la voie, la maison Assaud, charcuterie traiteur depuis trois g\u00e9n\u00e9rations, est aussi un gage de bons produits. Mais une fois les commandes pour le prochain barbecue pr\u00e9par\u00e9es, les morceaux de viande rang\u00e9es dans la chambre froide, c&rsquo;est ici, devant l&rsquo;entr\u00e9e de la boucherie \u00e0 peine masqu\u00e9e par le traditionnel rideau chenille, que les passants marquent la pause. \u00ab\u00a0Ici, tout le monde se conna\u00eet. Alors forc\u00e9ment, on s&rsquo;arr\u00eate, on discute et \u00e7a peut durer&#8230; Reste une mentalit\u00e9 de village, on a tous grandi ici et on a \u00e9t\u00e9 \u00e9lev\u00e9s avec ce sentiment &lsquo;qu&rsquo;en bas, \u00e0 la ville, c&rsquo;\u00e9tait mal fr\u00e9quent\u00e9'\u00a0\u00bb, se marre l&rsquo;artisan. Depuis, Endoume est devenu un haut lieu touristique de la ville. \u00ab\u00a0Les touristes et les loueurs Airbnb s&rsquo;ajoutent \u00e0 la client\u00e8le. Et cela vient de partout : du Montana, de Singapour. Je suis toujours perplexe et je leur demande ce qu&rsquo;ils viennent faire \u00e0 Endoume !\u00a0\u00bb<\/p>\n<p>Le trottoir \u00e9troit du boulevard ne contient pas la petite troupe qui occupe maintenant un bout de la chauss\u00e9e. Et ce n&rsquo;est pas bien grave. Si Serge a v\u00e9cu quelques ann\u00e9es aux Cinq Avenues, il est revenu sur les lieux de son enfance. \u00ab\u00a0On a beau partir, on finit toujours par revenir \u00e0 Endoume.\u00a0\u00bb Ce jour-l\u00e0, les limites du quartier font d\u00e9bat. Qu&rsquo;importe les fronti\u00e8res d\u00e9finies par la carte administrative, ici, on a tranch\u00e9 : \u00ab\u00a0\u00c0 chacun son Endoume.\u00a0\u00bb<\/p>\n<p><img alt=\"Serge Monaco.\" loading=\"lazy\" decoding=\"async\" data-nimg=\"fill\" class=\" TwicCore_img__i9TC1 undefined  undefined\" style=\"position:absolute;height:100%;width:100%;left:0;top:0;right:0;bottom:0;color:transparent;background-size:cover;background-position:50% 50%;background-repeat:no-repeat;background-image:url(&quot;data:image\/svg+xml;charset=utf-8,%3Csvg xmlns='http:\/\/www.w3.org\/2000\/svg' %3E%3Cfilter id='b' color-interpolation-filters='sRGB'%3E%3CfeGaussianBlur stdDeviation='20'\/%3E%3CfeColorMatrix values='1 0 0 0 0 0 1 0 0 0 0 0 1 0 0 0 0 0 100 -1' result='s'\/%3E%3CfeFlood x='0' y='0' width='100%25' height='100%25'\/%3E%3CfeComposite operator='out' in='s'\/%3E%3CfeComposite in2='SourceGraphic'\/%3E%3CfeGaussianBlur stdDeviation='20'\/%3E%3C\/filter%3E%3Cimage width='100%25' height='100%25' x='0' y='0' preserveAspectRatio='none' style='filter: url(%23b);' href='https:\/\/pictures.laprovence.com\/cdn-cgi\/image\/blur=250\/media\/melody\/2025\/06\/16\/serge-monaco-1750058991_ad97639a2c486c1a7639a2c48c5a76v_.jpg'\/%3E%3C\/svg%3E&quot;)\"   src=\"https:\/\/www.europesays.com\/fr\/wp-content\/uploads\/2025\/06\/serge-monaco-1750058991_ad97639a2c486c1a7639a2c48c5a76v_.jpg\"\/>Serge Monaco. \/ Photo Ch.C.<\/p>\n<p>Florence Bianchi, Fondatrice du Glacier du roi&#13;\n<\/p>\n<p>\u00ab\u00a0Endoume me faisait penser aux villages italiens\u00a0\u00bb<\/p>\n<p><a href=\"https:\/\/www.laprovence.com\/article\/sante\/1969252525835514\/covid-5-ans-apres-quand-larrivee-des-parisiens-a-fait-flamber-les-prix-de-limmobilier-a-marseille\" target=\"_blank\" rel=\"noopener\">Cette Parisienne \u00ab\u00a0jusqu&rsquo;au bout des ongles\u00a0\u00bb<\/a>, n\u00e9e sur l&rsquo;\u00eele Saint-Louis est tomb\u00e9e sous le charme du quartier lorsque son mari lui a fait visiter les rues de son enfance voil\u00e0 pr\u00e8s de 26\u00a0ans. \u00ab\u00a0C&rsquo;est Endoume qui m&rsquo;a d\u00e9cid\u00e9e \u00e0 quitter Paris pour Marseille. La maison de mes beaux-parents \u00e9tait situ\u00e9e sur la rue d&rsquo;Endoume, on allait se baigner \u00e0 Malmousque. Le village me faisait penser aux villages italiens, l&rsquo;ambiance aussi. C&rsquo;\u00e9tait bon enfant, tout le monde se parlait. Aujourd&rsquo;hui, cela n&rsquo;a pas tant chang\u00e9 que cela. L&rsquo;esprit est le m\u00eame\u00a0: on se conna\u00eet depuis deux ou trois g\u00e9n\u00e9rations. On ne va pas jusqu&rsquo;\u00e0 rentrer dans les maisons, mais il y a toujours de la bienveillance, on prend des nouvelles des uns et des autres et c&rsquo;est important de vivre ainsi\u00a0\u00bb, d\u00e9roule Florence.<\/p>\n<p>Elle fonde avec ses deux filles, Laure et Sandrine, le Glacier du roi, d&rsquo;abord au Panier en\u00a02007 puis aux Catalans en\u00a02016. R\u00e9f\u00e9renc\u00e9e dans le c\u00e9l\u00e8bre guide Gault\u00a0&amp;\u00a0Millau, qui loue la qualit\u00e9 de ses produits naturels et sa cr\u00e9ativit\u00e9, l&rsquo;artisane compte parmi ses fid\u00e8les de nombreux amateurs du quartier. \u00ab\u00a0Ils savent qu&rsquo;ils retrouvent aussi un peu d&rsquo;Italie dans les bacs\u00a0\u00bb, sourit-elle. \u00c0 c\u00f4t\u00e9 des parfums traditionnels et des nouveaut\u00e9s 2025 (bissap peach, avocat-vanille, c\u00e9leri-citron), les nostalgiques de passegiatina seront toujours bien servis.<\/p>\n<p><img alt=\"Florence Bianchi.\" loading=\"lazy\" decoding=\"async\" data-nimg=\"fill\" class=\" TwicCore_img__i9TC1 undefined  undefined\" style=\"position:absolute;height:100%;width:100%;left:0;top:0;right:0;bottom:0;color:transparent;background-size:cover;background-position:50% 50%;background-repeat:no-repeat;background-image:url(&quot;data:image\/svg+xml;charset=utf-8,%3Csvg xmlns='http:\/\/www.w3.org\/2000\/svg' %3E%3Cfilter id='b' color-interpolation-filters='sRGB'%3E%3CfeGaussianBlur stdDeviation='20'\/%3E%3CfeColorMatrix values='1 0 0 0 0 0 1 0 0 0 0 0 1 0 0 0 0 0 100 -1' result='s'\/%3E%3CfeFlood x='0' y='0' width='100%25' height='100%25'\/%3E%3CfeComposite operator='out' in='s'\/%3E%3CfeComposite in2='SourceGraphic'\/%3E%3CfeGaussianBlur stdDeviation='20'\/%3E%3C\/filter%3E%3Cimage width='100%25' height='100%25' x='0' y='0' preserveAspectRatio='none' style='filter: url(%23b);' href='https:\/\/pictures.laprovence.com\/cdn-cgi\/image\/blur=250\/media\/melody\/2025\/06\/16\/florence-bianchi-1750058991_d80fca694c486dd0fca694c48c51fcv_.jpg'\/%3E%3C\/svg%3E&quot;)\"   src=\"https:\/\/www.europesays.com\/fr\/wp-content\/uploads\/2025\/06\/florence-bianchi-1750058991_d80fca694c486dd0fca694c48c51fcv_.jpg\"\/>Florence Bianchi. \/ Photo Ch.C.<\/p>\n<p>Alexandre Pinna, Propri\u00e9taire de Chez Fonfon, Viaghji di Fonfon et Chez Jeannot&#13;\n<\/p>\n<p>\u00ab\u00a0Endoume, comme le Vallon, ne seront pas des cartes postales\u00a0\u00bb<\/p>\n<p><a href=\"https:\/\/www.laprovence.com\/article\/region\/1307183801013815\/au-vallon-des-auffes-a-marseille-le-restaurant-l-epuisette-a-baisse-le-rideau\" target=\"_blank\" rel=\"noopener\">Au Vallon des Auffes<\/a>, Alexandre Pinna, petit neveu de Fonfon (Alphonse Mounier), a repris les commandes de ces tables historiques qui proposent les incontournables bouillabaisse, seiches en persillade mais aussi les pizzas et les planches \u00e0 partager. Gardien malgr\u00e9 lui des traditions familiales, Alexandre veille \u00e9galement au bon \u00e9quilibre de ce repaire de p\u00eacheurs italiens. \u00ab\u00a0J&rsquo;ai pass\u00e9 mon enfance \u00e0 Endoume, le quartier a suivi l&rsquo;\u00e9volution de la soci\u00e9t\u00e9, pas plus, pas moins. Ici, au Vallon, il y a toujours eu cet esprit de f\u00eate et de familles\u00a0: quand mon grand-p\u00e8re faisait le plein, il servait une centaine de p\u00eacheurs et je peux vous assurer qu&rsquo;ils ne buvaient pas que de l&rsquo;orangeade en silence.\u00a0\u00bb<\/p>\n<p>Il le sait, d\u00e8s que l&rsquo;\u00e9t\u00e9 s&rsquo;installe, Marseillais et touristes, toutes g\u00e9n\u00e9rations confondues, se croisent, l\u00e0, sous ce pont dessin\u00e9 au XIXe si\u00e8cle par Jean-Fran\u00e7ois Mayor de Montricher, et certains crient au danger et \u00e0 l&rsquo;authenticit\u00e9 qui serait menac\u00e9e. \u00ab\u00a0Il ne faut pas sombrer dans la nostalgie, Endoume, comme le Vallon, ne sont pas des cartes postales. On y vit, on y meurt, on s&rsquo;organise. Comme l\u00e0, autour de cette piscine naturelle bien connue de tous les enfants du coin. Aujourd&rsquo;hui, c&rsquo;est une association qui g\u00e8re l&rsquo;espace en louant des paddles, en assurant la s\u00e9curit\u00e9, en proposant des sandwichs. Et c&rsquo;est tr\u00e8s bien.\u00a0\u00bb<\/p>\n<p><img alt=\"Alexandre Pinna.\" loading=\"lazy\" decoding=\"async\" data-nimg=\"fill\" class=\" TwicCore_img__i9TC1 undefined  undefined\" style=\"position:absolute;height:100%;width:100%;left:0;top:0;right:0;bottom:0;color:transparent;background-size:cover;background-position:50% 50%;background-repeat:no-repeat;background-image:url(&quot;data:image\/svg+xml;charset=utf-8,%3Csvg xmlns='http:\/\/www.w3.org\/2000\/svg' %3E%3Cfilter id='b' color-interpolation-filters='sRGB'%3E%3CfeGaussianBlur stdDeviation='20'\/%3E%3CfeColorMatrix values='1 0 0 0 0 0 1 0 0 0 0 0 1 0 0 0 0 0 100 -1' result='s'\/%3E%3CfeFlood x='0' y='0' width='100%25' height='100%25'\/%3E%3CfeComposite operator='out' in='s'\/%3E%3CfeComposite in2='SourceGraphic'\/%3E%3CfeGaussianBlur stdDeviation='20'\/%3E%3C\/filter%3E%3Cimage width='100%25' height='100%25' x='0' y='0' preserveAspectRatio='none' style='filter: url(%23b);' href='https:\/\/pictures.laprovence.com\/cdn-cgi\/image\/blur=250\/media\/melody\/2025\/06\/16\/alexandre-pinna-1750058992_1900fc4d3d4860d00fc4d3d481110fv_.jpg'\/%3E%3C\/svg%3E&quot;)\"   src=\"https:\/\/www.europesays.com\/fr\/wp-content\/uploads\/2025\/06\/alexandre-pinna-1750058992_1900fc4d3d4860d00fc4d3d481110fv_.jpg\"\/>Alexandre Pinna. \/ Photo DR<\/p>\n","protected":false},"excerpt":{"rendered":"Fr\u00e9d\u00e9rique Dubois, Pr\u00e9sidente du CIQ Endoume-Saint-Eug\u00e8ne&#13; \u00ab\u00a0Tellement d&rsquo;histoires \u00e0 raconter sur le village\u00a0\u00bb Fr\u00e9d\u00e9rique Dubois aime tellement son&hellip;\n","protected":false},"author":2,"featured_media":180335,"comment_status":"","ping_status":"","sticky":false,"template":"","format":"standard","meta":{"footnotes":""},"categories":[2814],"tags":[17,1111,11,9069,31768,1777,674,1011,27,884,12,5912,882,5116,3583,16,25,9070],"class_list":{"0":"post-180334","1":"post","2":"type-post","3":"status-publish","4":"format-standard","5":"has-post-thumbnail","7":"category-marseille","8":"tag-17","9":"tag-actu","10":"tag-actualites","11":"tag-ceux","12":"tag-endoume","13":"tag-eu","14":"tag-europe","15":"tag-fr","16":"tag-france","17":"tag-marseille","18":"tag-news","19":"tag-par","20":"tag-provence-alpes-cote-dazur","21":"tag-quartiers","22":"tag-qui","23":"tag-region","24":"tag-republique-francaise","25":"tag-vivent"},"share_on_mastodon":{"url":"https:\/\/pubeurope.com\/@fr\/114691992960607565","error":""},"_links":{"self":[{"href":"https:\/\/www.europesays.com\/fr\/wp-json\/wp\/v2\/posts\/180334","targetHints":{"allow":["GET"]}}],"collection":[{"href":"https:\/\/www.europesays.com\/fr\/wp-json\/wp\/v2\/posts"}],"about":[{"href":"https:\/\/www.europesays.com\/fr\/wp-json\/wp\/v2\/types\/post"}],"author":[{"embeddable":true,"href":"https:\/\/www.europesays.com\/fr\/wp-json\/wp\/v2\/users\/2"}],"replies":[{"embeddable":true,"href":"https:\/\/www.europesays.com\/fr\/wp-json\/wp\/v2\/comments?post=180334"}],"version-history":[{"count":0,"href":"https:\/\/www.europesays.com\/fr\/wp-json\/wp\/v2\/posts\/180334\/revisions"}],"wp:featuredmedia":[{"embeddable":true,"href":"https:\/\/www.europesays.com\/fr\/wp-json\/wp\/v2\/media\/180335"}],"wp:attachment":[{"href":"https:\/\/www.europesays.com\/fr\/wp-json\/wp\/v2\/media?parent=180334"}],"wp:term":[{"taxonomy":"category","embeddable":true,"href":"https:\/\/www.europesays.com\/fr\/wp-json\/wp\/v2\/categories?post=180334"},{"taxonomy":"post_tag","embeddable":true,"href":"https:\/\/www.europesays.com\/fr\/wp-json\/wp\/v2\/tags?post=180334"}],"curies":[{"name":"wp","href":"https:\/\/api.w.org\/{rel}","templated":true}]}}