{"id":180338,"date":"2025-06-16T08:02:16","date_gmt":"2025-06-16T08:02:16","guid":{"rendered":"https:\/\/www.europesays.com\/fr\/180338\/"},"modified":"2025-06-16T08:02:16","modified_gmt":"2025-06-16T08:02:16","slug":"la-circulation-du-t1-et-t2-perturbee-plusieurs-jours","status":"publish","type":"post","link":"https:\/\/www.europesays.com\/fr\/180338\/","title":{"rendered":"la circulation du T1 et T2 perturb\u00e9e plusieurs jours"},"content":{"rendered":"<p>Le Centre d\u2019\u00e9changes Lyon-Perrache va faire l\u2019objet d\u2019une \u00ab\u00a0v\u00e9ritable transformation urbaine\u00a0\u00bb. Les travaux pr\u00e9vus pour cinq ans ont d\u00e9marr\u00e9 en f\u00e9vrier avec la d\u00e9molition de la passerelle reliant la gare de Perrache au centre d\u2019\u00e9changes, emprunt\u00e9e chaque jour par quelque 30\u00a0000 pi\u00e9tons.<\/p>\n<p>De nouveaux travaux vont ainsi avoir lieu ces prochains jours. Et ils entra\u00eenent des perturbations sur le r\u00e9seau TCL les 16, 17, 18 et 19\u00a0juin. Pas de panique, ces interventions auront lieu \u00e0 partir de 21 heures.<\/p>\n<p>  T1<\/p>\n<p>La ligne T1 circulera normalement jusqu\u2019\u00e0 21\u00a0heures. Par ailleurs, sur l\u2019ensemble de la p\u00e9riode concern\u00e9e, la ligne circulera uniquement entre les stations Debourg et INSA Einstein\u00a0: les stations Croix-Luizet et IUT Feyssine ne seront donc pas desservies. Cette limitation s\u2019inscrit dans le cadre des travaux de prolongement de la ligne T6 et de la cr\u00e9ation de la future ligne T9.<\/p>\n<p>  T2<\/p>\n<p>La ligne T2 circulera normalement toute la journ\u00e9e, avec une fr\u00e9quence inchang\u00e9e. \u00c0 partir de 21\u00a0heures, la ligne circulera uniquement entre les stations Villon et Saint-Priest Bel-Air.<\/p>\n<p>  Des bus relais<\/p>\n<p>Pour assurer la continuit\u00e9 du service en soir\u00e9e, des bus relais commun aux lignes T1 et T2 circuleront entre Villon et Debourg. Ils assureront la correspondance avec la ligne T2 \u00e0 Villon et garantiront la continuit\u00e9 des d\u00e9placements en soir\u00e9e.<\/p>\n<p>En direction de Villon, les voyageurs descendront \u00e0 l\u2019arr\u00eat Cazeneuve Berthelot, tandis qu\u2019en direction de Debourg, la mont\u00e9e s\u2019effectuera \u00e0 l\u2019arr\u00eat Lyc\u00e9e Lumi\u00e8re.<\/p>\n","protected":false},"excerpt":{"rendered":"Le Centre d\u2019\u00e9changes Lyon-Perrache va faire l\u2019objet d\u2019une \u00ab\u00a0v\u00e9ritable transformation urbaine\u00a0\u00bb. Les travaux pr\u00e9vus pour cinq ans ont&hellip;\n","protected":false},"author":2,"featured_media":180339,"comment_status":"","ping_status":"","sticky":false,"template":"","format":"standard","meta":{"footnotes":""},"categories":[1889],"tags":[1111,11,2430,3542,2757,1777,674,107,1011,27,2428,2756,12,25,2429,2803],"class_list":{"0":"post-180338","1":"post","2":"type-post","3":"status-publish","4":"format-standard","5":"has-post-thumbnail","7":"category-lyon","8":"tag-actu","9":"tag-actualites","10":"tag-auvergne-rhone-alpes","11":"tag-circulation","12":"tag-edition-lyon-villeurbanne","13":"tag-eu","14":"tag-europe","15":"tag-fil-info","16":"tag-fr","17":"tag-france","18":"tag-lyon","19":"tag-lyon-bassin","20":"tag-news","21":"tag-republique-francaise","22":"tag-rhone","23":"tag-transport"},"share_on_mastodon":{"url":"https:\/\/pubeurope.com\/@fr\/114692000594516415","error":""},"_links":{"self":[{"href":"https:\/\/www.europesays.com\/fr\/wp-json\/wp\/v2\/posts\/180338","targetHints":{"allow":["GET"]}}],"collection":[{"href":"https:\/\/www.europesays.com\/fr\/wp-json\/wp\/v2\/posts"}],"about":[{"href":"https:\/\/www.europesays.com\/fr\/wp-json\/wp\/v2\/types\/post"}],"author":[{"embeddable":true,"href":"https:\/\/www.europesays.com\/fr\/wp-json\/wp\/v2\/users\/2"}],"replies":[{"embeddable":true,"href":"https:\/\/www.europesays.com\/fr\/wp-json\/wp\/v2\/comments?post=180338"}],"version-history":[{"count":0,"href":"https:\/\/www.europesays.com\/fr\/wp-json\/wp\/v2\/posts\/180338\/revisions"}],"wp:featuredmedia":[{"embeddable":true,"href":"https:\/\/www.europesays.com\/fr\/wp-json\/wp\/v2\/media\/180339"}],"wp:attachment":[{"href":"https:\/\/www.europesays.com\/fr\/wp-json\/wp\/v2\/media?parent=180338"}],"wp:term":[{"taxonomy":"category","embeddable":true,"href":"https:\/\/www.europesays.com\/fr\/wp-json\/wp\/v2\/categories?post=180338"},{"taxonomy":"post_tag","embeddable":true,"href":"https:\/\/www.europesays.com\/fr\/wp-json\/wp\/v2\/tags?post=180338"}],"curies":[{"name":"wp","href":"https:\/\/api.w.org\/{rel}","templated":true}]}}