{"id":180346,"date":"2025-06-16T08:06:13","date_gmt":"2025-06-16T08:06:13","guid":{"rendered":"https:\/\/www.europesays.com\/fr\/180346\/"},"modified":"2025-06-16T08:06:13","modified_gmt":"2025-06-16T08:06:13","slug":"non-les-francais-ne-sont-pas-juste-des-italiens-de-mauvaise-humeur","status":"publish","type":"post","link":"https:\/\/www.europesays.com\/fr\/180346\/","title":{"rendered":"Non, les Fran\u00e7ais ne sont pas \u201cjuste des Italiens de mauvaise humeur\u201d"},"content":{"rendered":"\n<p>Quand vous pensez \u00e0 la France, vous pensez \u00e0 quoi exactement\u00a0? \u00c0 l\u2019arrogance\u00a0? Aux croissants\u00a0? Peut-\u00eatre \u00e0 Gainsbourg et \u00e0 sa cigarette. Moi, je pense \u00e0 Owen Wilson qui marche le long de la Seine*. Il faut dire que je regardais Midnight in Paris [film de Woody Allen sorti en 2011] \u00e0 16\u00a0ans, au lieu de sortir et de faire ce que font les adolescents normaux\u00a0: se bourrer la gueule et vomir sur le canap\u00e9 du copain.<\/p>\n<p>Peut-\u00eatre pensez-vous \u00e0 ce c\u00f4t\u00e9 d\u00e9daigneux qui a longtemps \u00e9t\u00e9 associ\u00e9 aux Parisiens. Emily in Paris, <a href=\"https:\/\/www.courrierinternational.com\/article\/vu-du-royaume-uni-comment-emily-in-paris-a-fini-par-conquerir-ces-francais-si-dedaigneux_222082\" target=\"_blank\" rel=\"noopener\">la s\u00e9rie qui a cartonn\u00e9 sur Netflix<\/a>, a donn\u00e9 \u00e0 fond dans ce clich\u00e9, au point que l\u2019un des personnages de la troisi\u00e8me saison affirme\u00a0:<\/p>\n<blockquote><p>\u201cLes Fran\u00e7ais sont juste des Italiens de mauvaise humeur.\u201d<\/p><\/blockquote>\n<p>Lors d\u2019un r\u00e9cent voyage en France et en Italie, deux pays que je visitais pour la premi\u00e8re fois, j\u2019\u00e9tais curieux de voir si cette affirmation \u00e9tait vraie. Je suis arriv\u00e9 \u00e0 Paris plein de pr\u00e9jug\u00e9s, convaincu que les Fran\u00e7ais seraient distants et allergiques aux touristes. Ma compagne et moi, nous nous attendions \u00e0 \u00eatre raill\u00e9s pour nos tentatives de commander des caf\u00e9s, notre recours excessif aux tote bags et nos chaussures de sport d\u00e9mod\u00e9es. Au lieu de cela, nous avons eu droit au \u201cbonjour\u201d le plus cordial que j\u2019aie jamais entendu.<\/p>\n","protected":false},"excerpt":{"rendered":"Quand vous pensez \u00e0 la France, vous pensez \u00e0 quoi exactement\u00a0? \u00c0 l\u2019arrogance\u00a0? Aux croissants\u00a0? Peut-\u00eatre \u00e0 Gainsbourg&hellip;\n","protected":false},"author":2,"featured_media":180347,"comment_status":"","ping_status":"","sticky":false,"template":"","format":"standard","meta":{"footnotes":""},"categories":[1888],"tags":[1111,1928,11,1927,1777,674,1011,27,452,3821,12,1926,626,1925,25,1857,602],"class_list":{"0":"post-180346","1":"post","2":"type-post","3":"status-publish","4":"format-standard","5":"has-post-thumbnail","7":"category-paris","8":"tag-actu","9":"tag-actu-paris","10":"tag-actualites","11":"tag-actualites-paris","12":"tag-eu","13":"tag-europe","14":"tag-fr","15":"tag-france","16":"tag-italie","17":"tag-la-france-vue-de-lu2019u00e9tranger","18":"tag-news","19":"tag-news-paris","20":"tag-paris","21":"tag-paris-news","22":"tag-republique-francaise","23":"tag-sociu00e9tu00e9","24":"tag-tourisme"},"share_on_mastodon":{"url":"https:\/\/pubeurope.com\/@fr\/114692016284447142","error":""},"_links":{"self":[{"href":"https:\/\/www.europesays.com\/fr\/wp-json\/wp\/v2\/posts\/180346","targetHints":{"allow":["GET"]}}],"collection":[{"href":"https:\/\/www.europesays.com\/fr\/wp-json\/wp\/v2\/posts"}],"about":[{"href":"https:\/\/www.europesays.com\/fr\/wp-json\/wp\/v2\/types\/post"}],"author":[{"embeddable":true,"href":"https:\/\/www.europesays.com\/fr\/wp-json\/wp\/v2\/users\/2"}],"replies":[{"embeddable":true,"href":"https:\/\/www.europesays.com\/fr\/wp-json\/wp\/v2\/comments?post=180346"}],"version-history":[{"count":0,"href":"https:\/\/www.europesays.com\/fr\/wp-json\/wp\/v2\/posts\/180346\/revisions"}],"wp:featuredmedia":[{"embeddable":true,"href":"https:\/\/www.europesays.com\/fr\/wp-json\/wp\/v2\/media\/180347"}],"wp:attachment":[{"href":"https:\/\/www.europesays.com\/fr\/wp-json\/wp\/v2\/media?parent=180346"}],"wp:term":[{"taxonomy":"category","embeddable":true,"href":"https:\/\/www.europesays.com\/fr\/wp-json\/wp\/v2\/categories?post=180346"},{"taxonomy":"post_tag","embeddable":true,"href":"https:\/\/www.europesays.com\/fr\/wp-json\/wp\/v2\/tags?post=180346"}],"curies":[{"name":"wp","href":"https:\/\/api.w.org\/{rel}","templated":true}]}}