{"id":180358,"date":"2025-06-16T08:12:10","date_gmt":"2025-06-16T08:12:10","guid":{"rendered":"https:\/\/www.europesays.com\/fr\/180358\/"},"modified":"2025-06-16T08:12:10","modified_gmt":"2025-06-16T08:12:10","slug":"le-premier-message-video-du-pape-leon-xiv-aux-etats-unis-sur-youtube-zenit","status":"publish","type":"post","link":"https:\/\/www.europesays.com\/fr\/180358\/","title":{"rendered":"Le premier message vid\u00e9o du pape L\u00e9on XIV aux \u00c9tats-Unis sur YouTube &#8211; ZENIT"},"content":{"rendered":"<p>                    <a href=\"#\" rel=\"nofollow\" onclick=\"window.print(); return false;\" title=\"Printer Friendly, PDF &amp; Email\"><br \/>\n                    <img decoding=\"async\" class=\"pf-button-img\" src=\"https:\/\/www.europesays.com\/fr\/wp-content\/uploads\/2025\/04\/printfriendly-pdf-button.png\" alt=\"Print Friendly, PDF &amp; Email\" style=\"width: 112px;height: 24px;\"\/><br \/>\n                    <\/a><br \/>\n                [14 juin 2025]<\/p>\n<p>Mes chers amis,<\/p>\n<p>Je suis heureux de vous saluer tous, r\u00e9unis au White Sox Park pour cette grande c\u00e9l\u00e9bration en tant que communaut\u00e9 de foi dans l\u2019Archidioc\u00e8se de Chicago. Je salue tout particuli\u00e8rement le cardinal Cupich, les \u00e9v\u00eaques auxiliaires et tous mes amis r\u00e9unis aujourd\u2019hui pour la solennit\u00e9 de la Sainte Trinit\u00e9.<\/p>\n<p>Je commence ainsi parce que la Trinit\u00e9 est le mod\u00e8le de l\u2019amour de Dieu pour nous. Dieu : P\u00e8re, Fils et Esprit. Trois personnes en un seul Dieu qui vivent unies dans la profondeur de l\u2019amour, en communaut\u00e9, partageant cette communion avec nous tous.<\/p>\n<p>Ainsi, r\u00e9unis aujourd\u2019hui dans cette grande c\u00e9l\u00e9bration, je souhaite vous exprimer ma gratitude et, en m\u00eame temps, vous encourager \u00e0 continuer \u00e0 construire la communaut\u00e9, l\u2019amiti\u00e9, en tant que fr\u00e8res et s\u0153urs dans votre vie quotidienne, dans vos familles, dans vos paroisses, dans l\u2019archidioc\u00e8se et dans le monde entier.<\/p>\n<p>Je voudrais adresser une salutation sp\u00e9ciale \u00e0 tous les jeunes \u2013 \u00e0 vous qui \u00eates r\u00e9unis ici aujourd\u2019hui et \u00e0 ceux qui suivent peut-\u00eatre cette salutation par des moyens technologiques, sur l\u2019internet. Au fur et \u00e0 mesure que vous grandissez ensemble, vous pouvez conna\u00eetre \u2013 surtout apr\u00e8s avoir v\u00e9cu l\u2019\u00e9poque de la pand\u00e9mie \u2013 des p\u00e9riodes d\u2019isolement, de grandes difficult\u00e9s, parfois m\u00eame des probl\u00e8mes dans vos familles ou dans notre monde d\u2019aujourd\u2019hui. Parfois, il se peut que les circonstances de votre vie ne vous aient pas donn\u00e9 l\u2019occasion de vivre dans la foi, de vivre en tant que membres d\u2019une communaut\u00e9 de foi, et je voudrais profiter de cette occasion pour inviter chacun d\u2019entre vous \u00e0 regarder dans son propre c\u0153ur, \u00e0 reconna\u00eetre que Dieu est pr\u00e9sent et que, peut-\u00eatre de diff\u00e9rentes mani\u00e8res, Dieu vous cherche, vous appelle, vous invite \u00e0 conna\u00eetre son Fils J\u00e9sus-Christ, \u00e0 travers les \u00c9critures, peut-\u00eatre \u00e0 travers un ami ou un parent\u2026, un grand-p\u00e8re ou une grand-m\u00e8re, qui est peut-\u00eatre une personne de foi. D\u00e9couvrir combien il est important pour chacun d\u2019entre nous de pr\u00eater attention \u00e0 la pr\u00e9sence de Dieu dans nos c\u0153urs, \u00e0 ce d\u00e9sir d\u2019amour dans nos vies, de chercher vraiment et de trouver des moyens de faire quelque chose de nos vies pour servir les autres.<\/p>\n<p>Et dans ce service aux autres, nous pouvons d\u00e9couvrir qu\u2019en nous unissant dans l\u2019amiti\u00e9, en construisant une communaut\u00e9, nous pouvons aussi trouver le vrai sens de notre vie. Tant d\u2019angoisse, de solitude\u2026. Tant de personnes souffrant de diverses exp\u00e9riences de d\u00e9pression ou de tristesse peuvent d\u00e9couvrir que l\u2019amour de Dieu est en effet capable de gu\u00e9rir, qu\u2019il apporte l\u2019espoir, et qu\u2019en nous rassemblant en tant qu\u2019amis, en tant que fr\u00e8res et s\u0153urs, dans une communaut\u00e9, dans une paroisse, dans une exp\u00e9rience de vie v\u00e9cue ensemble dans la foi, nous pouvons d\u00e9couvrir que la gr\u00e2ce du Seigneur, l\u2019amour de Dieu, peut en effet nous gu\u00e9rir, peut nous donner la force dont nous avons besoin, peut \u00eatre la source de cet espoir dont nous avons tous besoin dans nos vies.<\/p>\n<p>Partager ce message d\u2019espoir les uns avec les autres \u2013 en sensibilisant, en servant, en cherchant des moyens de rendre notre monde meilleur \u2013 nous donne une vraie vie \u00e0 tous et c\u2019est un signe d\u2019espoir pour le monde entier.<\/p>\n<p>Aux jeunes rassembl\u00e9s ici, je souhaite dire, une fois de plus, que vous \u00eates la promesse d\u2019espoir pour beaucoup d\u2019entre nous. Le monde vous regarde et vous dit : nous avons besoin de vous, nous vous voulons avec nous pour partager cette mission \u2013 en tant qu\u2019\u00c9glise et dans la soci\u00e9t\u00e9 \u2013 de proclamer un message de v\u00e9ritable esp\u00e9rance et de promouvoir la paix, de promouvoir l\u2019harmonie entre tous les peuples.<\/p>\n<p>Nous devons d\u00e9passer notre \u00e9go\u00efsme \u2013 si nous pouvons l\u2019appeler ainsi. Nous devons chercher des moyens de nous unir et de promouvoir un message d\u2019espoir. Saint Augustin nous dit que si nous voulons que le monde soit meilleur, nous devons commencer par nous-m\u00eames, nous devons commencer par nos propres vies, nos propres c\u0153urs (cf. Sermon 311 ; Commentaire sur l\u2019\u00c9vangile de Jean, Hom\u00e9lie 77).<\/p>\n<p>Ainsi, en ce sens, lorsque vous vous r\u00e9unissez en tant que communaut\u00e9 de foi, lorsque vous c\u00e9l\u00e9brez dans l\u2019archidioc\u00e8se de Chicago, lorsque vous offrez votre exp\u00e9rience de la joie et de l\u2019esp\u00e9rance, vous pouvez comprendre, vous pouvez d\u00e9couvrir que vous aussi \u00eates, en fait, des phares de l\u2019esp\u00e9rance.\u00a0 Cette lumi\u00e8re qui n\u2019est peut-\u00eatre pas facile \u00e0 voir \u00e0 l\u2019horizon, mais au fur et \u00e0 mesure que nous grandissons dans notre unit\u00e9, que nous nous rassemblons dans la communion, nous d\u00e9couvrons que cette lumi\u00e8re devient de plus en plus brillante. Cette lumi\u00e8re est en r\u00e9alit\u00e9 notre foi en J\u00e9sus-Christ. Et nous pouvons devenir ce message d\u2019espoir, pour promouvoir la paix et l\u2019unit\u00e9 dans le monde entier.<\/p>\n<p>Nous vivons tous avec de nombreuses questions dans notre c\u0153ur. Saint Augustin parle si souvent de notre c\u0153ur \u00ab qui n\u2019a pas de repos \u00bb et dit : \u00ab notre c\u0153ur n\u2019a pas de repos tant qu\u2019il ne se repose pas en toi, Seigneur \u00bb (Confessions 1,1). Cette agitation n\u2019est pas une mauvaise chose, et nous devrions chercher \u00e0 l\u2019apaiser, \u00e0 \u00e9liminer ou m\u00eame \u00e0 anesth\u00e9sier les tensions que nous ressentons, les difficult\u00e9s que nous \u00e9prouvons. Il s\u2019agit plut\u00f4t d\u2019entrer en contact avec notre c\u0153ur et de reconna\u00eetre que Dieu peut agir dans notre vie, \u00e0 travers notre vie et, \u00e0 travers nous, atteindre d\u2019autres personnes.<\/p>\n<p>Je voudrais terminer ce bref message \u00e0 chacun d\u2019entre vous en vous invitant \u00e0 \u00eatre vraiment cette lumi\u00e8re d\u2019esp\u00e9rance. \u00ab L\u2019esp\u00e9rance ne d\u00e9\u00e7oit pas \u00bb, nous dit saint Paul dans sa lettre aux Romains (5,5). Quand je regarde chacun d\u2019entre vous, quand je vois comment les gens se rassemblent pour c\u00e9l\u00e9brer leur foi, je me rends compte \u00e0 quel point il y a de l\u2019espoir dans le monde.<\/p>\n<p>En cette ann\u00e9e du Jubil\u00e9 de l\u2019Esp\u00e9rance, le Christ, qui est notre esp\u00e9rance, nous appelle vraiment \u00e0 nous unir, afin d\u2019\u00eatre un v\u00e9ritable exemple vivant : la lumi\u00e8re de l\u2019esp\u00e9rance dans le monde d\u2019aujourd\u2019hui.<\/p>\n<p>Je voudrais donc vous inviter tous \u00e0 prendre un moment, \u00e0 ouvrir votre c\u0153ur \u00e0 Dieu, \u00e0 l\u2019amour de Dieu, \u00e0 cette paix que seul le Seigneur peut nous donner. \u00c0 sentir \u00e0 quel point l\u2019amour de Dieu est beau, fort et significatif dans nos vies.\u00a0 Et reconna\u00eetre que m\u00eame si nous ne faisons rien pour m\u00e9riter l\u2019amour de Dieu, Dieu, dans sa g\u00e9n\u00e9rosit\u00e9, continue \u00e0 d\u00e9verser son amour sur nous. Et tandis qu\u2019il nous donne son amour, il nous demande seulement d\u2019\u00eatre g\u00e9n\u00e9reux et de partager avec les autres ce qu\u2019il nous a donn\u00e9.<\/p>\n<p>Que vous soyez vraiment b\u00e9nis en vous rassemblant pour cette c\u00e9l\u00e9bration.\u00a0 Que l\u2019amour et la paix du Seigneur descendent sur chacun d\u2019entre vous, sur vos familles, et que Dieu vous b\u00e9nisse tous, afin que vous soyez toujours des phares d\u2019espoir, des signes d\u2019espoir et de paix dans le monde entier.<\/p>\n<p>Que la b\u00e9n\u00e9diction de Dieu tout-puissant, P\u00e8re, Fils et Saint-Esprit, descende sur vous et demeure toujours avec vous. Amen.<\/p>\n<p>\u00a0<\/p><\/p>\n","protected":false},"excerpt":{"rendered":"[14 juin 2025] Mes chers amis, Je suis heureux de vous saluer tous, r\u00e9unis au White Sox Park&hellip;\n","protected":false},"author":2,"featured_media":180359,"comment_status":"","ping_status":"","sticky":false,"template":"","format":"standard","meta":{"footnotes":""},"categories":[1589],"tags":[11,73,1866,9928,12,1864,1865,1863,308],"class_list":{"0":"post-180358","1":"post","2":"type-post","3":"status-publish","4":"format-standard","5":"has-post-thumbnail","7":"category-etats-unis","8":"tag-actualites","9":"tag-etats-unis","10":"tag-etats-unis-damerique","11":"tag-feature2","12":"tag-news","13":"tag-united-states","14":"tag-united-states-of-america","15":"tag-us","16":"tag-usa"},"share_on_mastodon":{"url":"https:\/\/pubeurope.com\/@fr\/114692040099573413","error":""},"_links":{"self":[{"href":"https:\/\/www.europesays.com\/fr\/wp-json\/wp\/v2\/posts\/180358","targetHints":{"allow":["GET"]}}],"collection":[{"href":"https:\/\/www.europesays.com\/fr\/wp-json\/wp\/v2\/posts"}],"about":[{"href":"https:\/\/www.europesays.com\/fr\/wp-json\/wp\/v2\/types\/post"}],"author":[{"embeddable":true,"href":"https:\/\/www.europesays.com\/fr\/wp-json\/wp\/v2\/users\/2"}],"replies":[{"embeddable":true,"href":"https:\/\/www.europesays.com\/fr\/wp-json\/wp\/v2\/comments?post=180358"}],"version-history":[{"count":0,"href":"https:\/\/www.europesays.com\/fr\/wp-json\/wp\/v2\/posts\/180358\/revisions"}],"wp:featuredmedia":[{"embeddable":true,"href":"https:\/\/www.europesays.com\/fr\/wp-json\/wp\/v2\/media\/180359"}],"wp:attachment":[{"href":"https:\/\/www.europesays.com\/fr\/wp-json\/wp\/v2\/media?parent=180358"}],"wp:term":[{"taxonomy":"category","embeddable":true,"href":"https:\/\/www.europesays.com\/fr\/wp-json\/wp\/v2\/categories?post=180358"},{"taxonomy":"post_tag","embeddable":true,"href":"https:\/\/www.europesays.com\/fr\/wp-json\/wp\/v2\/tags?post=180358"}],"curies":[{"name":"wp","href":"https:\/\/api.w.org\/{rel}","templated":true}]}}