{"id":180360,"date":"2025-06-16T08:13:09","date_gmt":"2025-06-16T08:13:09","guid":{"rendered":"https:\/\/www.europesays.com\/fr\/180360\/"},"modified":"2025-06-16T08:13:09","modified_gmt":"2025-06-16T08:13:09","slug":"blaise-metreweli-devient-la-premiere-femme-nommee-a-la-tete-du-renseignement-exterieur-liberation","status":"publish","type":"post","link":"https:\/\/www.europesays.com\/fr\/180360\/","title":{"rendered":"Blaise Metreweli devient la premi\u00e8re femme nomm\u00e9e \u00e0 la t\u00eate du renseignement ext\u00e9rieur \u2013 Lib\u00e9ration"},"content":{"rendered":"<p class=\"sc-ksZaOG ehjQrN text-element\">Judi Dench, qui a incarn\u00e9 M dans sept films de <a href=\"https:\/\/www.liberation.fr\/culture\/jeff-bezos-sempare-definitivement-de-james-bond-20250220_FC74MTXTYNDTBGBF2RERYJPNHI\/\" target=\"_blank\" rel=\"noopener\" title=\"https:\/\/www.liberation.fr\/culture\/jeff-bezos-sempare-definitivement-de-james-bond-20250220_FC74MTXTYNDTBGBF2RERYJPNHI\/\">James Bond,<\/a> tient enfin son alter ego dans la vraie vie. Blaise Metreweli a \u00e9t\u00e9 nomm\u00e9e \u00e0 la t\u00eate du MI6, le renseignement ext\u00e9rieur britannique, qu\u2019elle sera la premi\u00e8re femme \u00e0 diriger depuis la fondation du service en\u00a01909, a annonc\u00e9 le gouvernement Starmer dimanche 15\u00a0juin. \u00abJe suis fi\u00e8re et honor\u00e9e qu\u2019on me demande de diriger mon service\u00bb, a r\u00e9agi l\u2019int\u00e9ress\u00e9e, cit\u00e9e dans le communiqu\u00e9, disant se \u00abr\u00e9jouir\u00bb de poursuivre son travail aux c\u00f4t\u00e9s des \u00abcourageux officiers\u00bb du MI6.<\/p>\n<p class=\"sc-ksZaOG ehjQrN text-element\">Ag\u00e9e de 47\u00a0ans, elle occupe actuellement le poste de directrice g\u00e9n\u00e9rale de la section \u00abQ\u00bb, charg\u00e9e des technologies et de l\u2019innovation au sein des renseignements ext\u00e9rieurs. En imaginant qu\u2019il s\u2019agit moins des gadgets high-tech de James Bond que de sujet ayant trait au cyber<\/p>\n<p class=\"sc-ksZaOG ehjQrN text-element\">Blaise Metreweli a pr\u00e9c\u00e9demment occup\u00e9 des postes de direction au sein du <a href=\"https:\/\/www.liberation.fr\/planete\/2018\/09\/26\/une-ong-de-defense-de-la-vie-privee-epiee-par-les-mi5-et-mi6_1681479\/\" target=\"_blank\" rel=\"noopener\" title=\"https:\/\/www.liberation.fr\/planete\/2018\/09\/26\/une-ong-de-defense-de-la-vie-privee-epiee-par-les-mi5-et-mi6_1681479\/\">MI6 et du MI5, le service de renseignement int\u00e9rieur.<\/a> Elle a exerc\u00e9 diverses fonctions, principalement op\u00e9rationnelles, au Moyen-Orient et en Europe. Elle est dipl\u00f4m\u00e9e en anthropologie de la prestigieuse Universit\u00e9 de Cambridge.<\/p>\n<p class=\"sc-ksZaOG ehjQrN text-element\">La nouvelle patronne du renseignement devrait prendre ses fonctions \u00e0 l\u2019automne, en remplacement de <a href=\"https:\/\/www.liberation.fr\/international\/europe\/royaume-uni-le-plus-haut-fonctionnaire-du-pays-et-le-patron-du-mi6-demissionnent-dun-club-reserve-aux-hommes-20240320_ZBBDTMHKKZCVHP2D4DNDE4ORME\/\" target=\"_blank\" rel=\"noopener\" title=\"https:\/\/www.liberation.fr\/international\/europe\/royaume-uni-le-plus-haut-fonctionnaire-du-pays-et-le-patron-du-mi6-demissionnent-dun-club-reserve-aux-hommes-20240320_ZBBDTMHKKZCVHP2D4DNDE4ORME\/\">Richard Moore, <\/a>pr\u00e9cise le communiqu\u00e9. Le patron du MI6 est le seul membre de ce service dont le nom est rendu public. Il est sous la tutelle du minist\u00e8re britannique des Affaires \u00e9trang\u00e8res.<\/p>\n<p class=\"sc-ksZaOG ehjQrN text-element\">Louant un choix \u00abhistorique\u00bb, le Premier ministre Keir Starmer, \u00e9galement cit\u00e9 dans le communiqu\u00e9, a soulign\u00e9 une nomination qui \u00abintervient \u00e0 un moment o\u00f9 le r\u00f4le de nos services de renseignement n\u2019a jamais \u00e9t\u00e9 aussi crucial\u00bb. \u00abDans un contexte d\u2019instabilit\u00e9 mondiale et de menaces s\u00e9curitaires croissantes o\u00f9 la technologie conf\u00e8re un avantage strat\u00e9gique [\u2026] Blaise veillera \u00e0 ce que le Royaume-Uni rel\u00e8ve ces d\u00e9fis pour garantir la s\u00e9curit\u00e9 du pays [\u2026]\u00bb, a compl\u00e9t\u00e9 le ministre des Affaires \u00e9trang\u00e8res David Lammy.<\/p>\n<p class=\"sc-ksZaOG ehjQrN text-element\">Les services de renseignements britanniques se composent du MI6 (ext\u00e9rieur), du MI5 (int\u00e9rieur) et du GCHQ, qui signifie Quartier g\u00e9n\u00e9ral des communications. En\u00a02023, Anne Keast-Butler a \u00e9t\u00e9 la premi\u00e8re femme nomm\u00e9e \u00e0 la t\u00eate du GCHQ. Jusqu\u2019alors, seul le MI5 avait \u00e9t\u00e9 dirig\u00e9 par des femmes\u00a0: Stella Rimington entre\u00a01992 et\u00a01996, puis Eliza Manningham-Buller entre\u00a02002 et\u00a02007.<\/p>\n","protected":false},"excerpt":{"rendered":"Judi Dench, qui a incarn\u00e9 M dans sept films de James Bond, tient enfin son alter ego dans&hellip;\n","protected":false},"author":2,"featured_media":180361,"comment_status":"","ping_status":"","sticky":false,"template":"","format":"standard","meta":{"footnotes":""},"categories":[1588],"tags":[11,1777,674,12,24167,473,1853,1851,1850,1852],"class_list":{"0":"post-180360","1":"post","2":"type-post","3":"status-publish","4":"format-standard","5":"has-post-thumbnail","7":"category-royaume-uni","8":"tag-actualites","9":"tag-eu","10":"tag-europe","11":"tag-news","12":"tag-renseignement","13":"tag-royaume-uni","14":"tag-royaume-uni-de-grande-bretagne-et-dirlande-du-nord","15":"tag-uk","16":"tag-united-kingdom","17":"tag-united-kingdom-of-great-britain-and-northern-ireland"},"share_on_mastodon":{"url":"https:\/\/pubeurope.com\/@fr\/114692043824103233","error":""},"_links":{"self":[{"href":"https:\/\/www.europesays.com\/fr\/wp-json\/wp\/v2\/posts\/180360","targetHints":{"allow":["GET"]}}],"collection":[{"href":"https:\/\/www.europesays.com\/fr\/wp-json\/wp\/v2\/posts"}],"about":[{"href":"https:\/\/www.europesays.com\/fr\/wp-json\/wp\/v2\/types\/post"}],"author":[{"embeddable":true,"href":"https:\/\/www.europesays.com\/fr\/wp-json\/wp\/v2\/users\/2"}],"replies":[{"embeddable":true,"href":"https:\/\/www.europesays.com\/fr\/wp-json\/wp\/v2\/comments?post=180360"}],"version-history":[{"count":0,"href":"https:\/\/www.europesays.com\/fr\/wp-json\/wp\/v2\/posts\/180360\/revisions"}],"wp:featuredmedia":[{"embeddable":true,"href":"https:\/\/www.europesays.com\/fr\/wp-json\/wp\/v2\/media\/180361"}],"wp:attachment":[{"href":"https:\/\/www.europesays.com\/fr\/wp-json\/wp\/v2\/media?parent=180360"}],"wp:term":[{"taxonomy":"category","embeddable":true,"href":"https:\/\/www.europesays.com\/fr\/wp-json\/wp\/v2\/categories?post=180360"},{"taxonomy":"post_tag","embeddable":true,"href":"https:\/\/www.europesays.com\/fr\/wp-json\/wp\/v2\/tags?post=180360"}],"curies":[{"name":"wp","href":"https:\/\/api.w.org\/{rel}","templated":true}]}}