{"id":180370,"date":"2025-06-16T08:18:10","date_gmt":"2025-06-16T08:18:10","guid":{"rendered":"https:\/\/www.europesays.com\/fr\/180370\/"},"modified":"2025-06-16T08:18:10","modified_gmt":"2025-06-16T08:18:10","slug":"decouvrez-les-sujets-de-lepreuve-de-philosophie","status":"publish","type":"post","link":"https:\/\/www.europesays.com\/fr\/180370\/","title":{"rendered":"d\u00e9couvrez les sujets de l&rsquo;\u00e9preuve de philosophie"},"content":{"rendered":"<p class=\"article-p mdl\">532.065 lyc\u00e9ens g\u00e9n\u00e9raux et technologiques planchent ce lundi 16 juin 2025 sur leur \u00e9preuve de philosophie du baccalaur\u00e9at. Depuis 8h ce matin, les 386.135 candidats en fili\u00e8re g\u00e9n\u00e9rale et les 145.930 en fili\u00e8re technologique ont 4h pour \u00e9crire <strong>sur trois sujets au choix<\/strong> : deux dissertations et un commentaire de texte.\u00a0<br \/>Pour le bac g\u00e9n\u00e9ral, voici les sujets de philosophie :\u00a0<br \/>&#8211;\u00a0Sujet dissertation 1 : Notre avenir d\u00e9pend-il de la technique ?<br \/>&#8211; Sujet dissertation 2 : La v\u00e9rit\u00e9 est-elle toujours convaincante ?<br \/>&#8211; Explication de texte : un extrait de\u00a0Th\u00e9orie de la justice (1971) de Hohn Rawls<br \/>Pour le bac technologique, voici les sujets de philosophie :\u00a0<br \/>&#8211;\u00a0Sujet dissertation 1 : Sommes-nous libres en toutes circonstances ?<br \/>&#8211; Sujet dissertation 2 : Avons-nous besoin d&rsquo;art ?<br \/>&#8211; Explication de texte : un extrait deTh\u00e9orie des sentiments moraux (1759) de Adam Smith<\/p>\n<p class=\"article-p mdl\">Retrouvez d\u00e8s 12h ce lundi 16 juin\u00a0<strong>les corrig\u00e9s complets<\/strong> de ces \u00e9preuves\u00a0sur RTL.fr\u00a0en partenariat avec digiSchool. L&rsquo;\u00e9preuve repr\u00e9sente un coefficient 8 en voie g\u00e9n\u00e9rale et un coefficient 4 en voie technologique dans le calcul de la note finale de l\u2019examen.\u00a0<\/p>\n<p class=\"article-p mdl\">Apr\u00e8s la philo, les lyc\u00e9ens passeront leurs \u00e9preuves de sp\u00e9cialit\u00e9 puis ce sera l&rsquo;heure du grand oral, entre le lundi 23 juin et le mercredi 2 juillet.\u00a0<strong>Les r\u00e9sultats du bac seront publi\u00e9s le vendredi 4 juillet.<\/strong> Depuis sa r\u00e9forme en 2019, la note du baccalaur\u00e9at repose \u00e0 40% sur du contr\u00f4le continu et \u00e0 <strong>60% sur des \u00e9preuves terminales<\/strong> (le fran\u00e7ais \u00e9crit et oral, pass\u00e9 en classe de Premi\u00e8re, la philosophie, les \u00e9preuves de sp\u00e9cialit\u00e9s et le grand oral, pass\u00e9s en Terminale).\u00a0<\/p>\n<p>    La r\u00e9daction vous recommande<\/p>\n<p class=\"s-newsletter__title\">\n                L\u2019actualit\u00e9 par la r\u00e9daction de RTL dans votre bo\u00eete mail.\n            <\/p>\n<p class=\"s-newsletter__subtitle\">\n                Gr\u00e2ce \u00e0 votre compte RTL abonnez-vous \u00e0 la newsletter RTL info pour suivre toute l&rsquo;actualit\u00e9 au quotidien\n            <\/p>\n<p>\n                                    Lire la suite\n                                <\/p>\n","protected":false},"excerpt":{"rendered":"532.065 lyc\u00e9ens g\u00e9n\u00e9raux et technologiques planchent ce lundi 16 juin 2025 sur leur \u00e9preuve de philosophie du baccalaur\u00e9at.&hellip;\n","protected":false},"author":2,"featured_media":180371,"comment_status":"","ping_status":"","sticky":false,"template":"","format":"standard","meta":{"footnotes":""},"categories":[2],"tags":[11,898,3867,107,1011,27,12,2195,25],"class_list":{"0":"post-180370","1":"post","2":"type-post","3":"status-publish","4":"format-standard","5":"has-post-thumbnail","7":"category-actualites","8":"tag-actualites","9":"tag-alerte","10":"tag-baccalaureat","11":"tag-fil-info","12":"tag-fr","13":"tag-france","14":"tag-news","15":"tag-philosophie","16":"tag-republique-francaise"},"share_on_mastodon":{"url":"https:\/\/pubeurope.com\/@fr\/114692063486256899","error":""},"_links":{"self":[{"href":"https:\/\/www.europesays.com\/fr\/wp-json\/wp\/v2\/posts\/180370","targetHints":{"allow":["GET"]}}],"collection":[{"href":"https:\/\/www.europesays.com\/fr\/wp-json\/wp\/v2\/posts"}],"about":[{"href":"https:\/\/www.europesays.com\/fr\/wp-json\/wp\/v2\/types\/post"}],"author":[{"embeddable":true,"href":"https:\/\/www.europesays.com\/fr\/wp-json\/wp\/v2\/users\/2"}],"replies":[{"embeddable":true,"href":"https:\/\/www.europesays.com\/fr\/wp-json\/wp\/v2\/comments?post=180370"}],"version-history":[{"count":0,"href":"https:\/\/www.europesays.com\/fr\/wp-json\/wp\/v2\/posts\/180370\/revisions"}],"wp:featuredmedia":[{"embeddable":true,"href":"https:\/\/www.europesays.com\/fr\/wp-json\/wp\/v2\/media\/180371"}],"wp:attachment":[{"href":"https:\/\/www.europesays.com\/fr\/wp-json\/wp\/v2\/media?parent=180370"}],"wp:term":[{"taxonomy":"category","embeddable":true,"href":"https:\/\/www.europesays.com\/fr\/wp-json\/wp\/v2\/categories?post=180370"},{"taxonomy":"post_tag","embeddable":true,"href":"https:\/\/www.europesays.com\/fr\/wp-json\/wp\/v2\/tags?post=180370"}],"curies":[{"name":"wp","href":"https:\/\/api.w.org\/{rel}","templated":true}]}}