{"id":180376,"date":"2025-06-16T08:22:20","date_gmt":"2025-06-16T08:22:20","guid":{"rendered":"https:\/\/www.europesays.com\/fr\/180376\/"},"modified":"2025-06-16T08:22:20","modified_gmt":"2025-06-16T08:22:20","slug":"state-of-origin-mitchell-moses-blesse-retour-de-jarome-luai-rugby-a-xiii","status":"publish","type":"post","link":"https:\/\/www.europesays.com\/fr\/180376\/","title":{"rendered":"State Of Origin &#8211; Mitchell Moses bless\u00e9, retour de Jarome Luai &#8211; Rugby \u00e0 XIII"},"content":{"rendered":"<p style=\"text-align: justify;\"><strong>Bless\u00e9 au mollet pendant le camp d\u2019entrainement, Mitchell Moses est out pour plusieurs semaines. Laurie Daley a rappel\u00e9 Jarome Luai.<\/strong><\/p>\n<p style=\"text-align: justify;\">Il s\u2019\u00e9tait d\u00e9clar\u00e9 pr\u00eat en cas de besoin, besoin il y a, de retour il est. Jarome Luai va remplacer Mitchell Moses bless\u00e9 et va retrouver Nathan Cleary \u00e0 la charni\u00e8re. Non seulement les deux hommes ont remport\u00e9 4 titres NRL ensemble mais aussi une s\u00e9rie en 2021. Luai \u00e9tait aussi pr\u00e9sent pour les 3 matchs de la s\u00e9rie victorieuse de l\u2019an pass\u00e9, sans Cleary cette fois. Un choix logique donc a priori sauf qu\u2019il y avait d\u00e9j\u00e0 dans le squad un demi qui se voit passer devant par Luai.<\/p>\n<p style=\"text-align: justify;\">Matt Burton \u00e9tait suppl\u00e9ant et il semble qu\u2019il va le rester. On peut trouver \u00e9tonnant de prendre Burton dans le groupe pour ne pas le promouvoir titulaire quand un joueur sur son poste se blesse. En tout cas, les \u00ab\u00a0Queenslanders\u00a0\u00bb n\u2019ont pas manqu\u00e9 de le faire remarquer, esp\u00e9rant cr\u00e9er la zizanie dans le camp Blues. L\u2019option de garder Burton en 18\u00e8me homme peut s\u2019expliquer par sa polyvalence. Dans tous les cas, les Blues ne perdent pas beaucoup au change et reste les grands favoris pour boucler la s\u00e9rie \u00e0 Perth d\u00e8s le deuxi\u00e8me match ce mercredi 18 juin.<\/p>\n<blockquote class=\"twitter-tweet\" data-width=\"500\" data-dnt=\"true\">\n<p lang=\"en\" dir=\"ltr\">When Laurie Daley called Jarome Luai before Origin I to tell him that Mitchell Moses would partner Nathan Cleary in the halves, the Wests Tigers playmaker replied: \u201cIf you need me, I\u2019ll be ready\u201d.<a href=\"https:\/\/t.co\/1XR9bQkZ5Z\">https:\/\/t.co\/1XR9bQkZ5Z<\/a><\/p>\n<p>\u2014 NRL (@NRL) <a href=\"https:\/\/twitter.com\/NRL\/status\/1933087630171762726?ref_src=twsrc%5Etfw\" target=\"_blank\" rel=\"noopener\">June 12, 2025<\/a><\/p>\n<\/blockquote>\n<p>        <script async src=\"https:\/\/platform.twitter.com\/widgets.js\" charset=\"utf-8\"><\/script><\/p>\n","protected":false},"excerpt":{"rendered":"Bless\u00e9 au mollet pendant le camp d\u2019entrainement, Mitchell Moses est out pour plusieurs semaines. Laurie Daley a rappel\u00e9&hellip;\n","protected":false},"author":2,"featured_media":180377,"comment_status":"","ping_status":"","sticky":false,"template":"","format":"standard","meta":{"footnotes":""},"categories":[1416],"tags":[1011,27,31769,31770,31771,31772,479,2228,1468,2229,60],"class_list":{"0":"post-180376","1":"post","2":"type-post","3":"status-publish","4":"format-standard","5":"has-post-thumbnail","7":"category-rugby","8":"tag-fr","9":"tag-france","10":"tag-jarome-luai","11":"tag-mitchell-moses","12":"tag-new-south-wales-blues","13":"tag-nsw-blues","14":"tag-rugby","15":"tag-rugby-a-xiii","16":"tag-rugby-football","17":"tag-rugby-league","18":"tag-sports"},"share_on_mastodon":{"url":"https:\/\/pubeurope.com\/@fr\/114692079205451819","error":""},"_links":{"self":[{"href":"https:\/\/www.europesays.com\/fr\/wp-json\/wp\/v2\/posts\/180376","targetHints":{"allow":["GET"]}}],"collection":[{"href":"https:\/\/www.europesays.com\/fr\/wp-json\/wp\/v2\/posts"}],"about":[{"href":"https:\/\/www.europesays.com\/fr\/wp-json\/wp\/v2\/types\/post"}],"author":[{"embeddable":true,"href":"https:\/\/www.europesays.com\/fr\/wp-json\/wp\/v2\/users\/2"}],"replies":[{"embeddable":true,"href":"https:\/\/www.europesays.com\/fr\/wp-json\/wp\/v2\/comments?post=180376"}],"version-history":[{"count":0,"href":"https:\/\/www.europesays.com\/fr\/wp-json\/wp\/v2\/posts\/180376\/revisions"}],"wp:featuredmedia":[{"embeddable":true,"href":"https:\/\/www.europesays.com\/fr\/wp-json\/wp\/v2\/media\/180377"}],"wp:attachment":[{"href":"https:\/\/www.europesays.com\/fr\/wp-json\/wp\/v2\/media?parent=180376"}],"wp:term":[{"taxonomy":"category","embeddable":true,"href":"https:\/\/www.europesays.com\/fr\/wp-json\/wp\/v2\/categories?post=180376"},{"taxonomy":"post_tag","embeddable":true,"href":"https:\/\/www.europesays.com\/fr\/wp-json\/wp\/v2\/tags?post=180376"}],"curies":[{"name":"wp","href":"https:\/\/api.w.org\/{rel}","templated":true}]}}