{"id":180378,"date":"2025-06-16T08:23:09","date_gmt":"2025-06-16T08:23:09","guid":{"rendered":"https:\/\/www.europesays.com\/fr\/180378\/"},"modified":"2025-06-16T08:23:09","modified_gmt":"2025-06-16T08:23:09","slug":"atp-mauvaise-nouvelle-pour-djokovic-a-deux-semaines-de-wimbledon","status":"publish","type":"post","link":"https:\/\/www.europesays.com\/fr\/180378\/","title":{"rendered":"ATP > Mauvaise nouvelle pour Djokovic \u00e0 deux semaines de Wimbledon !"},"content":{"rendered":"<p>Alors qu\u2019il visera un 25e titre du Grand Chelem et un 8e sacre \u00e0 Wimbledon du 29 juin au 13 juillet, Novak Djokovic sait d\u00e9j\u00e0 qu\u2019il ne figu\u00adrera pas parmi les quatre premi\u00e8res t\u00eates de s\u00e9rie du tournoi.\u00a0<\/p>\n<p>Le Serbe a en effet \u00e9t\u00e9 doubl\u00e9 au clas\u00adse\u00adment mondial par Taylor Fritz, tombeur d\u2019Alexander Zverev dimanche et vain\u00adqueur de l\u2019ATP 250 de Stuttgart.\u00a0<\/p>\n<p>La cons\u00e9\u00adquence, c\u2019est que Nole pour\u00adrait affronter Jannik Sinner ou Carlos Alcaraz d\u00e8s les quarts de finale de Wimbledon.\u00a0<\/p>\n<blockquote class=\"twitter-tweet\">\n<p lang=\"es\" dir=\"ltr\">\ud83c\udf31 En la ante\u00adsala de Wimbledon, la consa\u00adgra\u00adci\u00f3n de Fritz en <a href=\"https:\/\/twitter.com\/hashtag\/Stuttgart?src=hash&amp;ref_src=twsrc%5Etfw\" data-wpel-link=\"external\" target=\"_blank\" rel=\"nofollow external noopener\">#Stuttgart<\/a> perju\u00addic\u00f3 a Djokovic. \ud83d\udcc9<\/p>\n<p>\ud83d\udd17 Enterate por qu\u00e9 y c\u00f3mo afect\u00f3 al serbio en el link a conti\u00adnua\u00adci\u00f3n\u00a0:<a href=\"https:\/\/t.co\/XpBGR9dUwq\" data-wpel-link=\"external\" target=\"_blank\" rel=\"nofollow external noopener\">https:\/\/t.co\/XpBGR9dUwq<\/a> <a href=\"https:\/\/t.co\/UQx6S40SAY\" data-wpel-link=\"external\" target=\"_blank\" rel=\"nofollow external noopener\">pic.twitter.com\/UQx6S40SAY<\/a><\/p>\n<p>\u2014 ESPN Tenis (@ESPNtenis) <a href=\"https:\/\/twitter.com\/ESPNtenis\/status\/1934400781719056794?ref_src=twsrc%5Etfw\" data-wpel-link=\"external\" target=\"_blank\" rel=\"nofollow external noopener\">June 16,\u00a02025<\/a><\/p><\/blockquote>\n<p>Autant dire que la t\u00e2che s\u2019an\u00adnonce compli\u00adqu\u00e9e pour la l\u00e9gende de 38\u00a0ans.\u00a0<\/p>\n<p class=\"post-published-date\" style=\"color: silver; font-size: 75%; text-align: left;\">Publi\u00e9 le lundi 16 juin 2025 \u00e0 08:04<\/p>\n<p><script async src=\"https:\/\/platform.twitter.com\/widgets.js\" charset=\"utf-8\"><\/script><\/p>\n","protected":false},"excerpt":{"rendered":"Alors qu\u2019il visera un 25e titre du Grand Chelem et un 8e sacre \u00e0 Wimbledon du 29 juin&hellip;\n","protected":false},"author":2,"featured_media":180379,"comment_status":"","ping_status":"","sticky":false,"template":"","format":"standard","meta":{"footnotes":""},"categories":[1415],"tags":[1744,105,1011,27,2127,60,1467,4542],"class_list":{"0":"post-180378","1":"post","2":"type-post","3":"status-publish","4":"format-standard","5":"has-post-thumbnail","7":"category-tennis","8":"tag-alcaraz","9":"tag-djokovic","10":"tag-fr","11":"tag-france","12":"tag-sinner","13":"tag-sports","14":"tag-tennis","15":"tag-zverev"},"share_on_mastodon":{"url":"https:\/\/pubeurope.com\/@fr\/114692083106424682","error":""},"_links":{"self":[{"href":"https:\/\/www.europesays.com\/fr\/wp-json\/wp\/v2\/posts\/180378","targetHints":{"allow":["GET"]}}],"collection":[{"href":"https:\/\/www.europesays.com\/fr\/wp-json\/wp\/v2\/posts"}],"about":[{"href":"https:\/\/www.europesays.com\/fr\/wp-json\/wp\/v2\/types\/post"}],"author":[{"embeddable":true,"href":"https:\/\/www.europesays.com\/fr\/wp-json\/wp\/v2\/users\/2"}],"replies":[{"embeddable":true,"href":"https:\/\/www.europesays.com\/fr\/wp-json\/wp\/v2\/comments?post=180378"}],"version-history":[{"count":0,"href":"https:\/\/www.europesays.com\/fr\/wp-json\/wp\/v2\/posts\/180378\/revisions"}],"wp:featuredmedia":[{"embeddable":true,"href":"https:\/\/www.europesays.com\/fr\/wp-json\/wp\/v2\/media\/180379"}],"wp:attachment":[{"href":"https:\/\/www.europesays.com\/fr\/wp-json\/wp\/v2\/media?parent=180378"}],"wp:term":[{"taxonomy":"category","embeddable":true,"href":"https:\/\/www.europesays.com\/fr\/wp-json\/wp\/v2\/categories?post=180378"},{"taxonomy":"post_tag","embeddable":true,"href":"https:\/\/www.europesays.com\/fr\/wp-json\/wp\/v2\/tags?post=180378"}],"curies":[{"name":"wp","href":"https:\/\/api.w.org\/{rel}","templated":true}]}}