{"id":180382,"date":"2025-06-16T08:26:10","date_gmt":"2025-06-16T08:26:10","guid":{"rendered":"https:\/\/www.europesays.com\/fr\/180382\/"},"modified":"2025-06-16T08:26:10","modified_gmt":"2025-06-16T08:26:10","slug":"video-la-bande-annonce-de-f1-le-film-au-cinema-a-partir-du-25-juin","status":"publish","type":"post","link":"https:\/\/www.europesays.com\/fr\/180382\/","title":{"rendered":"Vid\u00e9o : la bande-annonce de F1 le film, au cin\u00e9ma \u00e0 partir du 25 juin"},"content":{"rendered":"<p>Le 25 juin prochain, les passionn\u00e9s de Formule 1 devraient se ruer dans les salles obscures pour une exp\u00e9rience cin\u00e9matographique qui s\u2019annonce grandiose. En esp\u00e9rant que le sc\u00e9nario de F1 le film, avec Brad Pitt, soit \u00e0 la hauteur, avouons que la nouvelle bande-annonce mise en ligne par Warner Bros. Pictures est aussi impressionnante que prometteuse.<\/p>\n<p class=\"ai-optimize-7 ai-optimize-introduction\">Lors des saisons <strong><a title=\"F1\" href=\" https:\/\/lesvoitures.fr\/formule1\/\">F1<\/a> 2023 et F1 2024<\/strong>, <strong>Brad Pitt<\/strong>, les autres acteurs et pilotes engag\u00e9s pour le tournage de <strong>F1 le film<\/strong>\u00a0portant sur la <strong>Formule 1<\/strong>, ont \u00e9t\u00e9 film\u00e9s lors des s\u00e9ances d\u2019essais libres. Quant \u00e0 la monoplace de <strong>F1<\/strong> de <strong>Brad Pitt<\/strong>, elle arbore le nom <strong>\u00ab\u00a0APX GT\u00a0\u00bb<\/strong>, celui de l\u2019\u00e9curie fictive cr\u00e9\u00e9e pour l\u2019occasion. Pr\u00e9cisons, et ce n\u2019est pas un d\u00e9tail, que cette monoplace de <strong>F1 APX GT<\/strong> est, en fait, une <strong>F2 pr\u00e9par\u00e9e par Mercedes-AMG<\/strong> pour ressembler, au plus pr\u00e8s et les moindres d\u00e9tails, \u00e0 une <strong>monoplace de F1<\/strong>. Quant au <strong>Championnat du Monde de Formule 1 2025<\/strong>, le dimanche <strong>15 juin<\/strong>, <strong>George Russell<\/strong> <strong>(Mercedes-AMG F1 Team)<\/strong> a remport\u00e9 le <a href=\"https:\/\/lesvoitures.fr\/f1-gp-du-canada-george-russell-oscar-piastri-lando-norris\/\" target=\"_blank\" rel=\"noopener\"><strong>GP du Canada<\/strong><\/a> et <strong>Oscar Piastri<\/strong> <strong>(<a title=\"McLaren\" href=\" https:\/\/lesvoitures.fr\/mclaren\/\">McLaren<\/a> Racing)<\/strong> m\u00e8ne toujours le <strong>classement Pilotes<\/strong>. Voici la nouvelle bande-annonce, en fran\u00e7ais, de <strong>F1 le film <\/strong>dont la sortie au cin\u00e9ma en France, est pr\u00e9vue pour le <strong>mercredi<\/strong> <strong>25 juin 2025<\/strong>.<\/p>\n<p>\u00a0<\/p>\n<\/p>\n<p class=\"ai-optimize-8\">Rappelons que le film avec <strong>Brad Pitt<\/strong> sur le \u00ab\u00a0grand cirque de la <strong>F1<\/strong>\u00a0\u00bb est produit par <strong>Apple Original Films<\/strong> et r\u00e9alis\u00e9 par nul autre que <strong>Joseph Kosinski<\/strong>, \u00e0 qui l\u2019on doit l\u2019exceptionnel <strong>Top Gun: Maverick<\/strong>. <strong>Lewis Hamilton<\/strong> fait donc aussi partie de ce projet cin\u00e9matographique en tant que <strong>co-producteur<\/strong> du film.<\/p>\n<p><img loading=\"lazy\" decoding=\"async\" class=\"alignnone size-medium wp-image-469389\" src=\"https:\/\/www.europesays.com\/fr\/wp-content\/uploads\/2025\/06\/Brad-Pitt-F1-le-film-bande-annonce-785x442.png\" alt=\"Brad Pitt F1 le film\" width=\"785\" height=\"442\"  \/><\/p>\n<p class=\"ai-optimize-8\">Lors de certains <strong>GP<\/strong>, le pilote britannique a \u00e9t\u00e9 \u00e9quip\u00e9 d\u2019une <strong><a title=\"mini\" href=\" https:\/\/lesvoitures.fr\/mini\/\">mini<\/a>-cam\u00e9ra, d\u2019une tr\u00e8s haute-r\u00e9solution de 6K<\/strong>, pour filmer des images dites \u00ab\u00a0on board\u00a0\u00bb, qui seront visibles au cin\u00e9ma dans le film sur la <strong>F1<\/strong> avec <strong>Brad Pitt, Javier Bardem et Damson Idris<\/strong>.<\/p>\n<p><img loading=\"lazy\" decoding=\"async\" class=\"alignnone size-medium wp-image-469391\" src=\"https:\/\/www.europesays.com\/fr\/wp-content\/uploads\/2025\/06\/Film-F1-25-juin-cinema-785x324.png\" alt=\"\" width=\"785\" height=\"324\"  \/><\/p>\n<p class=\"ai-optimize-9\">Enfin, en mati\u00e8re de sc\u00e9nario, <strong>Brad Pitt<\/strong> endosse, dans <strong>F1 le film<\/strong>, la combinaison d\u2019un pilote qui vient de quitter les circuits pour prendre sa retraite. Le personnage, <strong>Sonny Hayes<\/strong>\u00a0revient aux affaires pour coacher un jeune pilote. Cela rappelle le sc\u00e9nario de <strong>Driven (2001)<\/strong> avec <strong>Sylvester Stallone<\/strong>.<\/p>\n<p class=\"ai-optimize-10\">La r\u00e9daction<\/p>\n<p class=\"ai-optimize-11\">Photos : Warner Bros. Pictures<\/p>\n","protected":false},"excerpt":{"rendered":"Le 25 juin prochain, les passionn\u00e9s de Formule 1 devraient se ruer dans les salles obscures pour une&hellip;\n","protected":false},"author":2,"featured_media":180383,"comment_status":"","ping_status":"","sticky":false,"template":"","format":"standard","meta":{"footnotes":""},"categories":[1412],"tags":[31774,2134,1451,31773,1452,1453,1454,1455,1011,27,31775,60],"class_list":{"0":"post-180382","1":"post","2":"type-post","3":"status-publish","4":"format-standard","5":"has-post-thumbnail","7":"category-f1","8":"tag-bande-annonce-film-f1","9":"tag-brad-pitt","10":"tag-f1","11":"tag-film-f1","12":"tag-formula-1","13":"tag-formula1","14":"tag-formule-1","15":"tag-formule1","16":"tag-fr","17":"tag-france","18":"tag-le-film","19":"tag-sports"},"share_on_mastodon":{"url":"https:\/\/pubeurope.com\/@fr\/114692095044236416","error":""},"_links":{"self":[{"href":"https:\/\/www.europesays.com\/fr\/wp-json\/wp\/v2\/posts\/180382","targetHints":{"allow":["GET"]}}],"collection":[{"href":"https:\/\/www.europesays.com\/fr\/wp-json\/wp\/v2\/posts"}],"about":[{"href":"https:\/\/www.europesays.com\/fr\/wp-json\/wp\/v2\/types\/post"}],"author":[{"embeddable":true,"href":"https:\/\/www.europesays.com\/fr\/wp-json\/wp\/v2\/users\/2"}],"replies":[{"embeddable":true,"href":"https:\/\/www.europesays.com\/fr\/wp-json\/wp\/v2\/comments?post=180382"}],"version-history":[{"count":0,"href":"https:\/\/www.europesays.com\/fr\/wp-json\/wp\/v2\/posts\/180382\/revisions"}],"wp:featuredmedia":[{"embeddable":true,"href":"https:\/\/www.europesays.com\/fr\/wp-json\/wp\/v2\/media\/180383"}],"wp:attachment":[{"href":"https:\/\/www.europesays.com\/fr\/wp-json\/wp\/v2\/media?parent=180382"}],"wp:term":[{"taxonomy":"category","embeddable":true,"href":"https:\/\/www.europesays.com\/fr\/wp-json\/wp\/v2\/categories?post=180382"},{"taxonomy":"post_tag","embeddable":true,"href":"https:\/\/www.europesays.com\/fr\/wp-json\/wp\/v2\/tags?post=180382"}],"curies":[{"name":"wp","href":"https:\/\/api.w.org\/{rel}","templated":true}]}}