{"id":180394,"date":"2025-06-16T08:33:18","date_gmt":"2025-06-16T08:33:18","guid":{"rendered":"https:\/\/www.europesays.com\/fr\/180394\/"},"modified":"2025-06-16T08:33:18","modified_gmt":"2025-06-16T08:33:18","slug":"laury-et-anthony-maries-au-premier-regard-2025-font-le-point-sur-leur-relation-dans-le-dernier-episode-deja-visible","status":"publish","type":"post","link":"https:\/\/www.europesays.com\/fr\/180394\/","title":{"rendered":"Laury et Anthony (Mari\u00e9s au premier regard 2025) font le point sur leur relation dans le dernier \u00e9pisode d\u00e9j\u00e0 visible"},"content":{"rendered":"<p>La neuvi\u00e8me saison de<a href=\"https:\/\/www.programme-tv.net\/news\/tele-realite\/371158-maries-au-premier-regard-2025-date-de-diffusion-deux-expertes-nouveautes-les-premieres-infos-sur-la-saison-9\/\" data-api-deeplink=\"teleloisirs:\/\/news\/371158\" target=\"_blank\" rel=\"noopener\"> Mari\u00e9s au premier regard<\/a> touche \u00e0 sa fin. Dans le seizi\u00e8me et dernier \u00e9pisode de l&rsquo;\u00e9mission de dating, qui sera diffus\u00e9 ce lundi 16 juin sur M6 mais est d\u00e9j\u00e0 disponible sur M6+<b> (attention, la suite de cet article contient des spoilers !)<\/b>, <a href=\"https:\/\/www.programme-tv.net\/news\/tv\/378939-deuxieme-mariage-deuxieme-echec-c-est-la-fin-pour-anthony-et-laury-dans-maries-au-premier-regard\/\" data-api-deeplink=\"teleloisirs:\/\/news\/378939\" target=\"_blank\" rel=\"noopener\">Laury et Anthony, qui ont choisi de divorcer malgr\u00e9 leur compatibilit\u00e9 \u00e0 75 %<\/a>, se revoient. Plusieurs mois apr\u00e8s la fin de l&rsquo;exp\u00e9rience, l&rsquo;ancien couple vit d\u00e9sormais une amiti\u00e9 sinc\u00e8re et profonde. \u00ab\u00a0Apr\u00e8s la s\u00e9paration avec Laury, on a repris nos vies comme on les avait laiss\u00e9es avant. Vu que j&rsquo;avais le projet de r\u00e9ouvrir un salon sur Cuers, je me suis mis \u00e0 100 % dedans\u00a0\u00bb, raconte le coiffeur-barbier de 33 ans. \u00ab\u00a0Juste apr\u00e8s la rupture avec Anthony, j&rsquo;ai repris le cours de ma vie : le travail, les sorties\u00a0\u00bb, dit ensuite la voix de la jeune femme, en miroir, tandis qu&rsquo;on la voit se balader dans la ville&#8230; jusqu&rsquo;\u00e0 passer le pas de la porte du salon de son ex.<\/p>\n<p>\u00ab\u00a0On est en contact tous les jours\u00a0\u00bb : des mois apr\u00e8s leur divorce, la relation de Laury et Anthony (MAPR 2025) prend une tournure surprenante<\/p>\n<p>Alors qu&rsquo;Anthony l&rsquo;appelle \u00ab\u00a0mon chat\u00a0\u00bb et <a href=\"https:\/\/www.programme-tv.net\/news\/tele-realite\/377522-je-m-excuse-anthony-maries-au-premier-regard-demande-a-laury-de-lui-pardonner-apres-un-commentaire-maladroit-sur-son-physique\/\" data-api-deeplink=\"teleloisirs:\/\/news\/377522\" target=\"_blank\" rel=\"noopener\">la complimente sur son look<\/a>, Laury le prend dans ses bras et le f\u00e9licite pour son nouveau salon. \u00ab\u00a0<b>On a commenc\u00e9 \u00e0 se voir en dehors des moments de tournage<\/b> et au final, c&rsquo;est cool, \u00e7a se passe bien. Il n&rsquo;y a aucune tension, aucune amertume\u00a0\u00bb, se confie la jeune femme face cam\u00e9ra. \u00ab\u00a0Au d\u00e9but, \u00e7a a \u00e9t\u00e9 un petit message pour prendre des nouvelles, comme \u00e7a, et aujourd&rsquo;hui, l\u00e0, on est en contact tous les jours, <a href=\"https:\/\/www.programme-tv.net\/news\/tele-realite\/376914-ca-ma-un-peu-frustree-laury-maries-au-premier-regard-2025-decue-qu-anthony-refuse-de-se-rapprocher-d-elle-dans-le-prochain-episode\/\" data-api-deeplink=\"teleloisirs:\/\/news\/376914\" target=\"_blank\" rel=\"noopener\">on s&rsquo;appelle souvent, on se voit souvent, et c&rsquo;est dans les deux sens<\/a>\u00ab\u00a0, explique \u00e0 son tour Anthony. \u00ab\u00a0On est vraiment comme \u00e7a\u00a0\u00bb, continue Laury en liant ses deux mains : \u00ab\u00a0M\u00eame, je ne m&rsquo;y attendais pas autant. J&rsquo;ai gagn\u00e9 un ami, et un tr\u00e8s bon ami\u00a0\u00bb. Au bar en train de boire un verre ensemble, les deux ex se confient. \u00ab\u00a0Je suis vraiment surpris de la tournure que \u00e7a a pris, et quand on s&rsquo;est quitt\u00e9s au cheval, ce n&rsquo;\u00e9tait pas \u00e9crit\u00a0\u00bb, d\u00e9clare le jeune homme quand son ex pr\u00e9cise : \u00ab\u00a0Je n&rsquo;aurais jamais cru qu&rsquo;on se verrait autant. Rien que cette semaine, on se voit d\u00e9j\u00e0 deux fois\u00a0\u00bb.<\/p>\n<p>                        Anthony (Mari\u00e9s au premier regard 2025) et Laury ont compl\u00e8tement chang\u00e9 depuis la fin du tournage de l&rsquo;\u00e9mission de M6<\/p>\n<p>\u00ab\u00a0Je n&rsquo;aurais jamais mis\u00e9 sur une entente qui est telle qu&rsquo;elle est aujourd&rsquo;hui. Parce que <b>c&rsquo;\u00e9tait tr\u00e8s mal parti<\/b>, tr\u00e8s tr\u00e8s mal parti. Ce qui a p\u00each\u00e9, je dirais&#8230; En fait, honn\u00eatement, je pense que \u00e7a a vraiment \u00e9t\u00e9 le mariage. <a href=\"https:\/\/www.programme-tv.net\/news\/tele-realite\/377028-anthony-maries-au-premier-regard-2025-bloque-avec-laury-il-prend-une-decision-radicale-dans-le-prochain-episode-a-voir-des-maintenant\/\" data-api-deeplink=\"teleloisirs:\/\/news\/377028\" target=\"_blank\" rel=\"noopener\">\u00c7a a \u00e9t\u00e9 dur pour moi de passer au-del\u00e0 de certaines \u00e9motions.<\/a> Bon, forc\u00e9ment, il y a eu le trajet\u00a0\u00bb, a expliqu\u00e9 Anthony, suscitant les excuses de son ex. \u00ab\u00a0<a href=\"https:\/\/www.programme-tv.net\/news\/tele-realite\/375619-pas-vu-a-la-tele-dans-maries-au-premier-regard-laury-devoile-la-vraie-raison-de-son-attitude-envers-anthony-le-jour-de-son-mariage\/\" data-api-deeplink=\"teleloisirs:\/\/news\/375619\" target=\"_blank\" rel=\"noopener\">Je fais un travail sur moi-m\u00eame pour g\u00e9rer mes \u00e9motions.<\/a> Maintenant, par exemple, quand j&rsquo;ai une situation qui m&#8217;embarrasse, avant de r\u00e9agir \u00e0 chaud, je vais prendre le temps de r\u00e9fl\u00e9chir, peut-\u00eatre m\u00eame de r\u00e9agir le lendemain sur certaines situations, pour \u00e9viter qu&rsquo;il y ait, soit des paroles ou des actes qui soient totalement d\u00e9cal\u00e9s et disproportionn\u00e9s\u00a0\u00bb, d\u00e9veloppe Laury face cam\u00e9ra. \u00ab\u00a0<a href=\"https:\/\/www.programme-tv.net\/news\/tele-realite\/378777-je-vais-en-prendre-pour-mon-grade-laury-maries-au-premier-regard-2025-tacle-anthony-qui-la-juge-superficielle-dans-le-prochain-episode-deja-visible\/\" data-api-deeplink=\"teleloisirs:\/\/news\/378777\" target=\"_blank\" rel=\"noopener\">Moi, c&rsquo;\u00e9tait le repas entre nous \u00e0 la fin, o\u00f9 ce n\u2019\u00e9tait pas tr\u00e8s amusant pour moi<\/a>, pas tr\u00e8s fun\u00a0\u00bb, r\u00e9pond la jeune femme, \u00e9voquant la maladresse des mots et des expressions faciales de<a href=\"https:\/\/www.programme-tv.net\/news\/tele-realite\/378277-jai-ete-tres-maladroit-anthony-maries-au-premier-regard-se-defend-apres-son-explication-brutale-avec-laury\/\" data-api-deeplink=\"teleloisirs:\/\/news\/378277\" target=\"_blank\" rel=\"noopener\"> son ex, qui, \u00e0 son tour, lui pr\u00e9sente ses excuses<\/a>. Une s\u00e9quence pleine de simplicit\u00e9 et de bienveillance qui t\u00e9moigne de l&rsquo;invraisemblable tournant qu&rsquo;a pris leur relation.<\/p>\n","protected":false},"excerpt":{"rendered":"La neuvi\u00e8me saison de Mari\u00e9s au premier regard touche \u00e0 sa fin. Dans le seizi\u00e8me et dernier \u00e9pisode&hellip;\n","protected":false},"author":2,"featured_media":180395,"comment_status":"","ping_status":"","sticky":false,"template":"","format":"standard","meta":{"footnotes":""},"categories":[1356],"tags":[5635,12236,244,58,59,1011,27,12237,494,5214,252,1364],"class_list":{"0":"post-180394","1":"post","2":"type-post","3":"status-publish","4":"format-standard","5":"has-post-thumbnail","7":"category-television","8":"tag-6play","9":"tag-anthony-mariu00e9s-au-premier-regard-9","10":"tag-commentaire","11":"tag-divertissement","12":"tag-entertainment","13":"tag-fr","14":"tag-france","15":"tag-laury-mariu00e9s-au-premier-regard-9","16":"tag-m6","17":"tag-mariu00e9s-au-premier-regard","18":"tag-television","19":"tag-tv"},"share_on_mastodon":{"url":"https:\/\/pubeurope.com\/@fr\/114692122602051294","error":""},"_links":{"self":[{"href":"https:\/\/www.europesays.com\/fr\/wp-json\/wp\/v2\/posts\/180394","targetHints":{"allow":["GET"]}}],"collection":[{"href":"https:\/\/www.europesays.com\/fr\/wp-json\/wp\/v2\/posts"}],"about":[{"href":"https:\/\/www.europesays.com\/fr\/wp-json\/wp\/v2\/types\/post"}],"author":[{"embeddable":true,"href":"https:\/\/www.europesays.com\/fr\/wp-json\/wp\/v2\/users\/2"}],"replies":[{"embeddable":true,"href":"https:\/\/www.europesays.com\/fr\/wp-json\/wp\/v2\/comments?post=180394"}],"version-history":[{"count":0,"href":"https:\/\/www.europesays.com\/fr\/wp-json\/wp\/v2\/posts\/180394\/revisions"}],"wp:featuredmedia":[{"embeddable":true,"href":"https:\/\/www.europesays.com\/fr\/wp-json\/wp\/v2\/media\/180395"}],"wp:attachment":[{"href":"https:\/\/www.europesays.com\/fr\/wp-json\/wp\/v2\/media?parent=180394"}],"wp:term":[{"taxonomy":"category","embeddable":true,"href":"https:\/\/www.europesays.com\/fr\/wp-json\/wp\/v2\/categories?post=180394"},{"taxonomy":"post_tag","embeddable":true,"href":"https:\/\/www.europesays.com\/fr\/wp-json\/wp\/v2\/tags?post=180394"}],"curies":[{"name":"wp","href":"https:\/\/api.w.org\/{rel}","templated":true}]}}