{"id":180400,"date":"2025-06-16T08:36:13","date_gmt":"2025-06-16T08:36:13","guid":{"rendered":"https:\/\/www.europesays.com\/fr\/180400\/"},"modified":"2025-06-16T08:36:13","modified_gmt":"2025-06-16T08:36:13","slug":"elle-ne-coute-que-5-euros","status":"publish","type":"post","link":"https:\/\/www.europesays.com\/fr\/180400\/","title":{"rendered":"elle ne co\u00fbte que 5 euros"},"content":{"rendered":"<p><strong>Plut\u00f4t poudre ou liquide ?<\/strong> L&rsquo;UFC-Que Choisir s\u2019en est all\u00e9 interroger les Fran\u00e7ais sur leurs pr\u00e9f\u00e9rences en mati\u00e8re de lessive. De fa\u00e7on surprenante, ce n\u2019est pas la solution la plus efficace qui l\u2019emporte. Ainsi, les lessives liquides repr\u00e9sentent 60 % des ventes, contre 10 % pour celles en poudre. En termes d\u2019efficacit\u00e9, l\u2019\u00e9cart ne peut \u00eatre ignor\u00e9. Les lessives en poudre obtiennent une note de 14,2\/20, tandis que les liquides n\u2019atteignent m\u00eame pas la moyenne avec 9\/20. L\u2019alternative des capsules, quant \u00e0 elle, d\u00e9croche un petit 10,8\/20.<\/p>\n<p>Les lessives en poudre sont les plus efficaces<\/p>\n<p>Et c\u2019est au \u00ab\u00a0pifom\u00e8tre\u00a0\u00bb que tout se joue ! Toujours selon l\u2019association de consommateurs, <strong>la raison principale<\/strong> qui pousse les consommateurs \u00e0 privil\u00e9gier la lessive liquide est son odeur. Les lessives liquides ne sont pas pour autant \u00e0 bannir. En effet, elles offrent une facilit\u00e9 d\u2019utilisation et une dissolution rapide, m\u00eame \u00e0 basse temp\u00e9rature, ce qui s\u00e9duit de nombreux utilisateurs. D\u2019ailleurs, le magazine 60 Millions de Consommateurs pl\u00e9biscite plus d\u2019un bidon dans cette \u00e9tude approfondie<strong> men\u00e9e sur dix lessives<\/strong>, publi\u00e9e en avril 2023.<\/p>\n<p>La lessive Persil Soin Noir Intense au savon de Marseille obtient une note de 14\/20<\/p>\n<p><strong>Les crit\u00e8res d\u2019\u00e9valuation<\/strong> ne se sont pas arr\u00eat\u00e9s \u00e0 l\u2019efficacit\u00e9 de lavage. Le panel d\u2019experts a \u00e9galement examin\u00e9 l\u2019impact environnemental, l\u2019innocuit\u00e9 pour la sant\u00e9 et le rapport qualit\u00e9-prix. Si certaines (&#8230;)<\/p>\n<p><a href=\"https:\/\/www.grazia.fr\/lifestyle\/insolite\/voici-la-meilleure-lessive-selon-60-millions-de-consommateurs-elle-ne-coute-que-5-euros-1166382.html?utm_campaign=partenariat&amp;utm_source=yahoo-articles&amp;utm_medium=flux\" rel=\"nofollow noopener\" target=\"_blank\" data-ylk=\"slk:Lire la suite sur Grazia;elm:context_link;itc:0;sec:content-canvas\" class=\"link \">Lire la suite sur Grazia<\/a><\/p>\n<p><a href=\"https:\/\/www.grazia.fr\/mode\/tendances-mode\/meme-meghan-markle-adopte-chaussures-maison-ultra-confortables-portent-aussi-ville-1166356.html?utm_campaign=partenariat&amp;utm_source=yahoo-articles&amp;utm_medium=flux\" rel=\"nofollow noopener\" target=\"_blank\" data-ylk=\"slk:M\u00eame Meghan Markle a adopt\u00e9 ces &quot;chaussures de maison&quot; ultra-confortables qui se portent aussi \u00e0 la ville;elm:context_link;itc:0;sec:content-canvas\" class=\"link \">M\u00eame Meghan Markle a adopt\u00e9 ces \u00ab\u00a0chaussures de maison\u00a0\u00bb ultra-confortables qui se portent aussi \u00e0 la ville<\/a><br \/><a href=\"https:\/\/www.grazia.fr\/mode\/tendances-mode\/victoria-beckham-porte-tous-jours-voici-jean-ideal-adopter-apres-50-ans-flatte-toutes-silhouettes-1166349.html?utm_campaign=partenariat&amp;utm_source=yahoo-articles&amp;utm_medium=flux\" rel=\"nofollow noopener\" target=\"_blank\" data-ylk=\"slk:Victoria Beckham le porte tous les jours : voici le jean id\u00e9al \u00e0 adopter apr\u00e8s 50 ans, il flatte toutes les silhouettes;elm:context_link;itc:0;sec:content-canvas\" class=\"link \">Victoria Beckham le porte tous les jours : voici le jean id\u00e9al \u00e0 adopter apr\u00e8s 50 ans, il flatte toutes les silhouettes<\/a><br \/><a href=\"https:\/\/www.grazia.fr\/lifestyle\/voyages\/trop-de-touristes-en-corse-decouvrez-cette-plage-ultra-discrete-aux-eaux-turquoise-1166328.html?utm_campaign=partenariat&amp;utm_source=yahoo-articles&amp;utm_medium=flux\" rel=\"nofollow noopener\" target=\"_blank\" data-ylk=\"slk:Trop de touristes en Corse ? D\u00e9couvrez cette plage ultra discr\u00e8te aux eaux turquoise;elm:context_link;itc:0;sec:content-canvas\" class=\"link \">Trop de touristes en Corse ? D\u00e9couvrez cette plage ultra discr\u00e8te aux eaux turquoise<\/a><br \/><a href=\"https:\/\/www.grazia.fr\/mode\/tendances-mode\/maximalisme-d-ou-vient-cette-tendance-mode-exhuberante-719850.html?utm_campaign=partenariat&amp;utm_source=yahoo-articles&amp;utm_medium=flux\" rel=\"nofollow noopener\" target=\"_blank\" data-ylk=\"slk:Maximalisme : d&#039;o\u00f9 vient cette tendance mode pour le moins voyante (et comment l&#039;adopter) ?;elm:context_link;itc:0;sec:content-canvas\" class=\"link \">Maximalisme : d&rsquo;o\u00f9 vient cette tendance mode pour le moins voyante (et comment l&rsquo;adopter) ?<\/a><br \/><a href=\"https:\/\/www.grazia.fr\/mode\/chaussure\/les-tongs-cest-fini-voici-la-paire-de-chaussures-estivale-qui-va-tout-de-suite-les-remplacer-1166319.html?utm_campaign=partenariat&amp;utm_source=yahoo-articles&amp;utm_medium=flux\" rel=\"nofollow noopener\" target=\"_blank\" data-ylk=\"slk:Les tongs, c&#039;est fini : voici la paire de chaussures estivale qui va tout de suite les remplacer;elm:context_link;itc:0;sec:content-canvas\" class=\"link \">Les tongs, c&rsquo;est fini : voici la paire de chaussures estivale qui va tout de suite les remplacer<\/a><\/p>\n","protected":false},"excerpt":{"rendered":"Plut\u00f4t poudre ou liquide ? L&rsquo;UFC-Que Choisir s\u2019en est all\u00e9 interroger les Fran\u00e7ais sur leurs pr\u00e9f\u00e9rences en mati\u00e8re&hellip;\n","protected":false},"author":2,"featured_media":180401,"comment_status":"","ping_status":"","sticky":false,"template":"","format":"standard","meta":{"footnotes":""},"categories":[10],"tags":[140,1011,27,72,3360,31778,71],"class_list":{"0":"post-180400","1":"post","2":"type-post","3":"status-publish","4":"format-standard","5":"has-post-thumbnail","7":"category-sante","8":"tag-60-millions-de-consommateurs","9":"tag-fr","10":"tag-france","11":"tag-health","12":"tag-la-sante","13":"tag-lessive-liquide","14":"tag-sante"},"share_on_mastodon":{"url":"https:\/\/pubeurope.com\/@fr\/114692134227537399","error":""},"_links":{"self":[{"href":"https:\/\/www.europesays.com\/fr\/wp-json\/wp\/v2\/posts\/180400","targetHints":{"allow":["GET"]}}],"collection":[{"href":"https:\/\/www.europesays.com\/fr\/wp-json\/wp\/v2\/posts"}],"about":[{"href":"https:\/\/www.europesays.com\/fr\/wp-json\/wp\/v2\/types\/post"}],"author":[{"embeddable":true,"href":"https:\/\/www.europesays.com\/fr\/wp-json\/wp\/v2\/users\/2"}],"replies":[{"embeddable":true,"href":"https:\/\/www.europesays.com\/fr\/wp-json\/wp\/v2\/comments?post=180400"}],"version-history":[{"count":0,"href":"https:\/\/www.europesays.com\/fr\/wp-json\/wp\/v2\/posts\/180400\/revisions"}],"wp:featuredmedia":[{"embeddable":true,"href":"https:\/\/www.europesays.com\/fr\/wp-json\/wp\/v2\/media\/180401"}],"wp:attachment":[{"href":"https:\/\/www.europesays.com\/fr\/wp-json\/wp\/v2\/media?parent=180400"}],"wp:term":[{"taxonomy":"category","embeddable":true,"href":"https:\/\/www.europesays.com\/fr\/wp-json\/wp\/v2\/categories?post=180400"},{"taxonomy":"post_tag","embeddable":true,"href":"https:\/\/www.europesays.com\/fr\/wp-json\/wp\/v2\/tags?post=180400"}],"curies":[{"name":"wp","href":"https:\/\/api.w.org\/{rel}","templated":true}]}}