{"id":180410,"date":"2025-06-16T08:41:13","date_gmt":"2025-06-16T08:41:13","guid":{"rendered":"https:\/\/www.europesays.com\/fr\/180410\/"},"modified":"2025-06-16T08:41:13","modified_gmt":"2025-06-16T08:41:13","slug":"israel-iran-emmanuel-macron-en-quete-de-credibilite-internationale","status":"publish","type":"post","link":"https:\/\/www.europesays.com\/fr\/180410\/","title":{"rendered":"\u00abIsra\u00ebl-Iran, Emmanuel Macron en qu\u00eate de cr\u00e9dibilit\u00e9 internationale\u00bb"},"content":{"rendered":"<p><strong>CONTRE-POINT<\/strong> &#8211; Alors qu\u2019il s\u2019enfonce dans l\u2019impopularit\u00e9, le chef de l\u2019\u00c9tat, qui v\u00e9rifie d\u00e9j\u00e0 la difficult\u00e9 qui est la sienne \u00e0 orienter le cours de la politique nationale, s\u2019agace de la remise en question d\u2019une partie de son bilan.<\/p>\n<p class=\"fig-paragraph\">Un revirement ou un \u00ab\u00a0en m\u00eame temps\u00a0\u00bb\u00a0? D\u00e8s vendredi, apr\u00e8s les\u00a0<a href=\"http:\/\/www.lefigaro.fr\/international\/dossier\/frappes-d-israel-sur-l-iran-notre-dossier-pour-tout-comprendre\" data-fig-type=\"Topic\" data-gtm-custom-categorie=\"navigation\" data-gtm-custom-action=\"crossclick\" data-gtm-custom-label=\"Contextuel\" data-gtm-event=\"customEventSPE\" data-fig-domain=\"LEFIGARO\" target=\"_blank\" rel=\"noopener\">premi\u00e8res attaques contre l\u2019Iran<\/a>, Emmanuel Macron a rappel\u00e9 le droit d\u2019Isra\u00ebl \u00ab\u00a0\u00e0 se prot\u00e9ger et \u00e0 assurer sa s\u00e9curit\u00e9\u00a0\u00bb, en pr\u00e9cisant que la poursuite du\u00a0<a href=\"http:\/\/www.lefigaro.fr\/international\/comment-israel-avait-depuis-longtemps-projete-de-neutraliser-le-programme-nucleaire-iranien-20250613\" data-fig-type=\"Article\" data-gtm-custom-categorie=\"navigation\" data-gtm-custom-action=\"crossclick\" data-gtm-custom-label=\"Contextuel\" data-gtm-event=\"customEventSPE\" data-fig-domain=\"LEFIGARO\" target=\"_blank\" rel=\"noopener\">programme nucl\u00e9aire de l\u2019Iran<\/a>\u00a0mena\u00e7ait concr\u00e8tement l\u2019\u00c9tat h\u00e9breu. Il y a un mois, dans son \u00e9mission sur TF1, il avait pourtant qualifi\u00e9 de \u00ab\u00a0honte\u00a0\u00bb le blocus humanitaire inflig\u00e9 \u00e0 Gaza par le m\u00eame \u00c9tat. Apr\u00e8s la r\u00e9probation, la compr\u00e9hension\u00a0?<\/p>\n<p class=\"fig-paragraph\">Il n\u2019y a pourtant pas de contradiction. Apr\u00e8s l\u2019attaque du Hamas du 7\u00a0octobre 2023, le pr\u00e9sident fran\u00e7ais avait d\u00e9j\u00e0 reconnu la l\u00e9gitimit\u00e9 d\u2019une riposte isra\u00e9lienne. Mais ce soutien ne valait pas blanc-seing pour tout ce que d\u00e9ciderait le gouvernement de Benyamin Netanyahou. \u00c0 nouveau, il voudrait \u00eatre en mesure de peser et d\u2019\u00e9viter un emballement de la situation. Oui \u00e0 une r\u00e9ponse, y compris militaire, \u00e0 la ligne rouge franchie par le r\u00e9gime des mollahs, mais en continuant \u00e0 rechercher une solution avant tout\u2026<\/p>\n<p class=\"fig-premium-paywall__infos\">\n        Cet article est r\u00e9serv\u00e9 aux abonn\u00e9s.        Il vous reste 68% \u00e0 d\u00e9couvrir.\n    <\/p>\n<p>                <img  data- alt=\"Le Figaro\" class=\"fig-img--complete fig-img\"\/><\/p>\n<p class=\"fig-premium-paywall__title\">Vente Flash<\/p>\n<p class=\"fig-premium-paywall__subtitle\">3,99\u20ac par mois pendant 12 mois. Sans engagement.<\/p>\n<p class=\"fig-premium-paywall__connect\">\n                D\u00e9j\u00e0 abonn\u00e9\u00a0?                <a class=\"fig-premium-paywall__connect-link\" href=\"https:\/\/connect.lefigaro.fr\/login?client=horizon_web&amp;type=main&amp;redirect_uri=https%3A%2F%2Fwww.lefigaro.fr%2Fpolitique%2Fguillaume-tabard-emmanuel-macron-en-quete-de-credibilite-internationale-20250616\" data-js-gtm=\"{&quot;customCategorie&quot;: &quot;conversion&quot;, &quot;customAction&quot;: &quot;before_Landing_Connexion_paywall_auto&quot;, &quot;customLabel&quot;: &quot;bGVmaWdhcm8uZnJfXzFmMDQ5ZTczLWNhODItNjg2Ni05ZDBiLWY5MjJhMjg4OTM0OF9fQXJ0aWNsZQ==_Guillaume Tabard\u00a0: \u00abIsra\u00ebl-Iran, Emmanuel Macron en qu\u00eate de cr\u00e9dibilit\u00e9 internationale\u00bb_511&quot;, &quot;customIDSPE&quot;: &quot;bGVmaWdhcm8uZnJfXzFmMDQ5ZTczLWNhODItNjg2Ni05ZDBiLWY5MjJhMjg4OTM0OF9fQXJ0aWNsZQ==&quot;, &quot;event&quot;: &quot;customEventSPE&quot;}\" target=\"_blank\" rel=\"noopener\"><br \/>\n                    Connectez-vous<br \/>\n                <\/a>\n            <\/p>\n","protected":false},"excerpt":{"rendered":"CONTRE-POINT &#8211; Alors qu\u2019il s\u2019enfonce dans l\u2019impopularit\u00e9, le chef de l\u2019\u00c9tat, qui v\u00e9rifie d\u00e9j\u00e0 la difficult\u00e9 qui est&hellip;\n","protected":false},"author":2,"featured_media":180411,"comment_status":"","ping_status":"","sticky":false,"template":"","format":"standard","meta":{"footnotes":""},"categories":[5],"tags":[11,426,427,422,423,1073,1011,27,418,424,425,14,3019,664,420,421,12,419,316,429,428,28],"class_list":{"0":"post-180410","1":"post","2":"type-post","3":"status-publish","4":"format-standard","5":"has-post-thumbnail","7":"category-international","8":"tag-actualites","9":"tag-candidat","10":"tag-candidats","11":"tag-depute","12":"tag-deputes","13":"tag-emmanuel-macron","14":"tag-fr","15":"tag-france","16":"tag-gouvernement","17":"tag-institution","18":"tag-institutions","19":"tag-international","20":"tag-iran","21":"tag-israel","22":"tag-loi","23":"tag-lois","24":"tag-news","25":"tag-opposition","26":"tag-politique","27":"tag-ps","28":"tag-ump","29":"tag-world"},"share_on_mastodon":{"url":"https:\/\/pubeurope.com\/@fr\/114692153935578637","error":""},"_links":{"self":[{"href":"https:\/\/www.europesays.com\/fr\/wp-json\/wp\/v2\/posts\/180410","targetHints":{"allow":["GET"]}}],"collection":[{"href":"https:\/\/www.europesays.com\/fr\/wp-json\/wp\/v2\/posts"}],"about":[{"href":"https:\/\/www.europesays.com\/fr\/wp-json\/wp\/v2\/types\/post"}],"author":[{"embeddable":true,"href":"https:\/\/www.europesays.com\/fr\/wp-json\/wp\/v2\/users\/2"}],"replies":[{"embeddable":true,"href":"https:\/\/www.europesays.com\/fr\/wp-json\/wp\/v2\/comments?post=180410"}],"version-history":[{"count":0,"href":"https:\/\/www.europesays.com\/fr\/wp-json\/wp\/v2\/posts\/180410\/revisions"}],"wp:featuredmedia":[{"embeddable":true,"href":"https:\/\/www.europesays.com\/fr\/wp-json\/wp\/v2\/media\/180411"}],"wp:attachment":[{"href":"https:\/\/www.europesays.com\/fr\/wp-json\/wp\/v2\/media?parent=180410"}],"wp:term":[{"taxonomy":"category","embeddable":true,"href":"https:\/\/www.europesays.com\/fr\/wp-json\/wp\/v2\/categories?post=180410"},{"taxonomy":"post_tag","embeddable":true,"href":"https:\/\/www.europesays.com\/fr\/wp-json\/wp\/v2\/tags?post=180410"}],"curies":[{"name":"wp","href":"https:\/\/api.w.org\/{rel}","templated":true}]}}