{"id":180412,"date":"2025-06-16T08:42:09","date_gmt":"2025-06-16T08:42:09","guid":{"rendered":"https:\/\/www.europesays.com\/fr\/180412\/"},"modified":"2025-06-16T08:42:09","modified_gmt":"2025-06-16T08:42:09","slug":"decouvrez-le-sujet-en-serie-generale-du-lundi-16-juin","status":"publish","type":"post","link":"https:\/\/www.europesays.com\/fr\/180412\/","title":{"rendered":"d\u00e9couvrez le sujet en s\u00e9rie g\u00e9n\u00e9rale du lundi 16\u00a0juin"},"content":{"rendered":"<p>        <img decoding=\"async\" loading=\"lazy\" src=\"https:\/\/www.europesays.com\/fr\/wp-content\/uploads\/2025\/06\/8dc42ce_1686808010666-000-par1362724.jpg\"  width=\"728\" height=\"410\" alt=\"Un professeur distribue \u00e0 des lyc\u00e9ens les sujets du baccalaur\u00e9at de philosophie, le 11 juin 2007 au lyc\u00e9e Malherbe de Caen. AFP PHOTO MYCHELE DANIAU (Photo by MYCHELE DANIAU \/ AFP)\"\/>  <\/p>\n<p>MYCHELE DANIAU \/ AFP<\/p>\n<p>Un professeur distribue \u00e0 des lyc\u00e9ens les sujets du baccalaur\u00e9at de philosophie, le 11 juin 2007 au lyc\u00e9e Malherbe de Caen. AFP PHOTO MYCHELE DANIAU (Photo by MYCHELE DANIAU \/ AFP)<\/p>\n<p class=\"asset asset-text\">BAC 2025\u00a0&#8211; <a href=\"https:\/\/www.huffingtonpost.fr\/france\/article\/la-philosophie-au-bac-2025-un-maxi-stress-pour-un-mini-coefficient-dans-le-calcul-de-la-note-finale_251211.html\" target=\"_blank\" rel=\"noopener\">L\u2019\u00e9preuve qui fait peur \u00e0 tout le monde<\/a>. Ce matin \u00e0 8\u00a0heures, pour le premier jour de leur bac, les \u00e9l\u00e8ves de terminale ont retourn\u00e9 <a href=\"https:\/\/www.huffingtonpost.fr\/life\/article\/j-7-avant-le-bac-de-philo-pour-reviser-les-meilleurs-comptes-youtube-et-instagram-selon-ces-profs-clx2_234731.html\" target=\"_blank\" rel=\"noopener\">le sujet de philosophie<\/a>. Discipline honnie ou ador\u00e9e, mais toujours redout\u00e9e au moment des examens, les quatre heures de r\u00e9flexion du bac de philo sont rarement une partie de plaisir.<\/p>\n<p class=\"asset asset-text\">Pendant leur matin\u00e9e de test, les bacheliers de s\u00e9rie g\u00e9n\u00e9rale ont le choix entre trois sujets sur lesquels plancher\u00a0: deux dissertations et un commentaire de texte, qui concerneront certaines des dix-sept notions du programme\u00a0: l\u2019art, la v\u00e9rit\u00e9, l\u2019\u00c9tat, le bonheur, la science&#8230;  Et il n\u2019y a pas de question comme \u00ab\u00a0<a href=\"https:\/\/www.lemonde.fr\/big-browser\/article\/2015\/06\/17\/qu-est-ce-que-l-audace-d-ou-vient-la-fameuse-legende-sur-le-bac-de-philo_5991280_4832693.html\" target=\"_blank\" rel=\"noopener\" title=\"Nouvelle fen\u00eatre\">Qu\u2019est-ce que l\u2019audace<\/a><a href=\"https:\/\/www.lemonde.fr\/big-browser\/article\/2015\/06\/17\/qu-est-ce-que-l-audace-d-ou-vient-la-fameuse-legende-sur-le-bac-de-philo_5991280_4832693.html\" target=\"_blank\" rel=\"noopener\" title=\"Nouvelle fen\u00eatre\">\u00a0?<\/a>\u00a0\u00bb pour sauver les meubles. La preuve avec les sujets que vous pouvez retrouver ci-dessous.<\/p>\n<p>       <strong>D\u00e9couvrez les sujets du bac de philosophie 2025<\/strong>    <\/p>\n<p class=\"asset asset-text\">Pour les 387\u00a0244\u00a0bacheliers inscrits en voie g\u00e9n\u00e9rale pour 2025, les sujets de l\u2019\u00e9preuve bac de philosophie ont donc \u00e9t\u00e9\u00a0les deux dissertations\u00a0: \u00ab<strong>\u00a0<\/strong>Notre avenir d\u00e9pend-il de la technique\u00a0?\u00a0\u00bb, \u00ab\u00a0La v\u00e9rit\u00e9 est-elle toujours convaincante\u00a0?\u00a0\u00bb, et un commentaire du texte de John Rawls extrait de Th\u00e9orie de la justice (1971).<\/p>\n<p> La lecture de ce contenu est susceptible d\u2019entra\u00eener un d\u00e9p\u00f4t de cookies de la part de l\u2019op\u00e9rateur tiers qui l\u2019h\u00e9berge. Compte-tenu des choix que vous avez exprim\u00e9s en mati\u00e8re de d\u00e9p\u00f4t de cookies, nous avons bloqu\u00e9 l\u2019affichage de ce contenu. Si vous souhaitez y acc\u00e9der, vous devez accepter la cat\u00e9gorie de cookies \u201cContenus tiers\u201d en cliquant sur le bouton ci-dessous. <\/p>\n<p> Lire la Vid\u00e9o        <\/p>\n<p class=\"asset asset-text\">Les plus rapides (ou les moins inspir\u00e9s) ont pu sortir de la salle d\u2019examen \u00e0 partir de 9\u00a0heures.<\/p>\n<p class=\"asset asset-text\">Ce n\u2019est que le d\u00e9but d\u2019une longue semaine pour les bacheliers, qui, en fonction de leurs sp\u00e9cialit\u00e9s et de leurs options, devront passer d\u2019autres \u00e9preuves jusqu\u2019\u00e0 vendredi, notamment l\u2019histoire-g\u00e9ographie ou les math\u00e9matiques l\u2019apr\u00e8s-midi du mardi 17\u00a0juin et l\u2019\u00e9preuve de sciences \u00e9conomiques et sociales le mercredi 18\u00a0juin.<\/p>\n<p class=\"asset asset-text\">Retrouvez tous les\u00a0sujets et corrig\u00e9s du bac 2025\u00a0sur\u00a0<a href=\"https:\/\/www.studyrama.com\/\" target=\"_blank\" rel=\"noopener\" title=\"Nouvelle fen\u00eatre\">Studyrama.com<\/a><\/p>\n","protected":false},"excerpt":{"rendered":"MYCHELE DANIAU \/ AFP Un professeur distribue \u00e0 des lyc\u00e9ens les sujets du baccalaur\u00e9at de philosophie, le 11&hellip;\n","protected":false},"author":2,"featured_media":180413,"comment_status":"","ping_status":"","sticky":false,"template":"","format":"standard","meta":{"footnotes":""},"categories":[4],"tags":[11,31780,31781,3867,1011,27,5656,12,2195,25],"class_list":{"0":"post-180412","1":"post","2":"type-post","3":"status-publish","4":"format-standard","5":"has-post-thumbnail","7":"category-france","8":"tag-actualites","9":"tag-bac-2025","10":"tag-bac-de-philo","11":"tag-baccalaureat","12":"tag-fr","13":"tag-france","14":"tag-life","15":"tag-news","16":"tag-philosophie","17":"tag-republique-francaise"},"share_on_mastodon":{"url":"https:\/\/pubeurope.com\/@fr\/114692157954868997","error":""},"_links":{"self":[{"href":"https:\/\/www.europesays.com\/fr\/wp-json\/wp\/v2\/posts\/180412","targetHints":{"allow":["GET"]}}],"collection":[{"href":"https:\/\/www.europesays.com\/fr\/wp-json\/wp\/v2\/posts"}],"about":[{"href":"https:\/\/www.europesays.com\/fr\/wp-json\/wp\/v2\/types\/post"}],"author":[{"embeddable":true,"href":"https:\/\/www.europesays.com\/fr\/wp-json\/wp\/v2\/users\/2"}],"replies":[{"embeddable":true,"href":"https:\/\/www.europesays.com\/fr\/wp-json\/wp\/v2\/comments?post=180412"}],"version-history":[{"count":0,"href":"https:\/\/www.europesays.com\/fr\/wp-json\/wp\/v2\/posts\/180412\/revisions"}],"wp:featuredmedia":[{"embeddable":true,"href":"https:\/\/www.europesays.com\/fr\/wp-json\/wp\/v2\/media\/180413"}],"wp:attachment":[{"href":"https:\/\/www.europesays.com\/fr\/wp-json\/wp\/v2\/media?parent=180412"}],"wp:term":[{"taxonomy":"category","embeddable":true,"href":"https:\/\/www.europesays.com\/fr\/wp-json\/wp\/v2\/categories?post=180412"},{"taxonomy":"post_tag","embeddable":true,"href":"https:\/\/www.europesays.com\/fr\/wp-json\/wp\/v2\/tags?post=180412"}],"curies":[{"name":"wp","href":"https:\/\/api.w.org\/{rel}","templated":true}]}}