{"id":180420,"date":"2025-06-16T08:46:09","date_gmt":"2025-06-16T08:46:09","guid":{"rendered":"https:\/\/www.europesays.com\/fr\/180420\/"},"modified":"2025-06-16T08:46:09","modified_gmt":"2025-06-16T08:46:09","slug":"une-nouvelle-ville-du-grand-nancy-passe-aux-30-km-h-voici-laquelle","status":"publish","type":"post","link":"https:\/\/www.europesays.com\/fr\/180420\/","title":{"rendered":"Une nouvelle ville du Grand Nancy passe aux 30 km\/h : voici\u00a0laquelle"},"content":{"rendered":"<p>            Par<br \/>\n        <strong><br \/>\n            <a href=\"https:\/\/actu.fr\/auteur\/amandine-mehl\" title=\"Consulter tous les articles de Amandine Mehl\" rel=\"nofollow noopener\" target=\"_blank\">Amandine Mehl<\/a><br \/>\n        <\/strong><\/p>\n<p>        Publi\u00e9 le<\/p>\n<p>            16 juin 2025 \u00e0 10h42        <\/p>\n<p>Depuis que <a href=\"https:\/\/actu.fr\/grand-est\/nancy_54395\/passage-aux-30-km-h-dans-les-rues-de-nancy-on-connait-la-date_59782796.html\" rel=\"nofollow noopener\" target=\"_blank\">Nancy<\/a> a saut\u00e9 le pas, de <strong>nombreuses communes<\/strong>, \u00e0 l\u2019instar de <a href=\"https:\/\/actu.fr\/grand-est\/vandoeuvre-les-nancy_54547\/cette-ville-du-grand-nancy-va-bientot-passer-aux-30-km-h-ce-qu-il-faut-savoir_62158558.html\" rel=\"nofollow noopener\" target=\"_blank\">Vand\u0153uvre-l\u00e8s-Nancy<\/a> ou encore de <a href=\"https:\/\/actu.fr\/grand-est\/jarville-la-malgrange_54274\/une-autre-ville-du-grand-nancy-va-passer-aux-30-km-h-en-2024_60685693.html\" rel=\"nofollow noopener\" target=\"_blank\">Jarville-la-Malgrange<\/a>, ont d\u00e9cid\u00e9 de <strong>baisser la vitesse autoris\u00e9e dans les rues \u00e0 30 km\/h<\/strong>.<\/p>\n<p class=\" wall-content\">Une mesure qui continue de s\u2019\u00e9tendre et qui concerne d\u00e9sormais une nouvelle ville du <a href=\"https:\/\/actu.fr\/tag\/grand-nancy\" rel=\"nofollow noopener\" target=\"_blank\">Grand Nancy<\/a> depuis le <strong>1\u1d49\u02b3 juin 2025<\/strong>.<\/p>\n<p>La majorit\u00e9 des rues de Saulxures-l\u00e8s-Nancy passent aux 30 km\/h<\/p>\n<p class=\" wall-content\">Comme on peut le lire sur le site de la Ville, apr\u00e8s l\u2019installation des panneaux et des marquages au sol, la <strong>grande majorit\u00e9 des rues de Saulxures-l\u00e8s-Nancy<\/strong> sont pass\u00e9es aux 30 km\/h, outre les <strong>zones de convivialit\u00e9 qui sont limit\u00e9es \u00e0 20 km\/h<\/strong>.<\/p>\n<p class=\" wall-content\">Une d\u00e9cision motiv\u00e9e par <strong>plusieurs objectifs<\/strong> :<\/p>\n<ul class=\" wall-content\">\n<li>renforcer la s\u00e9curit\u00e9 sur les routes,<\/li>\n<li>r\u00e9duire le risque d\u2019accident, les nuisances sonores et la pollution atmosph\u00e9rique,<\/li>\n<li>encourager les mobilit\u00e9s douces.<\/li>\n<\/ul>\n<p>    <a href=\"https:\/\/www.facebook.com\/plugins\/post.php?href=https%3A%2F%2Fwww.facebook.com%2Fsaulxureslesnancy%2Fposts%2Fpfbid0fQV2e1QoNW5ZiPqnJ5rwLCUC2jLDhEBVyWnH7nFskKBGLdND9WFf9jxHGvnfJE7Ml&amp;show_text=true&amp;width=350\" title=\"Ouvrie le lien\" rel=\"nofollow noopener\" target=\"_blank\">Cliquez ici pour visualiser le contenu<\/a><\/p>\n<p class=\" wall-content\">Seules <strong>trois portions restent limit\u00e9es \u00e0 70 km\/h<\/strong> et <strong>trois autres \u00e0 50 km\/h<\/strong>.<\/p>\n<p class=\" wall-content\">Suivez toute l\u2019actualit\u00e9 de vos villes et m\u00e9dias favoris en vous inscrivant \u00e0 <a href=\"https:\/\/moncompte.actu.fr\" title=\"D\u00e9couvez Mon Actu\" rel=\"nofollow noopener\" data-trk=\"{&quot;cta&quot;:{&quot;action&quot;:&quot;https:\\\/\\\/moncompte.actu.fr&quot;,&quot;category&quot;:&quot;mon compte&quot;,&quot;from&quot;:&quot;article footer&quot;,&quot;name&quot;:&quot;Mon actu&quot;,&quot;type&quot;:&quot;cta&quot;}}\" target=\"_blank\">Mon Actu<\/a>.<\/p>\n","protected":false},"excerpt":{"rendered":"Par Amandine Mehl Publi\u00e9 le 16 juin 2025 \u00e0 10h42 Depuis que Nancy a saut\u00e9 le pas, de&hellip;\n","protected":false},"author":2,"featured_media":180421,"comment_status":"","ping_status":"","sticky":false,"template":"","format":"standard","meta":{"footnotes":""},"categories":[9635],"tags":[1111,11,3542,1777,674,1011,27,775,10375,1702,12,25,104],"class_list":{"0":"post-180420","1":"post","2":"type-post","3":"status-publish","4":"format-standard","5":"has-post-thumbnail","7":"category-nancy","8":"tag-actu","9":"tag-actualites","10":"tag-circulation","11":"tag-eu","12":"tag-europe","13":"tag-fr","14":"tag-france","15":"tag-grand-est","16":"tag-grand-nancy","17":"tag-nancy","18":"tag-news","19":"tag-republique-francaise","20":"tag-societe"},"share_on_mastodon":{"url":"https:\/\/pubeurope.com\/@fr\/114692173550623500","error":""},"_links":{"self":[{"href":"https:\/\/www.europesays.com\/fr\/wp-json\/wp\/v2\/posts\/180420","targetHints":{"allow":["GET"]}}],"collection":[{"href":"https:\/\/www.europesays.com\/fr\/wp-json\/wp\/v2\/posts"}],"about":[{"href":"https:\/\/www.europesays.com\/fr\/wp-json\/wp\/v2\/types\/post"}],"author":[{"embeddable":true,"href":"https:\/\/www.europesays.com\/fr\/wp-json\/wp\/v2\/users\/2"}],"replies":[{"embeddable":true,"href":"https:\/\/www.europesays.com\/fr\/wp-json\/wp\/v2\/comments?post=180420"}],"version-history":[{"count":0,"href":"https:\/\/www.europesays.com\/fr\/wp-json\/wp\/v2\/posts\/180420\/revisions"}],"wp:featuredmedia":[{"embeddable":true,"href":"https:\/\/www.europesays.com\/fr\/wp-json\/wp\/v2\/media\/180421"}],"wp:attachment":[{"href":"https:\/\/www.europesays.com\/fr\/wp-json\/wp\/v2\/media?parent=180420"}],"wp:term":[{"taxonomy":"category","embeddable":true,"href":"https:\/\/www.europesays.com\/fr\/wp-json\/wp\/v2\/categories?post=180420"},{"taxonomy":"post_tag","embeddable":true,"href":"https:\/\/www.europesays.com\/fr\/wp-json\/wp\/v2\/tags?post=180420"}],"curies":[{"name":"wp","href":"https:\/\/api.w.org\/{rel}","templated":true}]}}