{"id":180424,"date":"2025-06-16T08:48:10","date_gmt":"2025-06-16T08:48:10","guid":{"rendered":"https:\/\/www.europesays.com\/fr\/180424\/"},"modified":"2025-06-16T08:48:10","modified_gmt":"2025-06-16T08:48:10","slug":"lexposition-banksy-une-r-evolution-fait-des-debuts-tres-prometteurs-a-toulon","status":"publish","type":"post","link":"https:\/\/www.europesays.com\/fr\/180424\/","title":{"rendered":"L\u2019exposition \u00ab\u00a0Banksy, une (R) \u00e9volution\u00a0\u00bb fait des d\u00e9buts tr\u00e8s prometteurs \u00e0 Toulon"},"content":{"rendered":"<p>Les affiches ayant inond\u00e9 les rues toulonnaises ont fait leur effet. Pour son premier week-end d\u2019ouverture au public, l\u2019exposition \u00ab\u2005Banksy, une (R) \u00e9volution\u2005\u00bb a rencontr\u00e9 un joli succ\u00e8s populaire. Ce dimanche apr\u00e8s-midi, les visiteurs ont d\u00e9fil\u00e9 par dizaines dans les couloirs du MAT, le mus\u00e9e d\u2019art de Toulon. Un bon moyen de se laisser aller \u00e0 la r\u00e9flexion et d\u2019enrichir sa culture, tout en \u00e9chappant \u00e0 la chaleur infernale de la capitale varoise.<\/p>\n<p>\u00ab\u2005J\u2019\u00e9tais venue voir ma m\u00e8re sur Toulon et je suis pass\u00e9e devant tout \u00e0 fait par hasard, indiquait Fran\u00e7oise entre deux lectures de panneaux. Je suis tr\u00e8s satisfaite, car je d\u00e9couvre des \u0153uvres que je ne connaissais pas vraiment et qui donnent beaucoup \u00e0 r\u00e9fl\u00e9chir sur l\u2019actualit\u00e9. Finalement, je suis bien contente d\u2019\u00eatre tomb\u00e9e dessus\u2005!\u2005\u00bb<\/p>\n<p>Sur les quatre-vingt \u0153uvres de street art propos\u00e9es aux curieux, on en doit quarante \u00e0 Banksy, star britannique de l\u2019art urbain et artiste anonyme phare de l\u2019exposition. D\u2019autres grands noms sont repr\u00e9sent\u00e9s, comme JR, Basquiat ou Invader. De quoi int\u00e9resser des visiteurs d\u2019horizons divers.<\/p>\n<p><strong>\u00ab\u2005Ouvrir les esprits\u2005\u00bb<\/strong><\/p>\n<p>\u00ab\u2005Il y a plein de styles diff\u00e9rents. Et j\u2019aime beaucoup la mani\u00e8re dont c\u2019est expos\u00e9\u2005\u00bb, observait Maria, jeune \u00e9tudiante en art \u00e0 Toulon. \u00ab\u2005C\u2019est une chouette id\u00e9e d\u2019avoir mis \u00e7a dans ce mus\u00e9e. \u00c7a peut ouvrir les esprits et \u00e7a montre que l\u2019art est toujours en \u00e9volution\u2005\u00bb, analysait de son c\u00f4t\u00e9 Caroline, tandis qu\u2019un peu plus loin, une fillette accroch\u00e9e \u00e0 son papa semblait elle aussi loin de s\u2019ennuyer\u2005: \u00ab\u2005C\u2019est trop trop bien\u2005!\u2005\u00bb, s\u2019\u00e9criait-elle, sourire aux l\u00e8vres.<\/p>\n<p>M\u00eame Christophe, tra\u00een\u00e9 \u00e0 Toulon par sa compagne un peu contre son gr\u00e9, parvenait \u00e0 se prendre d\u2019int\u00e9r\u00eat pour la collection. Aussi, de toutes parts, t\u00e9l\u00e9phones et appareils photos \u00e9taient d\u00e9gain\u00e9s, pour capturer ces \u0153uvres qui frappent et marquent. En t\u00eate, La Petite Fille au ballon, \u00e9videmment, mais pas que. \u00ab\u2005C\u2019est int\u00e9ressant d\u2019avoir aussi les origines du street art, avec tous ces ma\u00eetres penseurs, jugeait Christine. Je pense que je vais ramener mes enfants\u2005! (sourire)\u2005\u00bb<\/p>\n<p>Cette Toulonnaise a encore le temps pour repasser les portes du MAT. L\u2019exposition temporaire est ouverte au public jusqu\u2019au 5 octobre. Et d\u2019ici l\u00e0, peut-\u00eatre que Banksy et ses comp\u00e8res auront fait mieux que Picasso, dont les toiles repr\u00e9sentant les paysages m\u00e9diterran\u00e9ens avaient attir\u00e9 plus de 55\u2005000 visiteurs, il y a cinq ans de cela.<\/p>\n<p>Mus\u00e9e d\u2019art de Toulon. 113, boulevard Mar\u00e9chal Leclerc. Ouvert du mardi au dimanche, de 12\u2005h \u00e0 18\u2005h. Plein tarif\u2005: 7\u2005euros. Tarif r\u00e9duit\u2005: 4\u2005euros.<\/p>\n","protected":false},"excerpt":{"rendered":"Les affiches ayant inond\u00e9 les rues toulonnaises ont fait leur effet. Pour son premier week-end d\u2019ouverture au public,&hellip;\n","protected":false},"author":2,"featured_media":180425,"comment_status":"","ping_status":"","sticky":false,"template":"","format":"standard","meta":{"footnotes":""},"categories":[9619],"tags":[1111,11,251,1777,674,8202,1011,27,12,882,25,2310],"class_list":{"0":"post-180424","1":"post","2":"type-post","3":"status-publish","4":"format-standard","5":"has-post-thumbnail","7":"category-toulon","8":"tag-actu","9":"tag-actualites","10":"tag-culture","11":"tag-eu","12":"tag-europe","13":"tag-expos","14":"tag-fr","15":"tag-france","16":"tag-news","17":"tag-provence-alpes-cote-dazur","18":"tag-republique-francaise","19":"tag-toulon"},"share_on_mastodon":{"url":"https:\/\/pubeurope.com\/@fr\/114692181392253934","error":""},"_links":{"self":[{"href":"https:\/\/www.europesays.com\/fr\/wp-json\/wp\/v2\/posts\/180424","targetHints":{"allow":["GET"]}}],"collection":[{"href":"https:\/\/www.europesays.com\/fr\/wp-json\/wp\/v2\/posts"}],"about":[{"href":"https:\/\/www.europesays.com\/fr\/wp-json\/wp\/v2\/types\/post"}],"author":[{"embeddable":true,"href":"https:\/\/www.europesays.com\/fr\/wp-json\/wp\/v2\/users\/2"}],"replies":[{"embeddable":true,"href":"https:\/\/www.europesays.com\/fr\/wp-json\/wp\/v2\/comments?post=180424"}],"version-history":[{"count":0,"href":"https:\/\/www.europesays.com\/fr\/wp-json\/wp\/v2\/posts\/180424\/revisions"}],"wp:featuredmedia":[{"embeddable":true,"href":"https:\/\/www.europesays.com\/fr\/wp-json\/wp\/v2\/media\/180425"}],"wp:attachment":[{"href":"https:\/\/www.europesays.com\/fr\/wp-json\/wp\/v2\/media?parent=180424"}],"wp:term":[{"taxonomy":"category","embeddable":true,"href":"https:\/\/www.europesays.com\/fr\/wp-json\/wp\/v2\/categories?post=180424"},{"taxonomy":"post_tag","embeddable":true,"href":"https:\/\/www.europesays.com\/fr\/wp-json\/wp\/v2\/tags?post=180424"}],"curies":[{"name":"wp","href":"https:\/\/api.w.org\/{rel}","templated":true}]}}