{"id":180434,"date":"2025-06-16T08:55:09","date_gmt":"2025-06-16T08:55:09","guid":{"rendered":"https:\/\/www.europesays.com\/fr\/180434\/"},"modified":"2025-06-16T08:55:09","modified_gmt":"2025-06-16T08:55:09","slug":"100-caravanes-de-gens-du-voyage-debarquent-dans-ce-quartier-la-mairie-reagit","status":"publish","type":"post","link":"https:\/\/www.europesays.com\/fr\/180434\/","title":{"rendered":"100 caravanes de gens du voyage d\u00e9barquent dans ce quartier, la mairie r\u00e9agit"},"content":{"rendered":"<p>            Par<br \/>\n        <strong><br \/>\n            <a href=\"https:\/\/actu.fr\/auteur\/julien-sournies\" title=\"Consulter tous les articles de Julien Sournies\" rel=\"nofollow noopener\" target=\"_blank\">Julien Sournies<\/a><br \/>\n        <\/strong><\/p>\n<p>        Publi\u00e9 le<\/p>\n<p>            16 juin 2025 \u00e0 10h36        <\/p>\n<p>Le stade Bachelard, situ\u00e9 dans le quartier de la Villeneuve \u00e0 <a href=\"https:\/\/actu.fr\/grenoble\/\" rel=\"nofollow noopener\" target=\"_blank\">Grenoble<\/a> (<a href=\"https:\/\/actu.fr\/auvergne-rhone-alpes\/isere_38\" rel=\"nofollow noopener\" target=\"_blank\">Is\u00e8re<\/a>), a fait l\u2019objet d\u2019une intrusion massive.<\/p>\n<p class=\" wall-content\">Selon les informations transmises par la DIPN, une <strong>centaine de caravanes<\/strong> et v\u00e9hicules tracteurs appartenant \u00e0 la communaut\u00e9 des gens du voyage a en effet pris ses quartiers sur l\u2019enceinte sportive ce dimanche 15 juin 2025 aux alentours de 22h40.<\/p>\n<p>La mairie de Grenoble va prendre contact<\/p>\n<p class=\" wall-content\">Contact\u00e9e par actu Grenoble, la municipalit\u00e9 grenobloise a indiqu\u00e9 que \u00ab\u00a0des <strong>contacts<\/strong> vont \u00eatre pris prochainement\u00a0\u00bb avec les gens du voyage pour discuter de leur avenir sur les lieux.<\/p>\n<p>    <a href=\"https:\/\/www.google.com\/maps\/embed?pb=!1m18!1m12!1m3!1d3067.490391056023!2d5.703474809752668!3d45.1688492048812!2m3!1f0!2f0!3f0!3m2!1i1024!2i768!4f13.1!3m3!1m2!1s0x478af3702a2263ff%3A0xa5389c3974f6a9a!2sStade%20Bachelard!5e0!3m2!1sfr!2sfr!4v1750060237744!5m2!1sfr!2sfr\" title=\"Ouvrie le lien\" rel=\"nofollow noopener\" target=\"_blank\">Cliquez ici pour visualiser le contenu<\/a><\/p>\n<p class=\" wall-content\">Pour rappel, plusieurs communes du d\u00e9partement de l\u2019Is\u00e8re ont \u00e9galement accueilli malgr\u00e9 elles des gens du voyage ces derniers jours.<\/p>\n<p>Vid\u00e9os : en ce moment sur Actu<\/p>\n<p class=\" wall-content\">En effet, le 25 mai dernier, pr\u00e8s de <a href=\"https:\/\/actu.fr\/auvergne-rhone-alpes\/four_38172\/isere-les-gens-du-voyage-s-installent-illegalement-dans-cette-commune-le-maire-enrage_62708350.html\" rel=\"nofollow noopener\" target=\"_blank\">180 caravanes appartenant \u00e0 des gens du voyage<\/a> se sont install\u00e9s de force sur le stade de football de Four. Quelques semaines plus tard, le 9 juin, la <a href=\"https:\/\/actu.fr\/auvergne-rhone-alpes\/anthon_38011\/pres-de-lyon-les-gens-du-voyage-debarquent-dans-sa-commune-le-maire-blesse-en-s-interposant_62750690.html\" rel=\"nofollow noopener\" target=\"_blank\">petite commune d\u2019Anthon<\/a>, \u00e0 la fronti\u00e8re entre le Rh\u00f4ne et l\u2019Ain, a, elle, fait \u00e9tat d\u2019un cort\u00e8ge de 200 caravanes sur son stade municipal, avant leur d\u00e9part vers <a href=\"https:\/\/actu.fr\/auvergne-rhone-alpes\/chateau-gaillard_01089\/pres-de-lyon-l-arrivee-de-ces-200-caravanes-de-gens-du-voyage-a-ete-un-enfer-le-maire-desabuse_62754736.html\" rel=\"nofollow noopener\" target=\"_blank\">Ch\u00e2teau-Gaillard<\/a> (Ain).<\/p>\n<p class=\" wall-content\">Suivez toute l\u2019actualit\u00e9 de vos villes et m\u00e9dias favoris en vous inscrivant \u00e0 <a href=\"https:\/\/moncompte.actu.fr\" title=\"D\u00e9couvez Mon Actu\" rel=\"nofollow noopener\" data-trk=\"{&quot;cta&quot;:{&quot;action&quot;:&quot;https:\\\/\\\/moncompte.actu.fr&quot;,&quot;category&quot;:&quot;mon compte&quot;,&quot;from&quot;:&quot;article footer&quot;,&quot;name&quot;:&quot;Mon actu&quot;,&quot;type&quot;:&quot;cta&quot;}}\" target=\"_blank\">Mon Actu<\/a>.<\/p>\n","protected":false},"excerpt":{"rendered":"Par Julien Sournies Publi\u00e9 le 16 juin 2025 \u00e0 10h36 Le stade Bachelard, situ\u00e9 dans le quartier de&hellip;\n","protected":false},"author":2,"featured_media":180435,"comment_status":"","ping_status":"","sticky":false,"template":"","format":"standard","meta":{"footnotes":""},"categories":[9566],"tags":[1111,11,2430,1777,674,1011,27,2731,12,25,104,586],"class_list":{"0":"post-180434","1":"post","2":"type-post","3":"status-publish","4":"format-standard","5":"has-post-thumbnail","7":"category-grenoble","8":"tag-actu","9":"tag-actualites","10":"tag-auvergne-rhone-alpes","11":"tag-eu","12":"tag-europe","13":"tag-fr","14":"tag-france","15":"tag-grenoble","16":"tag-news","17":"tag-republique-francaise","18":"tag-societe","19":"tag-voyage"},"share_on_mastodon":{"url":"https:\/\/pubeurope.com\/@fr\/114692208972350619","error":""},"_links":{"self":[{"href":"https:\/\/www.europesays.com\/fr\/wp-json\/wp\/v2\/posts\/180434","targetHints":{"allow":["GET"]}}],"collection":[{"href":"https:\/\/www.europesays.com\/fr\/wp-json\/wp\/v2\/posts"}],"about":[{"href":"https:\/\/www.europesays.com\/fr\/wp-json\/wp\/v2\/types\/post"}],"author":[{"embeddable":true,"href":"https:\/\/www.europesays.com\/fr\/wp-json\/wp\/v2\/users\/2"}],"replies":[{"embeddable":true,"href":"https:\/\/www.europesays.com\/fr\/wp-json\/wp\/v2\/comments?post=180434"}],"version-history":[{"count":0,"href":"https:\/\/www.europesays.com\/fr\/wp-json\/wp\/v2\/posts\/180434\/revisions"}],"wp:featuredmedia":[{"embeddable":true,"href":"https:\/\/www.europesays.com\/fr\/wp-json\/wp\/v2\/media\/180435"}],"wp:attachment":[{"href":"https:\/\/www.europesays.com\/fr\/wp-json\/wp\/v2\/media?parent=180434"}],"wp:term":[{"taxonomy":"category","embeddable":true,"href":"https:\/\/www.europesays.com\/fr\/wp-json\/wp\/v2\/categories?post=180434"},{"taxonomy":"post_tag","embeddable":true,"href":"https:\/\/www.europesays.com\/fr\/wp-json\/wp\/v2\/tags?post=180434"}],"curies":[{"name":"wp","href":"https:\/\/api.w.org\/{rel}","templated":true}]}}