{"id":180438,"date":"2025-06-16T08:57:09","date_gmt":"2025-06-16T08:57:09","guid":{"rendered":"https:\/\/www.europesays.com\/fr\/180438\/"},"modified":"2025-06-16T08:57:09","modified_gmt":"2025-06-16T08:57:09","slug":"pres-de-rennes-un-homme-grievement-blesse-lors-dune-rixe-au-couteau","status":"publish","type":"post","link":"https:\/\/www.europesays.com\/fr\/180438\/","title":{"rendered":"Pr\u00e8s de Rennes, un homme gri\u00e8vement bless\u00e9 lors d\u2019une rixe au couteau"},"content":{"rendered":"<p>Quelques minutes avant minuit, la police est intervenue rue Andr\u00e9-Malraux \u00e0 Saint-Jacques de la Lande (35). Une rixe avait \u00e9clat\u00e9 quelques minutes plus t\u00f4t non loin de la biblioth\u00e8que municipale. Un homme de 28 ans \u00e9tait bless\u00e9 par plusieurs coups de couteau. Il pr\u00e9sentait notamment deux plaies au thorax, trois dans le dos, une \u00e0 la main et une au biceps. Selon les premiers \u00e9l\u00e9ments, l\u2019auteur des coups de couteau aurait pris la fuite sur un scooter conduit par une autre personne. La victime a \u00e9t\u00e9 transport\u00e9e en urgence absolue au CHU de Pontchaillou avec l\u2019aide du SAMU. Une enqu\u00eate a \u00e9t\u00e9 ouverte.<\/p>\n","protected":false},"excerpt":{"rendered":"Quelques minutes avant minuit, la police est intervenue rue Andr\u00e9-Malraux \u00e0 Saint-Jacques de la Lande (35). Une rixe&hellip;\n","protected":false},"author":2,"featured_media":180439,"comment_status":"","ping_status":"","sticky":false,"template":"","format":"standard","meta":{"footnotes":""},"categories":[2821],"tags":[1111,11,829,1777,674,118,3383,1011,27,12,584,25],"class_list":{"0":"post-180438","1":"post","2":"type-post","3":"status-publish","4":"format-standard","5":"has-post-thumbnail","7":"category-rennes","8":"tag-actu","9":"tag-actualites","10":"tag-bretagne","11":"tag-eu","12":"tag-europe","13":"tag-faits-divers","14":"tag-faits-divers-a-rennes","15":"tag-fr","16":"tag-france","17":"tag-news","18":"tag-rennes","19":"tag-republique-francaise"},"share_on_mastodon":{"url":"https:\/\/pubeurope.com\/@fr\/114692216807130406","error":""},"_links":{"self":[{"href":"https:\/\/www.europesays.com\/fr\/wp-json\/wp\/v2\/posts\/180438","targetHints":{"allow":["GET"]}}],"collection":[{"href":"https:\/\/www.europesays.com\/fr\/wp-json\/wp\/v2\/posts"}],"about":[{"href":"https:\/\/www.europesays.com\/fr\/wp-json\/wp\/v2\/types\/post"}],"author":[{"embeddable":true,"href":"https:\/\/www.europesays.com\/fr\/wp-json\/wp\/v2\/users\/2"}],"replies":[{"embeddable":true,"href":"https:\/\/www.europesays.com\/fr\/wp-json\/wp\/v2\/comments?post=180438"}],"version-history":[{"count":0,"href":"https:\/\/www.europesays.com\/fr\/wp-json\/wp\/v2\/posts\/180438\/revisions"}],"wp:featuredmedia":[{"embeddable":true,"href":"https:\/\/www.europesays.com\/fr\/wp-json\/wp\/v2\/media\/180439"}],"wp:attachment":[{"href":"https:\/\/www.europesays.com\/fr\/wp-json\/wp\/v2\/media?parent=180438"}],"wp:term":[{"taxonomy":"category","embeddable":true,"href":"https:\/\/www.europesays.com\/fr\/wp-json\/wp\/v2\/categories?post=180438"},{"taxonomy":"post_tag","embeddable":true,"href":"https:\/\/www.europesays.com\/fr\/wp-json\/wp\/v2\/tags?post=180438"}],"curies":[{"name":"wp","href":"https:\/\/api.w.org\/{rel}","templated":true}]}}