{"id":180440,"date":"2025-06-16T08:58:12","date_gmt":"2025-06-16T08:58:12","guid":{"rendered":"https:\/\/www.europesays.com\/fr\/180440\/"},"modified":"2025-06-16T08:58:12","modified_gmt":"2025-06-16T08:58:12","slug":"rennes-biocoop-scarabee-propose-des-protections-menstruelles-a-prix-coutants","status":"publish","type":"post","link":"https:\/\/www.europesays.com\/fr\/180440\/","title":{"rendered":"Rennes. Biocoop Scarab\u00e9e propose des protections menstruelles \u00e0 prix co\u00fbtants"},"content":{"rendered":"<p>Une offre responsable et solidaire. La Biocoop Scarab\u00e9e de Rennes centre et ses autres magasins de la m\u00e9tropole mettent en avant des protections menstruelles \u00e0 prix co\u00fbtants.<\/p>\n<p>Biocoop Scarab\u00e9e, acteur engag\u00e9 de la distribution de produits biologiques, souhaite <strong>rendre les protections menstruelles plus accessibles pour toutes.<\/strong> En offrant ces produits \u00e0 prix co\u00fbtants, Biocoop Scarab\u00e9e r\u00e9pond \u00e0 un besoin essentiel tout en favorisant des <strong>choix responsables et durables<\/strong>. La gamme comprend diff\u00e9rentes options pour s&rsquo;adapter aux besoins de chacune, tout en \u00e9tant respectueuse de l&rsquo;environnement et de la sant\u00e9. Au-del\u00e0 du prix, ces protections sont sans pesticides, sans chlore, sans additifs chimiques, sans parfum, et sont donc meilleures pour les femmes.<\/p>\n<p><strong>Cette initiative est disponible dans tous les magasins de la m\u00e9tropole rennaise<\/strong>. Les Biocoop de Rennes, de Cesson-S\u00e9vign\u00e9, Bruz, Vern-sur-Seiche et Saint-Gr\u00e9goire participent donc \u00e0 cette op\u00e9ration, afin de permettre \u00e0 un maximum de personnes de b\u00e9n\u00e9ficier de cette belle initiative.<\/p>\n<p>Infos pratiques<\/p>\n<p><strong>Biocoop Scarab\u00e9e<\/strong><br \/>\u2022 132 rue Eug\u00e8ne Pottier &#8211; 35000 Rennes<br \/>\u2022 T\u00e9l\u00e9phone : <a href=\"https:\/\/rennes.maville.com\/actu\/tel:0299875636\" class=\"trackingClickNumero\" target=\"_blank\" rel=\"noopener\">02 99 87 56 36<\/a><br \/>\u2022 <a rel=\"nofollow noopener\" target=\"_blank\" href=\"https:\/\/scarabee-biocoop.coop\" class=\"trackingClickSiteWeb\">Site web<\/a><br \/>\u2022 <a rel=\"nofollow noopener\" target=\"_blank\" href=\"https:\/\/www.facebook.com\/biocoopscarabee\" class=\"trackingClickSiteWeb\">Page Facebook<\/a> | <a rel=\"nofollow noopener\" target=\"_blank\" href=\"https:\/\/www.instagram.com\/biocoop_scarabee\/\" class=\"trackingClickInstagram\">Compte Instagram<\/a><\/p>\n<p>\u00a0<\/p>\n<p>\t\t<script async src=\"\/\/www.instagram.com\/embed.js\"><\/script><\/p>\n","protected":false},"excerpt":{"rendered":"Une offre responsable et solidaire. La Biocoop Scarab\u00e9e de Rennes centre et ses autres magasins de la m\u00e9tropole&hellip;\n","protected":false},"author":2,"featured_media":180441,"comment_status":"","ping_status":"","sticky":false,"template":"","format":"standard","meta":{"footnotes":""},"categories":[2821],"tags":[1111,11,11060,829,31787,1777,674,1011,27,31786,12,2141,6088,31785,584,25,31784],"class_list":{"0":"post-180440","1":"post","2":"type-post","3":"status-publish","4":"format-standard","5":"has-post-thumbnail","7":"category-rennes","8":"tag-actu","9":"tag-actualites","10":"tag-biocoop","11":"tag-bretagne","12":"tag-coutants","13":"tag-eu","14":"tag-europe","15":"tag-fr","16":"tag-france","17":"tag-menstruelles","18":"tag-news","19":"tag-prix","20":"tag-propose","21":"tag-protections","22":"tag-rennes","23":"tag-republique-francaise","24":"tag-scarabee"},"share_on_mastodon":{"url":"https:\/\/pubeurope.com\/@fr\/114692220706948684","error":""},"_links":{"self":[{"href":"https:\/\/www.europesays.com\/fr\/wp-json\/wp\/v2\/posts\/180440","targetHints":{"allow":["GET"]}}],"collection":[{"href":"https:\/\/www.europesays.com\/fr\/wp-json\/wp\/v2\/posts"}],"about":[{"href":"https:\/\/www.europesays.com\/fr\/wp-json\/wp\/v2\/types\/post"}],"author":[{"embeddable":true,"href":"https:\/\/www.europesays.com\/fr\/wp-json\/wp\/v2\/users\/2"}],"replies":[{"embeddable":true,"href":"https:\/\/www.europesays.com\/fr\/wp-json\/wp\/v2\/comments?post=180440"}],"version-history":[{"count":0,"href":"https:\/\/www.europesays.com\/fr\/wp-json\/wp\/v2\/posts\/180440\/revisions"}],"wp:featuredmedia":[{"embeddable":true,"href":"https:\/\/www.europesays.com\/fr\/wp-json\/wp\/v2\/media\/180441"}],"wp:attachment":[{"href":"https:\/\/www.europesays.com\/fr\/wp-json\/wp\/v2\/media?parent=180440"}],"wp:term":[{"taxonomy":"category","embeddable":true,"href":"https:\/\/www.europesays.com\/fr\/wp-json\/wp\/v2\/categories?post=180440"},{"taxonomy":"post_tag","embeddable":true,"href":"https:\/\/www.europesays.com\/fr\/wp-json\/wp\/v2\/tags?post=180440"}],"curies":[{"name":"wp","href":"https:\/\/api.w.org\/{rel}","templated":true}]}}