{"id":180449,"date":"2025-06-16T09:03:36","date_gmt":"2025-06-16T09:03:36","guid":{"rendered":"https:\/\/www.europesays.com\/fr\/180449\/"},"modified":"2025-06-16T09:03:36","modified_gmt":"2025-06-16T09:03:36","slug":"grand-soleil-et-temperatures-au-dessus-de-30-c-les-previsions-meteo-de-cette-semaine","status":"publish","type":"post","link":"https:\/\/www.europesays.com\/fr\/180449\/","title":{"rendered":"Grand soleil et temp\u00e9ratures au-dessus de 30\u00a0\u00b0C\u00a0: les pr\u00e9visions m\u00e9t\u00e9o de cette semaine"},"content":{"rendered":"<p>Les temp\u00e9ratures devraient nettement grimper cette semaine apr\u00e8s l\u2019\u00e9pisode orageux, parfois violent, qui a travers\u00e9 la France ces derniers jours. Voici ce \u00e0 quoi il faut s\u2019attendre pour le temps de cette semaine du lundi 16\u00a0juin au vendredi 20\u00a0juin.<\/p>\n<p>Le thermom\u00e8tre va fortement grimper cette semaine et le soleil va briller sur toute la France apr\u00e8s un \u00e9pisode orageux particuli\u00e8rement violent, <a rel=\"noopener\" target=\"_blank\" href=\"https:\/\/www.ouest-france.fr\/meteo\/orage\/orages-la-jeune-femme-grievement-blessee-a-paris-est-decedee-13a1d530-49d7-11f0-b660-c6a4d2b5307d\">durant lequel deux personnes sont d\u00e9c\u00e9d\u00e9es.<\/a> De ce lundi\u00a016 au vendredi 20\u00a0juin\u00a0; les temp\u00e9ratures d\u00e9passeront les 30\u00a0\u00b0C \u00e0 certains endroits.<\/p>\n<p><strong>\u00ab\u00a0Cette vague de chaleur pourrait \u00eatre plus importante que les pr\u00e9c\u00e9dentes\u00a0\u00bb,<\/strong> pr\u00e9vient de son c\u00f4t\u00e9 le <a rel=\"noopener\" target=\"_blank\" href=\"https:\/\/x.com\/Meteovilles\/status\/1934227155258327199\">m\u00e9t\u00e9orologue Guillaume S\u00e9chet.<\/a>\u00a0Pour rappel, une vague de chaleur est un <strong>\u00ab\u00a0\u00e9pisode de temp\u00e9ratures nettement plus \u00e9lev\u00e9es que les normales pendant plusieurs jours\u00a0\u00bb,<\/strong> <a rel=\"noopener\" target=\"_blank\" href=\"https:\/\/meteofrance.com\/actualites\/orages-et-pic-de-chaleur-cette-fin-de-semaine\">explique M\u00e9t\u00e9o France.<\/a> Voici \u00e0 quoi il faut s\u2019attendre pour cette semaine.<\/p>\n<p>Des temp\u00e9ratures entre 18\u00a0\u00b0C et 30\u00a0\u00b0C ce lundi<\/p>\n<p>D\u00e8s ce lundi, le soleil est de retour pratiquement toute la France, avec quelques nuages qui persisteront sur la r\u00e9gion, la pointe du Cotentin et le Nord-Est, selon les pr\u00e9visions de M\u00e9t\u00e9o France. Les temp\u00e9ratures, elles, seront en hausse. Il fera 18\u00a0\u00b0C \u00e0 Cherbourg, 20\u00a0\u00b0C \u00e0 Brest, 25\u00a0\u00b0C \u00e0 Paris, Limoges et Tarbes, 27\u00a0\u00b0C \u00e0 Bordeaux, 28\u00a0\u00b0C \u00e0 Ajaccio et 30\u00a0\u00b0C \u00e0 Perpignan.<\/p>\n<p>[picture #2]<\/p>\n<p>Un soleil quasiment omnipr\u00e9sent mardi<\/p>\n<p>Mardi, quelques nuages seront encore visibles sur le nord-est et le sud-est du pays. Sur le reste de la France, un franc soleil sera toujours pr\u00e9sent avec des temp\u00e9ratures toujours en hausse\u00a0: 28\u00a0\u00b0C \u00e0 Paris, 21\u00a0\u00b0C \u00e0 Brest, 29\u00a0\u00b0C \u00e0 Bordeaux, 25\u00a0\u00b0C \u00e0 Strasbourg et 31\u00a0\u00b0C \u00e0 Perpignan.<\/p>\n<p>Le thermom\u00e8tre va d\u00e9passer les 30\u00a0\u00b0C mercredi<\/p>\n<p>Mercredi, le thermom\u00e8tre devrait d\u00e9passer les 30\u00a0\u00b0C \u00e0 Perpignan, Montpellier et Bordeaux. Il fera 29\u00a0\u00b0C \u00e0 Paris, La Rochelle et Nantes, 21\u00a0\u00b0C \u00e0 Brest et 28\u00a0\u00b0C \u00e0 Strasbourg. Une faible pluie est attendue sur la Savoie et quelques nuages devraient \u00eatre pr\u00e9sents au-dessus de Gap.<\/p>\n<p>[picture #3]<\/p>\n<p>Des temp\u00e9ratures qui restent \u00e9lev\u00e9es jeudi et vendredi<\/p>\n<p>Jeudi, des orages devraient \u00e9clater \u00e0 Gap. Ailleurs, le soleil persiste avec des temp\u00e9ratures toujours plus \u00e9lev\u00e9es \u00e0 certains endroits\u00a0: 30\u00a0\u00b0C \u00e0 Paris, 31\u00a0\u00b0C \u00e0 Bordeaux, 33\u00a0\u00b0C \u00e0 Nantes 28\u00a0\u00b0C \u00e0 Brest et 32\u00a0\u00b0C \u00e0 Montpellier.<\/p>\n<p>Vendredi, le ciel sera parsem\u00e9 de nuages au nord et dans le sud-ouest de France, mais les temp\u00e9ratures resteront \u00e9lev\u00e9es avec 34\u00a0\u00b0C \u00e0 Paris, 25\u00a0\u00b0C \u00e0 Brest, 30\u00a0\u00b0C \u00e0 Bordeaux, Perpignan et Nice, 29\u00a0\u00b0C \u00e0 Ajaccio et 31\u00a0\u00b0C \u00e0 Rouen.<\/p>\n<p>[picture #4]<\/p>\n<p>M\u00e9t\u00e9o France rappelle que le pays<strong> \u00ab\u00a0a d\u00e9j\u00e0 connu des \u00e9v\u00e9nements de fortes chaleurs en juin, dont des vagues de chaleur historiques\u00a0\u00bb.<\/strong> En 2003, par exemple, <strong>\u00ab\u00a0la France a connu un \u00e9pisode de chaleur marqu\u00e9 du 12 au 14\u00a0juin avec des temp\u00e9ratures d\u00e9passant 35\u00a0\u00b0C dans le Sud-Ouest comme \u00e0 Toulouse (Haute-Garonne) le 14\u00a0juin avec 38,1\u00a0\u00b0C\u00a0\u00bb.<\/strong><\/p>\n<p><a href=\"https:\/\/nantes.maville.com\/actu\/actudet_-grand-soleil-et-temperatures-au-dessus-de-30-c-les-previsions-meteo-de-cette-semaine-_54135-6854786_actu.Htm\" rel=\"nofollow noopener\" target=\"_blank\" title=\"Source : Maville.com\" onclick=\"window.open(\" https:=\"\" false=\"\"><br \/>\nSource : Maville.com<br \/>\n<\/a><\/p>\n<p>\u00a0<\/p>\n","protected":false},"excerpt":{"rendered":"Les temp\u00e9ratures devraient nettement grimper cette semaine apr\u00e8s l\u2019\u00e9pisode orageux, parfois violent, qui a travers\u00e9 la France ces&hellip;\n","protected":false},"author":2,"featured_media":180450,"comment_status":"","ping_status":"","sticky":false,"template":"","format":"standard","meta":{"footnotes":""},"categories":[2818],"tags":[11015,11045,1111,11,29779,1777,674,1011,27,2515,2487,766,12,2636,7917,25,5572,4904,13209],"class_list":{"0":"post-180449","1":"post","2":"type-post","3":"status-publish","4":"format-standard","5":"has-post-thumbnail","7":"category-nantes","8":"tag-c","9":"tag-11045","10":"tag-actu","11":"tag-actualites","12":"tag-au-dessus","13":"tag-eu","14":"tag-europe","15":"tag-fr","16":"tag-france","17":"tag-grand","18":"tag-meteo","19":"tag-nantes","20":"tag-news","21":"tag-pays-de-la-loire","22":"tag-previsions","23":"tag-republique-francaise","24":"tag-semaine","25":"tag-soleil","26":"tag-temperatures"},"share_on_mastodon":{"url":"https:\/\/pubeurope.com\/@fr\/114692240445355275","error":""},"_links":{"self":[{"href":"https:\/\/www.europesays.com\/fr\/wp-json\/wp\/v2\/posts\/180449","targetHints":{"allow":["GET"]}}],"collection":[{"href":"https:\/\/www.europesays.com\/fr\/wp-json\/wp\/v2\/posts"}],"about":[{"href":"https:\/\/www.europesays.com\/fr\/wp-json\/wp\/v2\/types\/post"}],"author":[{"embeddable":true,"href":"https:\/\/www.europesays.com\/fr\/wp-json\/wp\/v2\/users\/2"}],"replies":[{"embeddable":true,"href":"https:\/\/www.europesays.com\/fr\/wp-json\/wp\/v2\/comments?post=180449"}],"version-history":[{"count":0,"href":"https:\/\/www.europesays.com\/fr\/wp-json\/wp\/v2\/posts\/180449\/revisions"}],"wp:featuredmedia":[{"embeddable":true,"href":"https:\/\/www.europesays.com\/fr\/wp-json\/wp\/v2\/media\/180450"}],"wp:attachment":[{"href":"https:\/\/www.europesays.com\/fr\/wp-json\/wp\/v2\/media?parent=180449"}],"wp:term":[{"taxonomy":"category","embeddable":true,"href":"https:\/\/www.europesays.com\/fr\/wp-json\/wp\/v2\/categories?post=180449"},{"taxonomy":"post_tag","embeddable":true,"href":"https:\/\/www.europesays.com\/fr\/wp-json\/wp\/v2\/tags?post=180449"}],"curies":[{"name":"wp","href":"https:\/\/api.w.org\/{rel}","templated":true}]}}