{"id":180459,"date":"2025-06-16T09:08:09","date_gmt":"2025-06-16T09:08:09","guid":{"rendered":"https:\/\/www.europesays.com\/fr\/180459\/"},"modified":"2025-06-16T09:08:09","modified_gmt":"2025-06-16T09:08:09","slug":"un-homme-grievement-blesse-apres-une-bagarre-generale-durant-un-tournoi-u10-pres-de-toulouse","status":"publish","type":"post","link":"https:\/\/www.europesays.com\/fr\/180459\/","title":{"rendered":"un homme gri\u00e8vement bless\u00e9 apr\u00e8s une bagarre g\u00e9n\u00e9rale durant un tournoi U10 pr\u00e8s de Toulouse"},"content":{"rendered":"<p>Un homme a \u00e9t\u00e9 gri\u00e8vement bless\u00e9 et un \u00e9ducateur agress\u00e9 lors d&rsquo;une bagarre g\u00e9n\u00e9rale durant un tournoi de football U10 pr\u00e8s de Toulouse samedi, a appris l&rsquo;AFP de sources concordantes dimanche, confirmant <a href=\"https:\/\/www.ladepeche.fr\/2025\/06\/15\/info-la-depeche-une-violente-bagarre-eclate-lors-dun-match-de-football-entre-enfants-de-11-ans-un-homme-evacue-en-urgences-12763362.php\" target=\"_blank\" rel=\"noopener\">une information de La D\u00e9p\u00eache du Midi<\/a>.<\/p>\n<p>Les secours sont intervenus sur un terrain de\u00a0football\u00a0pr\u00e8s de Toulouse et \u00ab\u00a0ont transport\u00e9 un bless\u00e9 grave\u00a0\u00bb, samedi apr\u00e8s-midi, ont indiqu\u00e9 les pompiers dimanche \u00e0 l&rsquo;AFP.<\/p>\n<p>L&rsquo;homme, parent d&rsquo;un jeune joueur, a \u00e9t\u00e9 bless\u00e9 lors d&rsquo;une bagarre \u00ab\u00a0d&rsquo;une extr\u00eame violence\u00a0\u00bb, durant une rencontre entre deux \u00e9quipes de\u00a0football\u00a0locales d&rsquo;enfants de dix ans, dans le cadre d&rsquo;un tournoi, selon la copr\u00e9sidente d&rsquo;un des deux clubs.\u00a0<\/p>\n<p>Des parents et spectateurs qui ont envahi le terrain \u00ab\u00a0se sont battus devant les enfants qui sont tr\u00e8s choqu\u00e9s\u00a0\u00bb et s&rsquo;en sont \u00e9galement pris \u00e0 un \u00e9ducateur b\u00e9n\u00e9vole d&rsquo;un des deux clubs qui a \u00e9t\u00e9 \u00ab\u00a0rou\u00e9 de coups\u00a0\u00bb et \u00ab\u00a0aura probablement plusieurs jours d&rsquo;ITT\u00a0\u00bb, rapporte la copr\u00e9sidente.<\/p>\n","protected":false},"excerpt":{"rendered":"Un homme a \u00e9t\u00e9 gri\u00e8vement bless\u00e9 et un \u00e9ducateur agress\u00e9 lors d&rsquo;une bagarre g\u00e9n\u00e9rale durant un tournoi de&hellip;\n","protected":false},"author":2,"featured_media":180460,"comment_status":"","ping_status":"","sticky":false,"template":"","format":"standard","meta":{"footnotes":""},"categories":[2816],"tags":[17,1111,11,150,10737,3916,1777,674,63,1011,27,3915,4933,12,2680,25,60,2312,96],"class_list":{"0":"post-180459","1":"post","2":"type-post","3":"status-publish","4":"format-standard","5":"has-post-thumbnail","7":"category-toulouse","8":"tag-17","9":"tag-actu","10":"tag-actualites","11":"tag-apres","12":"tag-bagarre","13":"tag-blesse","14":"tag-eu","15":"tag-europe","16":"tag-football","17":"tag-fr","18":"tag-france","19":"tag-grievement","20":"tag-homme","21":"tag-news","22":"tag-occitanie","23":"tag-republique-francaise","24":"tag-sports","25":"tag-toulouse","26":"tag-une"},"share_on_mastodon":{"url":"https:\/\/pubeurope.com\/@fr\/114692260036256100","error":""},"_links":{"self":[{"href":"https:\/\/www.europesays.com\/fr\/wp-json\/wp\/v2\/posts\/180459","targetHints":{"allow":["GET"]}}],"collection":[{"href":"https:\/\/www.europesays.com\/fr\/wp-json\/wp\/v2\/posts"}],"about":[{"href":"https:\/\/www.europesays.com\/fr\/wp-json\/wp\/v2\/types\/post"}],"author":[{"embeddable":true,"href":"https:\/\/www.europesays.com\/fr\/wp-json\/wp\/v2\/users\/2"}],"replies":[{"embeddable":true,"href":"https:\/\/www.europesays.com\/fr\/wp-json\/wp\/v2\/comments?post=180459"}],"version-history":[{"count":0,"href":"https:\/\/www.europesays.com\/fr\/wp-json\/wp\/v2\/posts\/180459\/revisions"}],"wp:featuredmedia":[{"embeddable":true,"href":"https:\/\/www.europesays.com\/fr\/wp-json\/wp\/v2\/media\/180460"}],"wp:attachment":[{"href":"https:\/\/www.europesays.com\/fr\/wp-json\/wp\/v2\/media?parent=180459"}],"wp:term":[{"taxonomy":"category","embeddable":true,"href":"https:\/\/www.europesays.com\/fr\/wp-json\/wp\/v2\/categories?post=180459"},{"taxonomy":"post_tag","embeddable":true,"href":"https:\/\/www.europesays.com\/fr\/wp-json\/wp\/v2\/tags?post=180459"}],"curies":[{"name":"wp","href":"https:\/\/api.w.org\/{rel}","templated":true}]}}