{"id":180465,"date":"2025-06-16T09:12:12","date_gmt":"2025-06-16T09:12:12","guid":{"rendered":"https:\/\/www.europesays.com\/fr\/180465\/"},"modified":"2025-06-16T09:12:12","modified_gmt":"2025-06-16T09:12:12","slug":"la-villa-m-a-marseille-devoile-son-resto","status":"publish","type":"post","link":"https:\/\/www.europesays.com\/fr\/180465\/","title":{"rendered":"La Villa M \u00e0 Marseille d\u00e9voile son resto"},"content":{"rendered":"<p><a href=\"https:\/\/www.laprovence.com\/article\/sortie-loisirs\/2716918699493714\/nos-bons-plans-du-week-end-hotel-spa-thermes-et-si-on-prenait-soin-de-soi\" target=\"_blank\" rel=\"noopener\">L\u2019h\u00f4tel La Villa M a ouvert ses portes au mois de mai \u00e0 Marseille<\/a>, face \u00e0 l\u2019hippodrome Bor\u00e9ly (nouvelle version de la Villa Massalia anciennement Golden Tulip). Son concept, d\u00e9j\u00e0 existant \u00e0 Paris, port\u00e9 par le Groupe Pasteur Mutualit\u00e9, m\u00eale h\u00f4tellerie haut de gamme, centre de pr\u00e9vention de sant\u00e9 et de soins, club de boxe et fitness, piscine, sauna, hammam et cryoth\u00e9rapie. Et bien entendu, un restaurant, ouvert \u00e0 tous, qui vient tout juste d\u2019\u00eatre d\u00e9voil\u00e9.<\/p>\n<p>\u00ab\u00a0Une cuisine simple qui a du go\u00fbt\u00a0\u00bb<\/p>\n<p>L\u2019occasion d\u2019entrer dans ce bel espace \u00e0 la d\u00e9co chaude et m\u00e9diterran\u00e9enne et de profiter de la terrasse aux accents du sud. Avec ses grands palmiers, sa vue sur l\u2019hippodrome et son terrain de p\u00e9tanque, le lieu invite r\u00e9solument au farniente. Sans compter les couleurs cr\u00e8me et terracotta synonymes de vacances.<\/p>\n<p>C\u00f4t\u00e9 carte, le Marseillais Nicolas Brenier, pass\u00e9 entre autres par Peron, Babel Community et Mama Shelter, propose \u00ab\u00a0une cuisine simple qui a du go\u00fbt\u00a0\u00bb. Place donc aux produits frais et aux circuits courts pour d\u00e9guster en toute simplicit\u00e9 une belle s\u00e9lection d\u2019entr\u00e9es estivales comme le crudo de loup et sa marinade de fruits de la passion et coco (16\u20ac). Ou encore un poisson du jour grill\u00e9 (31\u20ac). En dessert, la collaboration avec Bricoleurs de Douceurs permet de savourer un entremets au citron vert rafra\u00eechissant (12\u20ac). L\u2019adresse proposera aussi d\u2019ici la fin de l\u2019\u00e9t\u00e9 un brunch le dimanche.<\/p>\n<p>17, Place Louis Bonnefon \u00e0 Marseille (8e). Tous les jours midi et soir. www.instagram.com\/hotelvillam_marseille.<\/p>\n<p><script async src=\"\/\/www.instagram.com\/embed.js\"><\/script><\/p>\n","protected":false},"excerpt":{"rendered":"L\u2019h\u00f4tel La Villa M a ouvert ses portes au mois de mai \u00e0 Marseille, face \u00e0 l\u2019hippodrome Bor\u00e9ly&hellip;\n","protected":false},"author":2,"featured_media":180466,"comment_status":"","ping_status":"","sticky":false,"template":"","format":"standard","meta":{"footnotes":""},"categories":[2814],"tags":[17,1111,11,851,1777,674,1011,27,1661,884,12,882,25,31788,3711,7825],"class_list":{"0":"post-180465","1":"post","2":"type-post","3":"status-publish","4":"format-standard","5":"has-post-thumbnail","7":"category-marseille","8":"tag-17","9":"tag-actu","10":"tag-actualites","11":"tag-devoile","12":"tag-eu","13":"tag-europe","14":"tag-fr","15":"tag-france","16":"tag-gastronomie","17":"tag-marseille","18":"tag-news","19":"tag-provence-alpes-cote-dazur","20":"tag-republique-francaise","21":"tag-resto","22":"tag-son","23":"tag-villa"},"share_on_mastodon":{"url":"https:\/\/pubeurope.com\/@fr\/114692275885432810","error":""},"_links":{"self":[{"href":"https:\/\/www.europesays.com\/fr\/wp-json\/wp\/v2\/posts\/180465","targetHints":{"allow":["GET"]}}],"collection":[{"href":"https:\/\/www.europesays.com\/fr\/wp-json\/wp\/v2\/posts"}],"about":[{"href":"https:\/\/www.europesays.com\/fr\/wp-json\/wp\/v2\/types\/post"}],"author":[{"embeddable":true,"href":"https:\/\/www.europesays.com\/fr\/wp-json\/wp\/v2\/users\/2"}],"replies":[{"embeddable":true,"href":"https:\/\/www.europesays.com\/fr\/wp-json\/wp\/v2\/comments?post=180465"}],"version-history":[{"count":0,"href":"https:\/\/www.europesays.com\/fr\/wp-json\/wp\/v2\/posts\/180465\/revisions"}],"wp:featuredmedia":[{"embeddable":true,"href":"https:\/\/www.europesays.com\/fr\/wp-json\/wp\/v2\/media\/180466"}],"wp:attachment":[{"href":"https:\/\/www.europesays.com\/fr\/wp-json\/wp\/v2\/media?parent=180465"}],"wp:term":[{"taxonomy":"category","embeddable":true,"href":"https:\/\/www.europesays.com\/fr\/wp-json\/wp\/v2\/categories?post=180465"},{"taxonomy":"post_tag","embeddable":true,"href":"https:\/\/www.europesays.com\/fr\/wp-json\/wp\/v2\/tags?post=180465"}],"curies":[{"name":"wp","href":"https:\/\/api.w.org\/{rel}","templated":true}]}}