{"id":180467,"date":"2025-06-16T09:13:08","date_gmt":"2025-06-16T09:13:08","guid":{"rendered":"https:\/\/www.europesays.com\/fr\/180467\/"},"modified":"2025-06-16T09:13:08","modified_gmt":"2025-06-16T09:13:08","slug":"un-corps-retrouve-par-des-benevoles-ce-que-lon-sait","status":"publish","type":"post","link":"https:\/\/www.europesays.com\/fr\/180467\/","title":{"rendered":"un corps retrouv\u00e9 par des b\u00e9n\u00e9voles, ce que l&rsquo;on sait"},"content":{"rendered":"<p>            Par<br \/>\n        <strong><br \/>\n            <a href=\"https:\/\/actu.fr\/auteur\/julien-damboise\" title=\"Consulter tous les articles de Julien Damboise\" rel=\"nofollow noopener\" target=\"_blank\">Julien Damboise<\/a><br \/>\n        <\/strong><\/p>\n<p>        Publi\u00e9 le<\/p>\n<p>            16 juin 2025 \u00e0 10h55        <\/p>\n<p>Un fin tragique semble se dessiner apr\u00e8s la <a href=\"https:\/\/actu.fr\/auvergne-rhone-alpes\/lyon_69123\/un-habitant-de-lyon-disparait-l-inquietude-monte-les-gendarmes-sortent-les-grands-moyens_62767679.html\" rel=\"nofollow noopener\" target=\"_blank\">disparition inqui\u00e9tante<\/a> d\u2019un habitant de <a href=\"https:\/\/actu.fr\/auvergne-rhone-alpes\/lyon_69123\" rel=\"nofollow noopener\" target=\"_blank\">Lyon<\/a> \u00e2g\u00e9 de 43 ans lors d\u2019une <strong>sortie trail<\/strong> durant le lundi de Pentec\u00f4te, le lundi 9 juin 2025.<\/p>\n<p class=\" wall-content\">Un <strong>corps sans vie<\/strong> a \u00e9t\u00e9 trouv\u00e9 au pied d\u2019une barre rocheuse de la Savoie. Des analyses sont en cours pour d\u00e9terminer s\u2019il s\u2019agit de\u00a0Vincent Prat.<\/p>\n<p>    <a href=\"https:\/\/www.google.com\/maps\/embed?pb=!1m18!1m12!1m3!1d23586.00021903031!2d5.917028083737988!3d45.66100809123307!2m3!1f0!2f0!3f0!3m2!1i1024!2i768!4f13.1!3m3!1m2!1s0x478ba6d89ee31147%3A0x408ab2ae4bab3d0!2s73420%20Drumettaz-Clarafond!5e1!3m2!1sfr!2sfr!4v1750063029737!5m2!1sfr!2sfr\" title=\"Ouvrie le lien\" rel=\"nofollow noopener\" target=\"_blank\">Cliquez ici pour visualiser le contenu<\/a><\/p>\n<p>Des b\u00e9n\u00e9voles trouvent un corps<\/p>\n<p class=\" wall-content\">Pour rappel, Vincent Prat, p\u00e8re de famille, est parti le lundi 9 juin 2025 au matin pour une randonn\u00e9e dans le Massif des Bauges, au d\u00e9part de la commune de Mery. \u00c2g\u00e9 de 43 ans, le Lyonnais n\u2019a pas donn\u00e9 de nouvelles depuis. Un <a href=\"https:\/\/actu.fr\/tag\/appel-a-temoins\" rel=\"nofollow noopener\" target=\"_blank\">appel \u00e0 t\u00e9moins<\/a> avait \u00e9t\u00e9 lanc\u00e9 par la gendarmerie qui avait engag\u00e9 d\u2019importants moyens.<\/p>\n<p class=\" wall-content\">Des <strong>battues<\/strong> avec des volontaires avaient aussi \u00e9t\u00e9 men\u00e9es. La famille avait publi\u00e9 un appel \u00e0 destination des \u00ab habitu\u00e9s \u00e0 randonner et \u00e0 escalader en montagne \u00bb.<\/p>\n<p class=\" wall-content\">Et selon <a href=\"https:\/\/c.ledauphine.com\/faits-divers-justice\/2025\/06\/14\/disparition-de-vincent-prat-un-corps-retrouve-a-drumettaz-clarafond\" rel=\"nofollow noopener\" target=\"_blank\">Le Dauphin\u00e9<\/a>, ce sont des participants \u00e0 ces battues qui ont d\u00e9couvert un corps inanim\u00e9 au pied d\u2019une barre rocheuse de la commune Drumettaz-Clarafond, toujours en Savoie.<\/p>\n<p>Vid\u00e9os : en ce moment sur ActuLa victime h\u00e9liport\u00e9e<\/p>\n<p class=\" wall-content\">\u00c0 cause de l\u2019impossibilit\u00e9 d\u2019acc\u00e9der au lieu o\u00f9 se trouvait la d\u00e9pouille, des gendarmes du PHGM de la Savoie ont d\u00fb d\u00e9ployer un <strong>h\u00e9licopt\u00e8re<\/strong> pour aller r\u00e9cup\u00e9rer le corps. Des constatations ont aussi \u00e9t\u00e9 men\u00e9es dans le cadre de l\u2019enqu\u00eate ouverte.<\/p>\n<p class=\" wall-content\">Des <strong>analyses ADN<\/strong> devaient \u00eatre men\u00e9es pour confirmer l\u2019identit\u00e9 de la victime. Les r\u00e9sultats ne sont pas encore connus.<\/p>\n<p class=\" wall-content\">Suivez toute l\u2019actualit\u00e9 de vos villes et m\u00e9dias favoris en vous inscrivant \u00e0 <a href=\"https:\/\/moncompte.actu.fr\" title=\"D\u00e9couvez Mon Actu\" rel=\"nofollow noopener\" data-trk=\"{&quot;cta&quot;:{&quot;action&quot;:&quot;https:\\\/\\\/moncompte.actu.fr&quot;,&quot;category&quot;:&quot;mon compte&quot;,&quot;from&quot;:&quot;article footer&quot;,&quot;name&quot;:&quot;Mon actu&quot;,&quot;type&quot;:&quot;cta&quot;}}\" target=\"_blank\">Mon Actu<\/a>.<\/p>\n<ul class=\"ac-article-tag wall-content\">\n<li><a href=\"https:\/\/actu.fr\/tag\/disparition\" data-trk=\"{&quot;cta&quot;:{&quot;action&quot;:&quot;Disparition inqui\\u00e9tante&quot;,&quot;category&quot;:&quot;tag&quot;,&quot;from&quot;:&quot;article footer&quot;,&quot;name&quot;:&quot;Disparition inqui\\u00e9tante&quot;,&quot;type&quot;:&quot;cta&quot;}}\" rel=\"nofollow noopener\" target=\"_blank\">#Disparition inqui\u00e9tante<\/a><\/li>\n<li><a href=\"https:\/\/actu.fr\/tag\/gendarmerie\" data-trk=\"{&quot;cta&quot;:{&quot;action&quot;:&quot;Gendarmerie&quot;,&quot;category&quot;:&quot;tag&quot;,&quot;from&quot;:&quot;article footer&quot;,&quot;name&quot;:&quot;Gendarmerie&quot;,&quot;type&quot;:&quot;cta&quot;}}\" rel=\"nofollow noopener\" target=\"_blank\">#Gendarmerie<\/a><\/li>\n<\/ul>\n","protected":false},"excerpt":{"rendered":"Par Julien Damboise Publi\u00e9 le 16 juin 2025 \u00e0 10h55 Un fin tragique semble se dessiner apr\u00e8s la&hellip;\n","protected":false},"author":2,"featured_media":180468,"comment_status":"","ping_status":"","sticky":false,"template":"","format":"standard","meta":{"footnotes":""},"categories":[1889],"tags":[1111,11,2430,3676,1777,674,118,1011,27,3381,2428,12,25],"class_list":{"0":"post-180467","1":"post","2":"type-post","3":"status-publish","4":"format-standard","5":"has-post-thumbnail","7":"category-lyon","8":"tag-actu","9":"tag-actualites","10":"tag-auvergne-rhone-alpes","11":"tag-disparition-inquietante","12":"tag-eu","13":"tag-europe","14":"tag-faits-divers","15":"tag-fr","16":"tag-france","17":"tag-gendarmerie","18":"tag-lyon","19":"tag-news","20":"tag-republique-francaise"},"share_on_mastodon":{"url":"https:\/\/pubeurope.com\/@fr\/114692280036500469","error":""},"_links":{"self":[{"href":"https:\/\/www.europesays.com\/fr\/wp-json\/wp\/v2\/posts\/180467","targetHints":{"allow":["GET"]}}],"collection":[{"href":"https:\/\/www.europesays.com\/fr\/wp-json\/wp\/v2\/posts"}],"about":[{"href":"https:\/\/www.europesays.com\/fr\/wp-json\/wp\/v2\/types\/post"}],"author":[{"embeddable":true,"href":"https:\/\/www.europesays.com\/fr\/wp-json\/wp\/v2\/users\/2"}],"replies":[{"embeddable":true,"href":"https:\/\/www.europesays.com\/fr\/wp-json\/wp\/v2\/comments?post=180467"}],"version-history":[{"count":0,"href":"https:\/\/www.europesays.com\/fr\/wp-json\/wp\/v2\/posts\/180467\/revisions"}],"wp:featuredmedia":[{"embeddable":true,"href":"https:\/\/www.europesays.com\/fr\/wp-json\/wp\/v2\/media\/180468"}],"wp:attachment":[{"href":"https:\/\/www.europesays.com\/fr\/wp-json\/wp\/v2\/media?parent=180467"}],"wp:term":[{"taxonomy":"category","embeddable":true,"href":"https:\/\/www.europesays.com\/fr\/wp-json\/wp\/v2\/categories?post=180467"},{"taxonomy":"post_tag","embeddable":true,"href":"https:\/\/www.europesays.com\/fr\/wp-json\/wp\/v2\/tags?post=180467"}],"curies":[{"name":"wp","href":"https:\/\/api.w.org\/{rel}","templated":true}]}}