{"id":180479,"date":"2025-06-16T09:25:10","date_gmt":"2025-06-16T09:25:10","guid":{"rendered":"https:\/\/www.europesays.com\/fr\/180479\/"},"modified":"2025-06-16T09:25:10","modified_gmt":"2025-06-16T09:25:10","slug":"madame-arthur-se-voyait-deja-aznavour-du-26-au-29-juin","status":"publish","type":"post","link":"https:\/\/www.europesays.com\/fr\/180479\/","title":{"rendered":"Madame Arthur se voyait d\u00e9j\u00e0 Aznavour du 26 au 29 juin"},"content":{"rendered":"<p><strong>Bienvenue chez Madame Arthur, cabaret travesti ouvert depuis 1946, au c\u0153ur de Pigalle et au pied de la butte Montmartre. Entrez d\u00e8s maintenant dans notre univers d\u00e9cadent, m\u00ealant musique live et spectacle piquant !<\/strong><\/p>\n<p>Hier encore, elle avait 20 ans\u2026 Madame Arthur approche de ses 80 ans, et elle en a connu des choses ! Une vie d\u2019amour, remplie de rires clairs, une vie de boh\u00e8me \u00e0 poser nue\u2026 Et pour parler de Montmartre en ce temps-l\u00e0, qui de mieux que notre cher Aznavour ? Pas besoin de vous emmener au bout de la terre ou au pays des merveilles, Madame Arthur vous accueille dans son \u00e9crin de cabaret pour cette soir\u00e9e inoubliable !<\/p>\n<p>Pr\u00e9parez vous \u00e0 vivre une exp\u00e9rience hors des sentiers battus. Ne manquez pas le nouveau souffle de la f\u00eate parisienne !<\/p>\n<p>DU JEUDI AU SAMEDI<br \/>20h : Ouverture des portes<br \/>21h \u2013 22h : Madame Arthur se voyait d\u00e9j\u00e0 Aznavour<br \/>22h30 : French Test de Guigui (vendredi &amp; samedi)<br \/>23h : Tour de chant<br \/>23h \u2013 06h : Club en fran\u00e7ais<\/p>\n<p>DIMANCHE<br \/>19h : Ouverture des portes<br \/>20h \u2013 21h : Madame Arthur se voyait d\u00e9j\u00e0 Aznavour<br \/>21h10 : Surprise des artistes<\/p>\n<p>[Source : communiqu\u00e9 de presse]<\/p>\n<p><a href=\"https:\/\/www.clubartistikrezo.com\/\" rel=\"nofollow noopener\" target=\"_blank\"><b>\u00c9v\u00e9nement partenaire du Club Artistik Rezo<\/b><\/a><\/p>\n","protected":false},"excerpt":{"rendered":"Bienvenue chez Madame Arthur, cabaret travesti ouvert depuis 1946, au c\u0153ur de Pigalle et au pied de la&hellip;\n","protected":false},"author":2,"featured_media":180480,"comment_status":"","ping_status":"","sticky":false,"template":"","format":"standard","meta":{"footnotes":""},"categories":[1888],"tags":[1111,11,25682,1777,674,1011,27,12,626,25,3140],"class_list":{"0":"post-180479","1":"post","2":"type-post","3":"status-publish","4":"format-standard","5":"has-post-thumbnail","7":"category-paris","8":"tag-actu","9":"tag-actualites","10":"tag-drag","11":"tag-eu","12":"tag-europe","13":"tag-fr","14":"tag-france","15":"tag-news","16":"tag-paris","17":"tag-republique-francaise","18":"tag-spectacle"},"share_on_mastodon":{"url":"https:\/\/pubeurope.com\/@fr\/114692327044240271","error":""},"_links":{"self":[{"href":"https:\/\/www.europesays.com\/fr\/wp-json\/wp\/v2\/posts\/180479","targetHints":{"allow":["GET"]}}],"collection":[{"href":"https:\/\/www.europesays.com\/fr\/wp-json\/wp\/v2\/posts"}],"about":[{"href":"https:\/\/www.europesays.com\/fr\/wp-json\/wp\/v2\/types\/post"}],"author":[{"embeddable":true,"href":"https:\/\/www.europesays.com\/fr\/wp-json\/wp\/v2\/users\/2"}],"replies":[{"embeddable":true,"href":"https:\/\/www.europesays.com\/fr\/wp-json\/wp\/v2\/comments?post=180479"}],"version-history":[{"count":0,"href":"https:\/\/www.europesays.com\/fr\/wp-json\/wp\/v2\/posts\/180479\/revisions"}],"wp:featuredmedia":[{"embeddable":true,"href":"https:\/\/www.europesays.com\/fr\/wp-json\/wp\/v2\/media\/180480"}],"wp:attachment":[{"href":"https:\/\/www.europesays.com\/fr\/wp-json\/wp\/v2\/media?parent=180479"}],"wp:term":[{"taxonomy":"category","embeddable":true,"href":"https:\/\/www.europesays.com\/fr\/wp-json\/wp\/v2\/categories?post=180479"},{"taxonomy":"post_tag","embeddable":true,"href":"https:\/\/www.europesays.com\/fr\/wp-json\/wp\/v2\/tags?post=180479"}],"curies":[{"name":"wp","href":"https:\/\/api.w.org\/{rel}","templated":true}]}}