{"id":180487,"date":"2025-06-16T09:31:09","date_gmt":"2025-06-16T09:31:09","guid":{"rendered":"https:\/\/www.europesays.com\/fr\/180487\/"},"modified":"2025-06-16T09:31:09","modified_gmt":"2025-06-16T09:31:09","slug":"aux-etats-unis-nouvelle-offensive-anti-immigration-et-transphobe-de-trump-contre-les-villes-democrates-dextreme-gauche","status":"publish","type":"post","link":"https:\/\/www.europesays.com\/fr\/180487\/","title":{"rendered":"Aux Etats-Unis, nouvelle offensive anti-immigration et transphobe de Trump contre les villes \u201cd\u00e9mocrates d\u2019extr\u00eame gauche\u201d"},"content":{"rendered":"<p class=\"latino-300b text-grey-800\">\n<p>  Par\u00a0<br \/>\nLe Nouvel Obs avec AFP                <\/p>\n<p class=\"latino-300r text-grey-600\">\n      Publi\u00e9 le<\/p>\n<p>    16 juin 2025 \u00e0 11h28<\/p>\n<p>      <img fetchpriority=\"high\" decoding=\"async\" class=\"mx-auto\" src=\"data:image\/svg+xml,%3Csvg%20xmlns%3D%27http%3A%2F%2Fwww.w3.org%2F2000%2Fsvg%27%20fill%3D%22%23e4e4e4%22%20viewBox%3D%270%200%20510%20340%27%20width%3D%22510%22%20height%3D%22340%22%3E%3Cpath%20d%3D%27M0%200h510v340H0z%27%2F%3E%3C%2Fsvg%3E\"  loading=\"eager\" width=\"510\" height=\"340\" data-oncrawl-image-size=\"510x340\" alt=\"Donald Trump sur le point de monter \u00e0 bord de Marine One pour quitter la Maison Blanche et se rendre au sommet du G7\u00a0au Canada, le 15\u00a0juin 2025, \u00e0 Washington. \"\/>      <\/p>\n<p class=\"latino-100m text-grey-600\">\n            Donald Trump sur le point de monter \u00e0 bord de Marine One pour quitter la Maison Blanche et se rendre au sommet du G7\u00a0au Canada, le 15\u00a0juin 2025, \u00e0 Washington. \u00a0MANUEL BALCE CENETA\/AP\/SIPA        <\/p>\n<p>    Lire\u00a0plus\u00a0tard  <\/p>\n<p><a aria-label=\"Nous suivre sur Google News\" href=\"https:\/\/news.google.com\/publications\/CAAqBwgKMJe4nQkw3dFs?hl=fr&amp;gl=FR&amp;ceid=FR%3Afr\" target=\"_blank\" data-piano=\"Page_Article,Sous_date_publi,Nous_suivre_sur_google_news,1er_clic,action\" class=\"btn btn--small btn--secondary\" rel=\"nofollow noopener\"><\/p>\n<p>      Google Actualit\u00e9s<br \/>\n  <\/a><\/p>\n<p>  Partager<\/p>\n<p>        Facebook<\/p>\n<p>        Bluesky<\/p>\n<p>        E-mail<\/p>\n<p>        Copier le lien<\/p>\n<p>      Envoyer<\/p>\n<p>    Temps de lecture\u00a0:\u00a02\u00a0min.<\/p>\n<p class=\"article__description latino-600m mb-8 mb-lg-30 \" data-oncrawl-chapo-length=\"241\">\n  \t  R\u00e9cap\u00a0<br \/>\n    Le pr\u00e9sident am\u00e9ricain a ordonn\u00e9 la tenue de nouvelles op\u00e9rations anti-immigr\u00e9s \u00e0 Los Angeles, Chicago et New York, des villes qui, selon lui, \u00ab\u00a0utilisent le vote des migrants pour \u00e9tendre leur base \u00e9lectorale et voler les \u00e9lections\u00a0\u00bb.<\/p>\n<p class=\"node__paragraphe antonia-750r text-grey-800 pb-24 pb-md-30\">\nLe pr\u00e9sident am\u00e9ricain <a href=\"https:\/\/www.nouvelobs.com\/l-amerique-selon-trump\/\" rel=\"nofollow noopener\" target=\"_blank\">Donald Trump<\/a> a ordonn\u00e9 ce dimanche 16\u00a0juin de nouvelles op\u00e9rations antimigrants \u00e0 Los Angeles, Chicago et New York, en vue du \u00ab\u00a0plus grand programme d\u2019expulsions massives de l\u2019histoire\u00a0\u00bb visant ces villes dirig\u00e9es selon lui par des \u00ab\u00a0d\u00e9mocrates d\u2019extr\u00eame gauche\u00a0\u00bb \u00e0 \u00ab\u00a0l\u2019esprit malade\u00a0\u00bb.<\/p>\n<p class=\"node__paragraphe antonia-750r text-grey-800 pb-24 pb-md-30\">\n\u00ab\u00a0Nous devons redoubler d\u2019efforts pour arr\u00eater et expulser les \u00e9trangers ill\u00e9gaux des plus grandes villes am\u00e9ricaines comme Los Angeles, Chicago et New York, o\u00f9 des millions d\u2019\u00e9trangers ill\u00e9gaux habitent\u00a0\u00bb, a d\u00e9clar\u00e9 le pr\u00e9sident r\u00e9publicain sur son r\u00e9seau Truth Social. \u00ab\u00a0Ces villes, et d\u2019autres, sont le noyau central du pouvoir d\u00e9mocrate\u00a0\u00bb, a-t-il ajout\u00e9.<\/p>\n<p class=\"node__paragraphe antonia-750r text-grey-800 pb-24 pb-md-30\">\nDonald Trump a fait de <a href=\"https:\/\/www.nouvelobs.com\/monde\/20250129.OBS99680\/trump-veut-envoyer-les-migrants-sans-papiers-a-guantanamo.html\" rel=\"nofollow noopener\" target=\"_blank\">l\u2019expulsion des immigr\u00e9s clandestins une priorit\u00e9<\/a> de son deuxi\u00e8me mandat, apr\u00e8s avoir promis durant sa campagne de mettre fin \u00e0 une suppos\u00e9e \u00ab\u00a0invasion\u00a0\u00bb de criminels \u00e9trangers. Mais ses efforts pour lutter contre l\u2019immigration clandestine ont largement d\u00e9pass\u00e9 ce cadre et vis\u00e9 en particulier les immigr\u00e9s latino-am\u00e9ricains, indispensables \u00e0 certains secteurs d\u2019activit\u00e9.<\/p>\n<p>\u00ab\u00a0Esprit malade\u00a0\u00bb<\/p>\n<p class=\"node__paragraphe antonia-750r text-grey-800 pb-24 pb-md-30\">\nDans sa longue diatribe sur Truth Social dimanche, le pr\u00e9sident r\u00e9publicain a affirm\u00e9 que \u00ab\u00a0chaque jour, les courageux hommes et femmes de l\u2019ICE sont soumis \u00e0 des actes de violence, au harc\u00e8lement et m\u00eame \u00e0 des menaces de la part de politiciens d\u00e9mocrates radicaux.\u00a0\u00bb Mais, a-t-il insist\u00e9, \u00ab\u00a0rien ne nous emp\u00eachera d\u2019ex\u00e9cuter notre mission (\u2026) Les agents de l\u2019ICE ont, par la pr\u00e9sente, ordre de faire tout leur possible pour atteindre l\u2019objectif tr\u00e8s important de r\u00e9aliser le plus grand programme d\u2019expulsion massive de l\u2019histoire.\u00a0\u00bb<\/p>\n<p class=\"latino-500b text-grey-600 pb-16\">A lire aussi<\/p>\n<p><a href=\"https:\/\/www.nouvelobs.com\/monde\/20250611.OBS104809\/ideologue-loyal-envers-le-president-dangereux-stephen-miller-l-architecte-de-la-politique-migratoire-de-trump-plus-puissant-que-jamais.html\" data-article-key=\"20250611.OBS104809\" class=\"link--box flex-grow-1\" data-piano=\"Page_Article,Lire_aussi,,Lien1,navigation\" rel=\"nofollow noopener\" target=\"_blank\"><\/p>\n<p>                <img decoding=\"async\" src=\"data:image\/svg+xml,%3Csvg%20xmlns%3D%27http%3A%2F%2Fwww.w3.org%2F2000%2Fsvg%27%20fill%3D%22%23e4e4e4%22%20viewBox%3D%270%200%20120%2080%27%20width%3D%22120%22%20height%3D%2280%22%3E%3Cpath%20d%3D%27M0%200h120v80H0z%27%2F%3E%3C%2Fsvg%3E\"  width=\"120\" height=\"79\" loading=\"lazy\" alt=\"Stephen Miller, le chef de cabinet adjoint de la Maison-Blanche, dans le bureau Ovale, \u00e0 Washington, le mardi 4\u00a0f\u00e9vrier 2025.\"\/><\/p>\n<p class=\"latino-300r latino-lg-600m text-grey-800\">\n                      <strong class=\"latino-300b latino-lg-600m text-grey-500\">Portrait\u00a0<\/strong><br \/>\n                    \u00ab\u00a0Id\u00e9ologue\u00a0\u00bb, \u00ab\u00a0loyal envers le pr\u00e9sident\u00bb, \u00ab\u00a0dangereux\u00a0\u00bb\u2026 Stephen Miller, l\u2019architecte de la politique migratoire de Trump, plus puissant que jamais        <\/p>\n<p><\/a><\/p>\n<p>    Lire\u00a0plus\u00a0tard  <\/p>\n<p class=\"node__paragraphe antonia-750r text-grey-800 pb-24 pb-md-30\">\n\u00ab\u00a0Les d\u00e9mocrates d\u2019extr\u00eame gauche ont l\u2019esprit malade, d\u00e9testent notre pays et veulent en r\u00e9alit\u00e9 d\u00e9truire nos centres-villes &#8211; et ils y parviennent\u00a0!\u00a0\u00bb a encore lanc\u00e9 le pr\u00e9sident. \u00ab\u00a0Il y a quelque chose qui ne va pas chez eux,\u00a0\u00bb a-t-il poursuivi dans sa diatribe, \u00e9num\u00e9rant une s\u00e9rie de griefs, notamment des accusations selon lesquelles les d\u00e9mocrates \u00ab\u00a0croient aux fronti\u00e8res ouvertes, au transgenre pour tout le monde, et aux hommes jouant dans les sports f\u00e9minins.\u00a0\u00bb<\/p>\n<p class=\"node__paragraphe antonia-750r text-grey-800 pb-24 pb-md-30\">\nIl a dit avoir ordonn\u00e9 \u00e0 l\u2019ICE et aux autres corps de maintien de l\u2019ordre de \u00ab\u00a0SE CONCENTRER sur nos centres-villes criminog\u00e8nes et meurtriers\u00a0\u00bb. Toute l\u2019administration, a-t-il insist\u00e9, a ordre \u00ab\u00a0de mettre toutes les ressources possibles derri\u00e8re cet effort, et d\u2019inverser la mar\u00e9e de la migration de destruction massive qui a transform\u00e9 des villes autrefois idylliques en sc\u00e8nes de dystopie du Tiers-Monde.\u00a0\u00bb<\/p>\n<p class=\"node__paragraphe antonia-750r text-grey-800 pb-24 pb-md-30\">\n\u00ab\u00a0Vous avez mon soutien ind\u00e9fectible. Maintenant allez, FAITES LE BOULOT\u00a0!\u00a0\u00bb a-t-il \u00e9crit \u00e0 l\u2019intention de l\u2019ICE et des \u00ab\u00a0patriotes\u00a0\u00bb des autres administrations. \u00ab\u00a0De VRAIS Am\u00e9ricains vous acclament tous les jours\u00a0\u00bb, a affirm\u00e9 Donald Trump.<\/p>\n<p>Une \u00e9lue locale d\u00e9mocrate tu\u00e9e ce week-end<\/p>\n<p class=\"node__paragraphe antonia-750r text-grey-800 pb-24 pb-md-30\">\nDes propos qui s\u2019inscrivent dans un contexte de hausse de tension entre Donald Trump et l\u2019\u00e9lectorat d\u00e9mocrate. Des descentes \u00e0 r\u00e9p\u00e9tition d\u2019agents de la police f\u00e9d\u00e9rale de l\u2019immigration (ICE) \u00e0 Los Angeles ont d\u00e9clench\u00e9 des manifestations parfois ponctu\u00e9es de violences dans la deuxi\u00e8me ville des Etats-Unis, auxquelles le pr\u00e9sident a r\u00e9pondu en d\u00e9ployant 4\u00a0000 gardes nationaux et 700 Marines, un corps d\u2019\u00e9lite, contre la volont\u00e9 du gouverneur de Californie et de la maire.<\/p>\n<p class=\"latino-500b text-grey-600 pb-16\">A lire aussi<\/p>\n<p><a href=\"https:\/\/www.nouvelobs.com\/monde\/20250122.OBS99351\/offensive-anti-immigration-de-donald-trump-il-utilise-cette-thematique-pour-montrer-qu-il-veut-s-affranchir-des-lois.html\" data-article-key=\"20250122.OBS99351\" class=\"link--box flex-grow-1\" data-piano=\"Page_Article,Lire_aussi,,Lien2,navigation\" rel=\"nofollow noopener\" target=\"_blank\"><\/p>\n<p>                <img decoding=\"async\" src=\"data:image\/svg+xml,%3Csvg%20xmlns%3D%27http%3A%2F%2Fwww.w3.org%2F2000%2Fsvg%27%20fill%3D%22%23e4e4e4%22%20viewBox%3D%270%200%20120%2080%27%20width%3D%22120%22%20height%3D%2280%22%3E%3Cpath%20d%3D%27M0%200h120v80H0z%27%2F%3E%3C%2Fsvg%3E\"  width=\"120\" height=\"80\" loading=\"lazy\" alt=\"Des demandeurs d\u2019asile attendent leur rendez-vous CBP One avant de traverser le port frontalier El Chaparral \u00e0 Tijuana, au Mexique, le 20 janvier 2025.\"\/><\/p>\n<p class=\"latino-300r latino-lg-600m text-grey-800\">\n                      <strong class=\"latino-300b latino-lg-600m text-grey-500\">Interview\u00a0<\/strong><br \/>\n                    Offensive anti-immigration de Donald Trump\u00a0: \u00ab\u00a0Il utilise cette th\u00e9matique pour montrer qu\u2019il veut s\u2019affranchir des lois\u00a0\u00bb        <\/p>\n<p><\/a><\/p>\n<p>    Lire\u00a0plus\u00a0tard  <\/p>\n<p class=\"node__paragraphe antonia-750r text-grey-800 pb-24 pb-md-30\">\nTout comme New York, Chicago et d\u2019autres bastions d\u00e9mocrates comme San Francisco et Seattle, Los Angeles est une \u00ab\u00a0ville sanctuaire\u00a0\u00bb dont les autorit\u00e9s refusent de coop\u00e9rer avec l\u2019ICE en mati\u00e8re de lutte contre l\u2019immigration clandestine<\/p>\n<p class=\"node__paragraphe antonia-750r text-grey-800 pb-24 pb-md-30\">\nSamedi 14\u00a0juin, au moment o\u00f9 Donald Trump pr\u00e9sidait une grande parade militaire \u00e0 Washington, <a href=\"https:\/\/www.nouvelobs.com\/monde\/20250615.OBS104962\/pas-de-rois-aux-etats-unis-une-parade-militaire-de-trump-declenche-une-vague-de-manifestations.html\" rel=\"nofollow noopener\" target=\"_blank\">des centaines de milliers d\u2019opposants sont descendus dans les rues<\/a> sous le mot d\u2019ordre \u00ab\u00a0No Kings\u00a0\u00bb (\u00ab\u00a0pas de rois\u00a0\u00bb) pour d\u00e9noncer ce qu\u2019ils consid\u00e8rent comme des d\u00e9rives dictatoriales du pr\u00e9sident.<\/p>\n<p class=\"node__paragraphe antonia-750r text-grey-800 pb-24 pb-md-30\">\nCe m\u00eame jour, <a href=\"https:\/\/www.nouvelobs.com\/monde\/20250614.OBS104950\/aux-etats-unis-une-elue-democrate-du-minnesota-et-son-mari-tues-le-gouverneur-denonce-acte-de-violence-politique.html\" rel=\"nofollow noopener\" target=\"_blank\">une \u00e9lue locale d\u00e9mocrate du Minnesota et son mari ont \u00e9t\u00e9 tu\u00e9s<\/a> tandis qu\u2019un autre \u00e9lu et sa femme ont \u00e9t\u00e9 bless\u00e9s dans un \u00ab\u00a0acte de violence politique\u00a0\u00bb a annonc\u00e9\u00a0<a href=\"https:\/\/www.nouvelobs.com\/monde\/20240930.OBS94304\/tim-walz-le-coach-de-l-amerique-populaire.html\" rel=\"nofollow noopener\" target=\"_blank\">Tim Walz<\/a>, le gouverneur de cet Etat du nord des Etats-Unis.<\/p>\n<p class=\"latino-500b text-grey-600 pb-16\">A lire aussi<\/p>\n<p><a href=\"https:\/\/www.nouvelobs.com\/monde\/20250523.OBS104198\/la-peur-est-contagieuse-mais-le-courage-aussi-aux-etats-unis-la-resistance-a-trump-s-organise-au-sein-du-collectif-indivisible.html\" data-article-key=\"20250523.OBS104198\" class=\"link--box flex-grow-1\" data-piano=\"Page_Article,Lire_aussi,,Lien3,navigation\" rel=\"nofollow noopener\" target=\"_blank\"><\/p>\n<p>                <img decoding=\"async\" src=\"data:image\/svg+xml,%3Csvg%20xmlns%3D%27http%3A%2F%2Fwww.w3.org%2F2000%2Fsvg%27%20fill%3D%22%23e4e4e4%22%20viewBox%3D%270%200%20120%2080%27%20width%3D%22120%22%20height%3D%2280%22%3E%3Cpath%20d%3D%27M0%200h120v80H0z%27%2F%3E%3C%2Fsvg%3E\"  width=\"120\" height=\"80\" loading=\"lazy\" alt=\"Le 5\u00a0avril, \u00e0 Manhattan. Ce m\u00eame jour, 1\u00a0300\u00a0rassemblements contre la politique de l\u2019administration\u00a0 Trump ont \u00e9t\u00e9 organis\u00e9s dans tout le pays.\u00a0\"\/><\/p>\n<p class=\"latino-300r latino-lg-600m text-grey-800\">\n                      <strong class=\"latino-300b latino-lg-600m text-grey-500\">D\u00e9cryptage\u00a0<\/strong><br \/>\n                    \u00ab\u00a0La peur est contagieuse, mais le courage aussi\u00a0!\u00a0\u00bb\u00a0: aux Etats-Unis, la r\u00e9sistance \u00e0 Trump s\u2019organise au sein du collectif Indivisible        <\/p>\n<p><\/a><\/p>\n<p>    Lire\u00a0plus\u00a0tard  <\/p>\n<p class=\"node__paragraphe antonia-750r text-grey-800 pb-24 pb-md-30\">\nA Los Angeles, le couvre-feu d\u00e9cr\u00e9t\u00e9 par la mairie le 10\u00a0juin pour pr\u00e9venir les violences et le vandalisme en marge des manifestations contre la politique migratoire de Donald Trump restera en vigueur \u00ab\u00a0pendant encore au moins deux jours\u00a0\u00bb, a d\u00e9clar\u00e9 la maire d\u00e9mocrate Karen Bass dimanche \u00e0 la cha\u00eene locale KTLA.<\/p>\n<p class=\"node__paragraphe antonia-750r text-grey-800 pb-24 pb-md-30\">\n\u00ab\u00a0Nous ne savons pas combien de raids vont avoir lieu, nous ne savons pas quelle sera la nature des raids, et chaque fois que cela se produit, cela g\u00e9n\u00e8re vraiment beaucoup de col\u00e8re dans la ville\u00a0\u00bb, a-t-elle expliqu\u00e9.<\/p>\n<p class=\"latino-600m text-grey-800\">\n<p>  Par\u00a0<br \/>\nLe Nouvel Obs avec AFP    <\/p>\n","protected":false},"excerpt":{"rendered":"Par\u00a0 Le Nouvel Obs avec AFP Publi\u00e9 le 16 juin 2025 \u00e0 11h28 Donald Trump sur le point&hellip;\n","protected":false},"author":2,"featured_media":180488,"comment_status":"","ping_status":"","sticky":false,"template":"","format":"standard","meta":{"footnotes":""},"categories":[1589],"tags":[17,11,12690,75,14068,73,1866,1061,74,12,2043,22346,31789,14069,1864,1865,1863,308],"class_list":{"0":"post-180487","1":"post","2":"type-post","3":"status-publish","4":"format-standard","5":"has-post-thumbnail","7":"category-etats-unis","8":"tag-17","9":"tag-actualites","10":"tag-anti","11":"tag-donald-trump","12":"tag-etats","13":"tag-etats-unis","14":"tag-etats-unis-damerique","15":"tag-immigration","16":"tag-monde","17":"tag-news","18":"tag-nouvelle","19":"tag-offensive","20":"tag-transphobe","21":"tag-unis","22":"tag-united-states","23":"tag-united-states-of-america","24":"tag-us","25":"tag-usa"},"share_on_mastodon":{"url":"https:\/\/pubeurope.com\/@fr\/114692350753939341","error":""},"_links":{"self":[{"href":"https:\/\/www.europesays.com\/fr\/wp-json\/wp\/v2\/posts\/180487","targetHints":{"allow":["GET"]}}],"collection":[{"href":"https:\/\/www.europesays.com\/fr\/wp-json\/wp\/v2\/posts"}],"about":[{"href":"https:\/\/www.europesays.com\/fr\/wp-json\/wp\/v2\/types\/post"}],"author":[{"embeddable":true,"href":"https:\/\/www.europesays.com\/fr\/wp-json\/wp\/v2\/users\/2"}],"replies":[{"embeddable":true,"href":"https:\/\/www.europesays.com\/fr\/wp-json\/wp\/v2\/comments?post=180487"}],"version-history":[{"count":0,"href":"https:\/\/www.europesays.com\/fr\/wp-json\/wp\/v2\/posts\/180487\/revisions"}],"wp:featuredmedia":[{"embeddable":true,"href":"https:\/\/www.europesays.com\/fr\/wp-json\/wp\/v2\/media\/180488"}],"wp:attachment":[{"href":"https:\/\/www.europesays.com\/fr\/wp-json\/wp\/v2\/media?parent=180487"}],"wp:term":[{"taxonomy":"category","embeddable":true,"href":"https:\/\/www.europesays.com\/fr\/wp-json\/wp\/v2\/categories?post=180487"},{"taxonomy":"post_tag","embeddable":true,"href":"https:\/\/www.europesays.com\/fr\/wp-json\/wp\/v2\/tags?post=180487"}],"curies":[{"name":"wp","href":"https:\/\/api.w.org\/{rel}","templated":true}]}}