{"id":180489,"date":"2025-06-16T09:32:09","date_gmt":"2025-06-16T09:32:09","guid":{"rendered":"https:\/\/www.europesays.com\/fr\/180489\/"},"modified":"2025-06-16T09:32:09","modified_gmt":"2025-06-16T09:32:09","slug":"je-veux-revenir-dans-lunion-europeenne-sting-juge-le-brexit-debile","status":"publish","type":"post","link":"https:\/\/www.europesays.com\/fr\/180489\/","title":{"rendered":"\u00ab\u00a0Je veux revenir dans l\u2019Union Europ\u00e9enne\u00a0\u00bb\u2026 Sting juge le Brexit \u00ab\u00a0d\u00e9bile\u00a0\u00bb"},"content":{"rendered":"<p><a href=\"https:\/\/www.20minutes.fr\/dossier\/sting\" class=\"color-ultramarine c-link\" target=\"_blank\" rel=\"noopener\">Sting<\/a> \u00e9tait l\u2019invit\u00e9 du journal t\u00e9l\u00e9vis\u00e9 de <a href=\"https:\/\/www.franceinfo.fr\/replay-magazine\/france-2\/19h-le-dimanche\/video-je-veux-revenir-dans-l-union-europeenne-le-chanteur-britannique-sting-juge-que-le-brexit-etait-un-acte-de-folie_7315224.html\" target=\"_blank\" class=\"color-ultramarine c-link\" rel=\"noopener\">France 2<\/a> dimanche soir et il n\u2019a pas h\u00e9sit\u00e9 \u00e0 prendre position. L\u2019ex-leader du groupe The Police s\u2019est notamment fendu d\u2019une position tr\u00e8s tranch\u00e9e sur le <a href=\"https:\/\/www.20minutes.fr\/monde\/brexit\/\" class=\"color-ultramarine c-link\" target=\"_blank\" rel=\"noopener\">Brexit<\/a>, vot\u00e9 en\u00a02016 au <a href=\"https:\/\/www.20minutes.fr\/monde\/royaume-uni\/\" class=\"color-ultramarine c-link\" target=\"_blank\" rel=\"noopener\">Royaume-Uni <\/a>et mis en place depuis\u00a02020.<\/p>\n<p>\u00ab\u00a0Cela a \u00e9t\u00e9 vraiment un acte de folie et on commence seulement \u00e0 comprendre \u00e0 quel point c\u2019\u00e9tait d\u00e9bile\u00a0\u00bb, a lanc\u00e9 le chanteur britannique avant de clamer son amour pour l\u2019<a href=\"https:\/\/www.20minutes.fr\/dossier\/ue\" class=\"color-ultramarine c-link\" target=\"_blank\" rel=\"noopener\">Union europ\u00e9enne<\/a>. \u00ab\u00a0Moi, je n\u2019ai pas vot\u00e9 pour sortir. Je veux revenir dans l\u2019UE, je suis un Europ\u00e9en. Nous sommes la plus grande communaut\u00e9 \u00e9conomique du monde. Il faut rester unis. Nous sommes menac\u00e9s par la Russie et nous serons peut-\u00eatre menac\u00e9s par les Etats-Unis.\u00a0\u00bb<\/p>\n<p>Un v\u00e9ritable message, not \u00ab\u00a0in a bottle\u00a0\u00bb. Sting a envoy\u00e9 \u00ab\u00a0an SOS to the world\u00a0\u00bb\u2026<\/p>\n","protected":false},"excerpt":{"rendered":"Sting \u00e9tait l\u2019invit\u00e9 du journal t\u00e9l\u00e9vis\u00e9 de France 2 dimanche soir et il n\u2019a pas h\u00e9sit\u00e9 \u00e0 prendre&hellip;\n","protected":false},"author":2,"featured_media":180490,"comment_status":"","ping_status":"","sticky":false,"template":"","format":"standard","meta":{"footnotes":""},"categories":[1588],"tags":[47,11,1353,73,1777,674,74,12,473,1853,132,27847,1851,555,1850,1852],"class_list":{"0":"post-180489","1":"post","2":"type-post","3":"status-publish","4":"format-standard","5":"has-post-thumbnail","7":"category-royaume-uni","8":"tag-actualite","9":"tag-actualites","10":"tag-brexit","11":"tag-etats-unis","12":"tag-eu","13":"tag-europe","14":"tag-monde","15":"tag-news","16":"tag-royaume-uni","17":"tag-royaume-uni-de-grande-bretagne-et-dirlande-du-nord","18":"tag-russie","19":"tag-sting","20":"tag-uk","21":"tag-union-europeenne-ue","22":"tag-united-kingdom","23":"tag-united-kingdom-of-great-britain-and-northern-ireland"},"share_on_mastodon":{"url":"https:\/\/pubeurope.com\/@fr\/114692354420448374","error":""},"_links":{"self":[{"href":"https:\/\/www.europesays.com\/fr\/wp-json\/wp\/v2\/posts\/180489","targetHints":{"allow":["GET"]}}],"collection":[{"href":"https:\/\/www.europesays.com\/fr\/wp-json\/wp\/v2\/posts"}],"about":[{"href":"https:\/\/www.europesays.com\/fr\/wp-json\/wp\/v2\/types\/post"}],"author":[{"embeddable":true,"href":"https:\/\/www.europesays.com\/fr\/wp-json\/wp\/v2\/users\/2"}],"replies":[{"embeddable":true,"href":"https:\/\/www.europesays.com\/fr\/wp-json\/wp\/v2\/comments?post=180489"}],"version-history":[{"count":0,"href":"https:\/\/www.europesays.com\/fr\/wp-json\/wp\/v2\/posts\/180489\/revisions"}],"wp:featuredmedia":[{"embeddable":true,"href":"https:\/\/www.europesays.com\/fr\/wp-json\/wp\/v2\/media\/180490"}],"wp:attachment":[{"href":"https:\/\/www.europesays.com\/fr\/wp-json\/wp\/v2\/media?parent=180489"}],"wp:term":[{"taxonomy":"category","embeddable":true,"href":"https:\/\/www.europesays.com\/fr\/wp-json\/wp\/v2\/categories?post=180489"},{"taxonomy":"post_tag","embeddable":true,"href":"https:\/\/www.europesays.com\/fr\/wp-json\/wp\/v2\/tags?post=180489"}],"curies":[{"name":"wp","href":"https:\/\/api.w.org\/{rel}","templated":true}]}}