{"id":180493,"date":"2025-06-16T09:34:10","date_gmt":"2025-06-16T09:34:10","guid":{"rendered":"https:\/\/www.europesays.com\/fr\/180493\/"},"modified":"2025-06-16T09:34:10","modified_gmt":"2025-06-16T09:34:10","slug":"canons-munitions-chars-pendant-le-genocide-a-gaza-leurope-et-la-france-fournissent-des-armes-a-israel","status":"publish","type":"post","link":"https:\/\/www.europesays.com\/fr\/180493\/","title":{"rendered":"Canons, munitions, chars\u2026 Pendant le g\u00e9nocide \u00e0 Gaza, l\u2019Europe et la France fournissent des armes \u00e0 Isra\u00ebl"},"content":{"rendered":"<p>Les exemples s\u2019encha\u00eenent, les preuves s\u2019accumulent. L\u2019Europe et la France financent, vendent et fournissent des armes \u00e0 Isra\u00ebl, alors m\u00eame que la bande de Gaza subit un g\u00e9nocide, que <a href=\"https:\/\/www.humanite.fr\/monde\/cisjordanie\/israel-renforce-sa-colonisation-avec-lannonce-de-nouvelles-routes-en-cisjordanie\" target=\"_blank\" rel=\"noopener\">la Cisjordanie est toujours sous l\u2019occupation et la colonisation<\/a>, et que <a href=\"https:\/\/www.humanite.fr\/monde\/benyamin-netanyahou\/liran-ne-peut-pas-posseder-la-bombe-nucleaire-israel-attaque-teheran-au-risque-dembraser-le-proche-orient\" target=\"_blank\" rel=\"noopener\">l\u2019Iran se fait bombarder<\/a> par l\u2019arm\u00e9e de Benyamin Netanyahou.<\/p>\n<p>Tandis que <a href=\"https:\/\/www.humanite.fr\/monde\/armee-israelienne\/la-france-sapprete-a-livrer-de-lequipement-militaire-a-israel-selon-une-enquete-de-disclose\" target=\"_blank\" rel=\"noopener\">les dockers de Fos-sur-Mer<\/a>, \u00e0 c\u00f4t\u00e9 de Marseille, ont bloqu\u00e9 plusieurs tonnes d\u2019\u00e9quipement militaires \u00e0 destination du port d\u2019Ha\u00effa, sur la c\u00f4te nord isra\u00e9lienne, et qu\u2019un rapport de plusieurs ONG confirme que <a href=\"https:\/\/www.humanite.fr\/monde\/armee-israelienne\/exclusif-contrairement-aux-affirmations-du-ministre-des-armees-la-france-livre-un-flux-ininterrompu-darmes-a-israel\" target=\"_blank\" rel=\"noopener\">la France livre \u00ab\u00a0un flux ininterrompu\u00a0\u00bb d\u2019armes \u00e0 Isra\u00ebl<\/a> depuis octobre 2023, de nouvelles r\u00e9v\u00e9lations t\u00e9moignent des \u00e9changes militaires entre l\u2019Europe et Isra\u00ebl.<\/p>\n<p>L\u2019Europe finance l\u2019industrie militaire isra\u00e9lienne<\/p>\n<p><a href=\"https:\/\/disclose.ngo\/fr\/article\/la-france-et-leurope-financent-sans-le-dire-lindustrie-militaire-israelienne\" target=\"_blank\" rel=\"noopener\">Disclose, Investigate Europe et Reporters United<\/a> d\u00e9montrent qu\u2019une partie des fonds d\u2019un projet de d\u00e9veloppement de drones militaires financ\u00e9 par l\u2019Europe et sept gouvernements europ\u00e9ens, dont la France, <a href=\"https:\/\/www.humanite.fr\/monde\/armee-israelienne\/leurope-et-la-france-financent-des-armes-israeliennes-avec-de-largent-public-revele-disclose\" target=\"_blank\" rel=\"noopener\">va b\u00e9n\u00e9ficier \u00e0 une entreprise publique d\u2019armement isra\u00e9lienne<\/a>. Une filiale de l\u2019entreprise Isra\u00ebl Aerospace Industrie, principale firme a\u00e9ronautique isra\u00e9lienne, va ainsi toucher 14 des 59\u00a0millions d\u2019euros d\u2019argent public destin\u00e9 au programme Actus, consacr\u00e9 \u00e0 l\u2019armement et \u00e0 la certification de drones.<\/p>\n<p>Si cette entreprise, Intracom Defense, a pu recevoir cet argent et m\u00eame \u00eatre d\u00e9sign\u00e9e coordinatrice du projet, c\u2019est en raison de sa cr\u00e9ation et de sa domiciliation en Gr\u00e8ce. Sauf qu\u2019elle a \u00e9t\u00e9 rachet\u00e9e au printemps 2023 par Isra\u00ebl Aerospace Industries, qui d\u00e9tient 94\u00a0% de son capital et 100\u00a0% du pouvoir d\u00e9cisionnaire. L\u2019Europe et les sept \u00c9tats impliqu\u00e9s soutiennent et financent donc un programme militaire qui profite d\u2019abord \u00e0 l\u2019industrie militaire isra\u00e9lienne. Si l\u2019Hexagone est d\u2019abord concern\u00e9 par le cofinancement du programme, il est \u00e9galement b\u00e9n\u00e9ficiaire des fonds dans la mesure o\u00f9 <a href=\"https:\/\/www.humanite.fr\/social-et-economie\/cgt\/chez-safran-les-dividendes-augmentent-mais-pas-les-salaires\" target=\"_blank\" rel=\"noopener\">l\u2019entreprise fran\u00e7aise Safran<\/a> a re\u00e7u une enveloppe de 10\u00a0millions d\u2019euros pour le d\u00e9veloppement de ses drones.<\/p>\n<p>La France construit de l\u2019\u00e9quipement pour des chars isra\u00e9liens<\/p>\n<p>Samedi 7\u00a0juin, <a href=\"https:\/\/www.demorgen.be\/snelnieuws\/container-in-antwerpen-vertrekkensklaar-met-onderdelen-voor-israelisch-defensiebedrijf-kunnen-in-merkava-tanks-in-gaza-dienen~bff1ae29\/?referrer=https%3A%2F%2Fwww.google.com%2F\" target=\"_blank\" rel=\"noopener\">De Morgen, quotidien belge, et The Ditch, m\u00e9dia en ligne irlandais<\/a>, r\u00e9v\u00e9laient \u00e9galement que 3 palettes de \u00ab\u00a0roulements \u00e0 rouleau conique\u00a0\u00bb \u00e9taient en train de transiter par le port d\u2019Anvers en Belgique \u00e0 destination d\u2019Isra\u00ebl. Ces pi\u00e8ces sont destin\u00e9es \u00e0 l\u2019entreprise d\u2019armement isra\u00e9lienne Ashot Ashkelon Industries, \u00ab\u00a0charg\u00e9e en exclusivit\u00e9 des syst\u00e8mes de transmission sur les chars isra\u00e9liens Merkava, qui appuient de fa\u00e7on syst\u00e9matique les offensives terrestres \u00e0 Gaza\u00a0\u00bb, selon Stop Arming Israel France.<\/p>\n<p>Si l\u2019entreprise Timken \u00e0 l\u2019origine de cet \u00e9quipement est am\u00e9ricaine, l\u2019usine de fabrication est fran\u00e7aise, situ\u00e9e \u00e0 Colmar (Haut-Rhin). Ces roulements devaient embarquer dans un cargo, \u00e0 destination du port isra\u00e9lien d\u2019Ashdod, mais, apr\u00e8s le retentissement des r\u00e9v\u00e9lations m\u00e9diatiques, le d\u00e9part a \u00e9t\u00e9 retard\u00e9.<\/p>\n<p>L\u2019Europe et la France, complices du g\u00e9nocide \u00e0 Gaza<\/p>\n<p>Du d\u00e9veloppement des technologies militaires au financement des programmes de recherche, en passant par la vente et le transport d\u2019\u00e9quipements de guerre, l\u2019Europe est impliqu\u00e9e dans \u00ab\u00a0toutes les \u00e9tapes de l\u2019armement isra\u00e9lien\u00a0\u00bb, regrette <a href=\"https:\/\/www.humanite.fr\/monde\/gaza\/gaza-la-mobilisation-ouvre-incontestablement-des-breches-lanalyse-de-marc-botenga-sur-le-reexamen-de-laccord-dassociation-ue-israel\" target=\"_blank\" rel=\"noopener\">Marc Botenga, eurod\u00e9put\u00e9 Belge<\/a> sp\u00e9cialiste de ces questions. Il est donc \u00ab\u00a0tout \u00e0 fait clair\u00a0\u00bb que l\u2019Europe se rend complice du g\u00e9nocide \u00e0 Gaza, s\u2019insurge le membre du Parti du travail de Belgique (PTB).<\/p>\n<p>\u00ab\u00a0Tous ces exemples rendent tr\u00e8s concr\u00e8te la coop\u00e9ration entre la France et Isra\u00ebl en mati\u00e8re d\u2019armement\u00a0\u00bb, affirme de son c\u00f4t\u00e9 Lo\u00efc, de Stop Arming Israel France. \u00ab\u00a0Ces millions d\u2019euros d\u2019armement se traduisent en canons et munitions qui tirent sur les Palestiniens, en roulements de chars qui \u00e9crasent les habitants de la bande de Gaza\u00a0\u00bb, fustige le militant.<\/p>\n<p>\u00ab\u00a0En janvier 2024, <a href=\"https:\/\/www.humanite.fr\/monde\/colonies-israeliennes\/comment-la-cour-internationale-de-justice-sest-portee-au-secours-du-peuple-palestinien\" target=\"_blank\" rel=\"noopener\">la Cour internationale de Justice<\/a> a affirm\u00e9 que tous les \u00c9tats avaient le devoir de faire tout ce qui \u00e9tait possible pour \u00e9viter un g\u00e9nocide\u00a0\u00bb, rappelle Marc Botenga. \u00ab\u00a0En juillet de la m\u00eame ann\u00e9e, un avis de la m\u00eame cour d\u00e9clare ill\u00e9gale l\u2019occupation isra\u00e9lienne\u00a0\u00bb, et, surtout, estime que \u00ab\u00a0tous les \u00c9tats sont dans l\u2019obligation de ne pas pr\u00eater aide ou assistance au maintien de la situation cr\u00e9\u00e9e par la pr\u00e9sence continue de l\u2019\u00c9tat d\u2019Isra\u00ebl dans le Territoire palestinien occup\u00e9\u00a0\u00bb, continue l\u2019eurod\u00e9put\u00e9. Au regard de la coop\u00e9ration militaire entre l\u2019Europe et Isra\u00ebl, \u00ab\u00a0il est tr\u00e8s clair que l\u2019Union Europ\u00e9enne ne respecte pas les d\u00e9cisions de la Cour Internationale de Justice\u00a0\u00bb, regrette le membre du PTB.<\/p>\n<p>Un des leviers principaux pour faire cesser cette coop\u00e9ration militaire entre l\u2019Europe, la France et un \u00c9tat g\u00e9nocidaire\u00a0: \u00ab\u00a0la pression populaire\u00a0\u00bb, estime Marc Botenga. \u00ab\u00a0En tant que d\u00e9put\u00e9s, nous avons le devoir de participer, d\u2019encourager, de nourrir les mobilisations citoyennes\u00a0\u00bb, assure-t-il. \u00c0 Fos-sur-Mer, \u00ab\u00a0on a vu que l\u2019action citoyenne, celle des travailleurs et travailleuses, peut avoir un impact plus rapide que les d\u00e9cisions judiciaires et politiques\u00a0\u00bb, appui \u00e9galement Lo\u00efc. \u00ab\u00a0Des ing\u00e9nieurs qui con\u00e7oivent les armes aux ouvriers qui les fabriquent, en passant par la douane ou par les marins, les routiers et les travailleurs de l\u2019aviation qui les transportent, collectivement, on peut agir pour que la cha\u00eene meurtri\u00e8re s\u2019arr\u00eate\u00a0\u00bb, assure le militant de Stop Arming Israel France.<\/p>\n<p>Pour une information libre sur la Palestine<\/p>\n<p>Nous avons \u00e9t\u00e9 l\u2019un des premiers m\u00e9dias fran\u00e7ais \u00e0 d\u00e9fendre le droit des Palestiniens \u00e0 disposer d\u2019un \u00c9tat viable dans le respect des r\u00e9solutions de l\u2019ONU. Et nous avons inlassablement d\u00e9fendu la paix au Proche-Orient. Aidez-nous \u00e0 continuer de vous informer sur ce qui se passe l\u00e0-bas. Gr\u00e2ce \u00e0 vos dons.<br \/><a href=\"https:\/\/www.humanite.fr\/lhumanite-cest-vous\" data-type=\"link\" data-id=\"https:\/\/www.humanite.fr\/lhumanite-cest-vous\" target=\"_blank\" rel=\"noopener\">Je veux en savoir plus\u00a0!<\/a><\/p>\n","protected":false},"excerpt":{"rendered":"Les exemples s\u2019encha\u00eenent, les preuves s\u2019accumulent. L\u2019Europe et la France financent, vendent et fournissent des armes \u00e0 Isra\u00ebl,&hellip;\n","protected":false},"author":2,"featured_media":180494,"comment_status":"","ping_status":"","sticky":false,"template":"","format":"standard","meta":{"footnotes":""},"categories":[1586],"tags":[11,1924,27424,1777,674,1011,27,15131,12,25],"class_list":{"0":"post-180493","1":"post","2":"type-post","3":"status-publish","4":"format-standard","5":"has-post-thumbnail","7":"category-europe","8":"tag-actualites","9":"tag-armement","10":"tag-armu00e9e-israu00e9lienne","11":"tag-eu","12":"tag-europe","13":"tag-fr","14":"tag-france","15":"tag-israu00ebl-palestine","16":"tag-news","17":"tag-republique-francaise"},"share_on_mastodon":{"url":"https:\/\/pubeurope.com\/@fr\/114692362307764717","error":""},"_links":{"self":[{"href":"https:\/\/www.europesays.com\/fr\/wp-json\/wp\/v2\/posts\/180493","targetHints":{"allow":["GET"]}}],"collection":[{"href":"https:\/\/www.europesays.com\/fr\/wp-json\/wp\/v2\/posts"}],"about":[{"href":"https:\/\/www.europesays.com\/fr\/wp-json\/wp\/v2\/types\/post"}],"author":[{"embeddable":true,"href":"https:\/\/www.europesays.com\/fr\/wp-json\/wp\/v2\/users\/2"}],"replies":[{"embeddable":true,"href":"https:\/\/www.europesays.com\/fr\/wp-json\/wp\/v2\/comments?post=180493"}],"version-history":[{"count":0,"href":"https:\/\/www.europesays.com\/fr\/wp-json\/wp\/v2\/posts\/180493\/revisions"}],"wp:featuredmedia":[{"embeddable":true,"href":"https:\/\/www.europesays.com\/fr\/wp-json\/wp\/v2\/media\/180494"}],"wp:attachment":[{"href":"https:\/\/www.europesays.com\/fr\/wp-json\/wp\/v2\/media?parent=180493"}],"wp:term":[{"taxonomy":"category","embeddable":true,"href":"https:\/\/www.europesays.com\/fr\/wp-json\/wp\/v2\/categories?post=180493"},{"taxonomy":"post_tag","embeddable":true,"href":"https:\/\/www.europesays.com\/fr\/wp-json\/wp\/v2\/tags?post=180493"}],"curies":[{"name":"wp","href":"https:\/\/api.w.org\/{rel}","templated":true}]}}