{"id":180495,"date":"2025-06-16T09:35:15","date_gmt":"2025-06-16T09:35:15","guid":{"rendered":"https:\/\/www.europesays.com\/fr\/180495\/"},"modified":"2025-06-16T09:35:15","modified_gmt":"2025-06-16T09:35:15","slug":"face-a-starlink-la-tardive-riposte-de-lunion-europeenne","status":"publish","type":"post","link":"https:\/\/www.europesays.com\/fr\/180495\/","title":{"rendered":"face \u00e0 Starlink, la tardive riposte de l\u2019Union europ\u00e9enne"},"content":{"rendered":"<p class=\"latino-300b text-grey-800\">\n<p>  Par\u00a0<br \/>\n<a href=\"https:\/\/www.nouvelobs.com\/journaliste\/285\/claude-soula.html\" class=\"text-decoration-none link--box d-inline\" rel=\"nofollow noopener\" target=\"_blank\">Claude Soula<\/a>                <\/p>\n<p class=\"latino-300r text-grey-600\">\n      Publi\u00e9 le<\/p>\n<p>    16 juin 2025 \u00e0 8h30, mis \u00e0 jour le<\/p>\n<p>      16 juin 2025 \u00e0 10h37\n  <\/p>\n<p>      <img fetchpriority=\"high\" decoding=\"async\" class=\"mx-auto\" src=\"data:image\/svg+xml,%3Csvg%20xmlns%3D%27http%3A%2F%2Fwww.w3.org%2F2000%2Fsvg%27%20fill%3D%22%23e4e4e4%22%20viewBox%3D%270%200%20510%20510%27%20width%3D%22510%22%20height%3D%22510%22%3E%3Cpath%20d%3D%27M0%200h510v510H0z%27%2F%3E%3C%2Fsvg%3E\"  loading=\"eager\" width=\"510\" height=\"510\" data-oncrawl-image-size=\"510x510\" alt=\"Le projet de constellation Iris\u00b2, r\u00e9seau internet par satellite.\"\/>      <\/p>\n<p class=\"latino-100m text-grey-600\">\n            Le projet de constellation Iris\u00b2, r\u00e9seau internet par satellite.\u00a0SES\/SPACERISE        <\/p>\n<p>    Lire\u00a0plus\u00a0tard  <\/p>\n<p><a aria-label=\"Nous suivre sur Google News\" href=\"https:\/\/news.google.com\/publications\/CAAqBwgKMJe4nQkw3dFs?hl=fr&amp;gl=FR&amp;ceid=FR%3Afr\" target=\"_blank\" data-piano=\"Page_Article,Sous_date_publi,Nous_suivre_sur_google_news,1er_clic,action\" class=\"btn btn--small btn--secondary\" rel=\"nofollow noopener\"><\/p>\n<p>      Google Actualit\u00e9s<br \/>\n  <\/a><\/p>\n<p>  Partager<\/p>\n<p>        Facebook<\/p>\n<p>        Bluesky<\/p>\n<p>        E-mail<\/p>\n<p>        Copier le lien<\/p>\n<p>      Envoyer<\/p>\n<p>    Offrir\u00a0cet\u00a0article<\/p>\n<p>S\u2019abonner permet d\u2019offrir les articles \u00e0 vos proches. Et pas que\u00a0: vous pouvez les consulter et les commenter.<\/p>\n<p>    Temps de lecture\u00a0:\u00a05\u00a0min.<\/p>\n<p class=\"badge badge--content-premium latino-100b\">Abonn\u00e9<\/p>\n<p class=\"article__description latino-600m mb-8 mb-lg-30 \" data-oncrawl-chapo-length=\"236\">\n  \t  D\u00e9cryptage\u00a0<br \/>\n    Le conflit en Ukraine a tout chang\u00e9 aussi pour l\u2019Europe spatiale\u00a0: apr\u00e8s un long retard \u00e0 l\u2019allumage, Bruxelles veut lancer sa propre constellation de satellites, Iris\u00b2, pour ne plus d\u00e9pendre d\u2019Elon Musk. Envol pr\u00e9vu en 2030.<\/p>\n<p class=\"node__paragraphe antonia-750r text-grey-800 pb-24 pb-md-30\">\nUn changement de direction et des probl\u00e8mes de financement qui secouent une entreprise inconnue de la plupart des Fran\u00e7ais\u00a0: voil\u00e0 qui, normalement, ne devrait pas faire de vagues en dehors d\u2019un petit cercle d\u2019experts\u2026 Mais tel n\u2019est pas le cas d\u2019Eutelsat. L\u2019avenir de cet op\u00e9rateur de satellites, install\u00e9 \u00e0 Issy-les-Moulineaux, est d\u00e9sormais strat\u00e9gique, aussi bien pour l\u2019Etat fran\u00e7ais que pour le reste de l\u2019Union. Depuis l\u2019invasion de l\u2019Ukraine par les Russes, les Europ\u00e9ens ont compris que le ciel pouvait leur tomber sur la t\u00eate, comme le redoutaient d\u00e9j\u00e0 les Gaulois dans les aventures d\u2019\u00ab\u00a0Ast\u00e9rix\u00a0\u00bb. Et \u2013 pis encore\u00a0! \u2013 que seuls l\u2019impr\u00e9visible <a href=\"https:\/\/www.nouvelobs.com\/elon-musk\/\" rel=\"nofollow noopener\" target=\"_blank\">Elon Musk<\/a> et sa constellation Starlink pouvaient les prot\u00e9ger du d\u00e9sastre.<\/p>\n<p class=\"node__paragraphe antonia-750r text-grey-800 pb-24 pb-md-30\">\nCar c\u2019est maintenant dans l\u2019espace que se jouent la surveillance des territoires, le pilotage des drones et l\u2019issue des guerres. Et, pour le moment, l\u2019Europe n\u2019est pas pr\u00eate \u00e0 relever le d\u00e9fi, faute d\u2019avoir compris suffisamment t\u00f4t que Starlink et ses 7\u00a0000\u00a0minisatellites, qui fournissent une excellente liaison \u00e0 internet partout sur le globe, avaient chang\u00e9 les r\u00e8gles des communications.<\/p>\n<p class=\"node__paragraphe antonia-750r text-grey-800 pb-8\">\nDans ce nouveau cadre, le sort de la Danoise Eva Berneke, \u2026<\/p>\n<p class=\"latino-100m text-blue-400\">Article r\u00e9serv\u00e9 aux abonn\u00e9s.<\/p>\n<p>          Se connecter<\/p>\n<p class=\"text-center antonia-1850c\" style=\"margin-bottom:4px;\">Envie de lire la suite ?<\/p>\n<p class=\"text-center antonia-800c pb-15\">Tous nos articles en int\u00e9gralit\u00e9 d\u00e8s\u00a01\u20ac<\/p>\n<p>        S&rsquo;abonner<\/p>\n<p class=\"text-grey-700 or\">ou<\/p>\n<p>            <img width=\"164\" height=\"20\" src=\"data:image\/svg+xml,%3Csvg%20xmlns%3D%27http%3A%2F%2Fwww.w3.org%2F2000%2Fsvg%27%20fill%3D%22%23e4e4e4%22%20viewBox%3D%270%200%20282%2054%27%20width%3D%22282%22%20height%3D%2254%22%3E%3Cpath%20d%3D%27M0%200h282v54H0z%27%2F%3E%3C%2Fsvg%3E\"  class=\"js-swg-placeholder\" alt=\"Subscribe with Google\" loading=\"lazy\" decoding=\"async\"\/><\/p>\n<p>          D\u00e9couvrir toutes nos offres<\/p>\n","protected":false},"excerpt":{"rendered":"Par\u00a0 Claude Soula Publi\u00e9 le 16 juin 2025 \u00e0 8h30, mis \u00e0 jour le 16 juin 2025 \u00e0&hellip;\n","protected":false},"author":2,"featured_media":180496,"comment_status":"","ping_status":"","sticky":false,"template":"","format":"standard","meta":{"footnotes":""},"categories":[1586],"tags":[17,11,1777,674,1779,4538,2823,1011,27,1146,74,12,25,5545,6361,4314,1778,4403,364],"class_list":{"0":"post-180495","1":"post","2":"type-post","3":"status-publish","4":"format-standard","5":"has-post-thumbnail","7":"category-europe","8":"tag-17","9":"tag-actualites","10":"tag-eu","11":"tag-europe","12":"tag-european-union","13":"tag-europeenne","14":"tag-face","15":"tag-fr","16":"tag-france","17":"tag-guerre","18":"tag-monde","19":"tag-news","20":"tag-republique-francaise","21":"tag-riposte","22":"tag-satellites","23":"tag-starlink","24":"tag-ue","25":"tag-union","26":"tag-union-europeenne"},"share_on_mastodon":{"url":"https:\/\/pubeurope.com\/@fr\/114692366269404474","error":""},"_links":{"self":[{"href":"https:\/\/www.europesays.com\/fr\/wp-json\/wp\/v2\/posts\/180495","targetHints":{"allow":["GET"]}}],"collection":[{"href":"https:\/\/www.europesays.com\/fr\/wp-json\/wp\/v2\/posts"}],"about":[{"href":"https:\/\/www.europesays.com\/fr\/wp-json\/wp\/v2\/types\/post"}],"author":[{"embeddable":true,"href":"https:\/\/www.europesays.com\/fr\/wp-json\/wp\/v2\/users\/2"}],"replies":[{"embeddable":true,"href":"https:\/\/www.europesays.com\/fr\/wp-json\/wp\/v2\/comments?post=180495"}],"version-history":[{"count":0,"href":"https:\/\/www.europesays.com\/fr\/wp-json\/wp\/v2\/posts\/180495\/revisions"}],"wp:featuredmedia":[{"embeddable":true,"href":"https:\/\/www.europesays.com\/fr\/wp-json\/wp\/v2\/media\/180496"}],"wp:attachment":[{"href":"https:\/\/www.europesays.com\/fr\/wp-json\/wp\/v2\/media?parent=180495"}],"wp:term":[{"taxonomy":"category","embeddable":true,"href":"https:\/\/www.europesays.com\/fr\/wp-json\/wp\/v2\/categories?post=180495"},{"taxonomy":"post_tag","embeddable":true,"href":"https:\/\/www.europesays.com\/fr\/wp-json\/wp\/v2\/tags?post=180495"}],"curies":[{"name":"wp","href":"https:\/\/api.w.org\/{rel}","templated":true}]}}