{"id":180499,"date":"2025-06-16T09:37:09","date_gmt":"2025-06-16T09:37:09","guid":{"rendered":"https:\/\/www.europesays.com\/fr\/180499\/"},"modified":"2025-06-16T09:37:09","modified_gmt":"2025-06-16T09:37:09","slug":"on-ne-peut-pas-faire-disparaitre-le-progres-nucleaire-iranien-liberation","status":"publish","type":"post","link":"https:\/\/www.europesays.com\/fr\/180499\/","title":{"rendered":"\u00abOn ne peut pas faire dispara\u00eetre le progr\u00e8s nucl\u00e9aire iranien\u00bb \u2013 Lib\u00e9ration"},"content":{"rendered":"<p class=\"sc-ksZaOG ehjQrN text-element\">David Rigoulet-Roze est chercheur \u00e0 l\u2019Institut fran\u00e7ais d\u2019analyse strat\u00e9gique et associ\u00e9 \u00e0 l\u2019Institut de relations internationales et strat\u00e9giques. S\u2019il estime que, \u00abdepuis la r\u00e9volution de 1979 et l\u2019embargo occidental, l\u2019outil militaire iranien s\u2019est consid\u00e9rablement d\u00e9grad\u00e9\u00bb, il note cependant que <a href=\"https:\/\/www.liberation.fr\/international\/europe\/avec-leur-bouclier-du-ciel-les-allemands-font-grincer-des-dents-en-europe-20240603_YD7UYKPQZZFULLEKTT4IJU6CVM\/\" target=\"_blank\" rel=\"nofollow noopener\" title=\"https:\/\/www.liberation.fr\/international\/europe\/avec-leur-bouclier-du-ciel-les-allemands-font-grincer-des-dents-en-europe-20240603_YD7UYKPQZZFULLEKTT4IJU6CVM\/\">l\u2019Iran dispose encore de missiles balistiques<\/a>, \u00abdes armes redoutables par leur trajectoire extra-atmosph\u00e9rique, qui peuvent atteindre leur objectif en une douzaine de minutes, et qui sont tr\u00e8s difficiles \u00e0 arr\u00eater surtout quand elles sont tir\u00e9es en essaims\u00bb. Le chercheur souligne par ailleurs que si le d\u00e9veloppement du programme nucl\u00e9aire iranien peut \u00eatre retard\u00e9 de plusieurs ann\u00e9es par les frappes isra\u00e9liennes, la seule chose \u00abqui pourrait modifier la menace du nucl\u00e9aire iranien, ce serait un changement de r\u00e9gime\u00bb.<\/p>\n<p class=\"sc-ksZaOG ehjQrN text-element\"><b>Quel est l\u2019\u00e9tat d\u2019affaiblissement de l\u2019outil militaire iranien <\/b><a href=\"https:\/\/www.liberation.fr\/international\/moyen-orient\/entre-lsrael-et-liran-un-troisieme-jour-de-frappes-aeriennes-et-de-salves-de-missiles-20250615_YN5SHPGY7ZE5LIN6TKACPS3674\/\" target=\"_blank\" rel=\"noreferrer nofollow noopener\" title=\"\"><\/p>\n","protected":false},"excerpt":{"rendered":"David Rigoulet-Roze est chercheur \u00e0 l\u2019Institut fran\u00e7ais d\u2019analyse strat\u00e9gique et associ\u00e9 \u00e0 l\u2019Institut de relations internationales et strat\u00e9giques.&hellip;\n","protected":false},"author":2,"featured_media":180500,"comment_status":"","ping_status":"","sticky":false,"template":"","format":"standard","meta":{"footnotes":""},"categories":[2],"tags":[11,1011,27,3019,664,12,3020,25],"class_list":{"0":"post-180499","1":"post","2":"type-post","3":"status-publish","4":"format-standard","5":"has-post-thumbnail","7":"category-actualites","8":"tag-actualites","9":"tag-fr","10":"tag-france","11":"tag-iran","12":"tag-israel","13":"tag-news","14":"tag-nucleaire-iranien","15":"tag-republique-francaise"},"share_on_mastodon":{"url":"https:\/\/pubeurope.com\/@fr\/114692374115490667","error":""},"_links":{"self":[{"href":"https:\/\/www.europesays.com\/fr\/wp-json\/wp\/v2\/posts\/180499","targetHints":{"allow":["GET"]}}],"collection":[{"href":"https:\/\/www.europesays.com\/fr\/wp-json\/wp\/v2\/posts"}],"about":[{"href":"https:\/\/www.europesays.com\/fr\/wp-json\/wp\/v2\/types\/post"}],"author":[{"embeddable":true,"href":"https:\/\/www.europesays.com\/fr\/wp-json\/wp\/v2\/users\/2"}],"replies":[{"embeddable":true,"href":"https:\/\/www.europesays.com\/fr\/wp-json\/wp\/v2\/comments?post=180499"}],"version-history":[{"count":0,"href":"https:\/\/www.europesays.com\/fr\/wp-json\/wp\/v2\/posts\/180499\/revisions"}],"wp:featuredmedia":[{"embeddable":true,"href":"https:\/\/www.europesays.com\/fr\/wp-json\/wp\/v2\/media\/180500"}],"wp:attachment":[{"href":"https:\/\/www.europesays.com\/fr\/wp-json\/wp\/v2\/media?parent=180499"}],"wp:term":[{"taxonomy":"category","embeddable":true,"href":"https:\/\/www.europesays.com\/fr\/wp-json\/wp\/v2\/categories?post=180499"},{"taxonomy":"post_tag","embeddable":true,"href":"https:\/\/www.europesays.com\/fr\/wp-json\/wp\/v2\/tags?post=180499"}],"curies":[{"name":"wp","href":"https:\/\/api.w.org\/{rel}","templated":true}]}}