{"id":180505,"date":"2025-06-16T09:41:07","date_gmt":"2025-06-16T09:41:07","guid":{"rendered":"https:\/\/www.europesays.com\/fr\/180505\/"},"modified":"2025-06-16T09:41:07","modified_gmt":"2025-06-16T09:41:07","slug":"joueurs-poursuivis-chemise-ensanglantee-du-nouveau-sur-les-bagarres-grenoble","status":"publish","type":"post","link":"https:\/\/www.europesays.com\/fr\/180505\/","title":{"rendered":"Joueurs poursuivis, chemise ensanglant\u00e9e : du nouveau sur les bagarres Grenoble"},"content":{"rendered":"<p>            Par<br \/>\n        <strong><br \/>\n            <a href=\"https:\/\/actu.fr\/auteur\/thomas-corbet-actu-fr\" title=\"Consulter tous les articles de Thomas Corbet\" target=\"_blank\" rel=\"noopener\">Thomas Corbet<\/a><br \/>\n        <\/strong><\/p>\n<p>        Publi\u00e9 le<\/p>\n<p>            16 juin 2025 \u00e0 10h30        <\/p>\n<p>Sold\u00e9 par le maintien de l\u2019Usap et la <a href=\"https:\/\/actu.fr\/auvergne-rhone-alpes\/grenoble_38185\/6-matchs-et-6-defaites-grenoble-est-maudit-cela-va-etre-tres-dur-de-se-relever_62774242.html\" target=\"_blank\" rel=\"noopener\">d\u00e9tresse du FCG<\/a>, l\u2019<strong>access match<\/strong> ou match pour le maintien Top 14\/ Pro D2 entre <a href=\"https:\/\/actu.fr\/rugby\/equipe\/grenoble_64dbdff47b8c09c4fec7b0a4\/\" target=\"_blank\" rel=\"noopener\">Grenoble<\/a> et <a href=\"https:\/\/actu.fr\/rugby\/equipe\/perpignan_64dd31527b8c09c4fec880fe\/\" target=\"_blank\" rel=\"noopener\">Perpignan<\/a> a malheureusement \u00e9t\u00e9 marqu\u00e9 par des <strong>bagarres<\/strong> apr\u00e8s l\u2019envahissement de la pelouse. Des joueurs pris \u00e0 partie, des jets de projectiles, des <strong>coups de poing<\/strong>\u2026 Voici ce que l\u2019on sait sur ces heurts.\u00a0<\/p>\n<p>Grenoble \u2013 Perpignan : des bagarres sur la pelouse<\/p>\n<p class=\" wall-content\">On va finir par croire que la b\u00eatise ne se cantonne pas \u00e0 un seul sport et qu\u2019aucune ar\u00e8ne n\u2019est \u00e0 l\u2019abri des d\u00e9bordements ! Tr\u00e8s prompt \u00e0 jeter la pierre \u00e0 ses cousins du foot, le rugby a \u00e9t\u00e9 rattrap\u00e9 par ses probl\u00e8mes (et il en a) \u00e0 l\u2019occasion de l\u2019access match entre Grenoble et Perpignan.<\/p>\n<p class=\" wall-content\">Autoris\u00e9 tr\u00e8s tardivement par la LNR, l\u2019envahissement du terrain, id\u00e9alement un beau moment de communion et de f\u00eate pour les uns et l\u2019opportunit\u00e9 de soutenir une \u00e9quipe abattue pour les autres, s\u2019est mu\u00e9 en belle pagaille.<\/p>\n<p class=\" wall-content\">Et de mani\u00e8re assez tragique, force est de constater que les \u00e9changes de coups de poing entre supporters de chaque camp ne furent pas les pires des d\u00e9bordements. Certains joueurs de Grenoble ont re\u00e7u des projectiles comme des pichets de bi\u00e8re, d\u2019autres c\u00f4t\u00e9 catalan ont \u00e9t\u00e9 pourchass\u00e9s.<\/p>\n<p class=\" wall-content\">\u00ab\u00a0J\u2019ai deux joueurs qui se sont fait poursuivre jusqu\u2019\u00e0 l\u2019entr\u00e9e des vestiaires. C\u2019\u00e9taient des gars qui, pourtant, \u00e9taient dans la zone des vestiaires, donc une zone contr\u00f4l\u00e9e, mais qui voulaient en d\u00e9coudre avec mes joueurs. C\u2019est incroyable, je n\u2019ai jamais vu \u00e7a ! Alors que le staff de Grenoble a \u00e9t\u00e9 parfait et tr\u00e8s gentil\u00a0\u00bb, a d\u00e9clar\u00e9 le pr\u00e9sident de l\u2019Usap Fran\u00e7ois Rivi\u00e8re aupr\u00e8s de <a href=\"https:\/\/www.lindependant.fr\/2025\/06\/15\/top-14-jai-deux-joueurs-qui-se-sont-fait-poursuivre-jusqua-lentree-des-vestiaires-lusap-reagit-aux-incidents-apres-laccess-match-a-grenoble-12763955.php\" target=\"_blank\" rel=\"noopener\">l\u2019Ind\u00e9pendant<\/a>.\u00a0<\/p>\n<p class=\" wall-content\"><a href=\"https:\/\/www.instagram.com\/p\/DK60OvyN1vT\/embed\" title=\"Ouvrir le lien sur Instagram\" target=\"_blank\" rel=\"noopener\">Visualiser le contenu sur Instagram<\/a><\/p>\n<p>Une hostilit\u00e9 \u00ab\u00a0jamais vue\u00a0\u00bb<\/p>\n<p class=\" wall-content\">Selon des sources pr\u00e9sentes sur place, les CRS ont donc tr\u00e8s rapidement fait leur apparition pour intervenir sur la pelouse du Stade des Alpes. Si rapidement que cela laisse \u00e0 penser qu\u2019ils avaient vu venir le coup.<\/p>\n<p>Vid\u00e9os : en ce moment sur Actu<\/p>\n<p class=\" wall-content\">Fran\u00e7ois Rivi\u00e8re poursuit : \u00ab\u00a0Je suis navr\u00e9 de cette ambiance qui n\u2019en est pas une. J\u2019ai rarement vu dans ma carri\u00e8re une hostilit\u00e9 pareille. J\u2019ai \u00e9t\u00e9 frapp\u00e9 par cette ambiance, frapp\u00e9 de voir que tu avais des CRS qui \u00e9taient oblig\u00e9s de rentrer casqu\u00e9s sur un terrain de rugby. Ma chemise a \u00e9t\u00e9 enti\u00e8rement tach\u00e9e de sang, parce que je suis venu pr\u00eater secours \u00e0 des supporters en difficult\u00e9 ! Je n\u2019ai jamais vu \u00e7a !\u00a0\u00bb<\/p>\n<p class=\" wall-content\">Reste d\u00e9sormais \u00e0 faire la lumi\u00e8re sur qui a fait quoi, mais il semblerait bien que les torts soient partag\u00e9s.\u00a0<\/p>\n<p class=\" wall-content\">Suivez toute l\u2019actualit\u00e9 de vos villes et m\u00e9dias favoris en vous inscrivant \u00e0 <a href=\"https:\/\/moncompte.actu.fr\" title=\"D\u00e9couvez Mon Actu\" rel=\"nofollow noopener\" data-trk=\"{&quot;cta&quot;:{&quot;action&quot;:&quot;https:\\\/\\\/moncompte.actu.fr&quot;,&quot;category&quot;:&quot;mon compte&quot;,&quot;from&quot;:&quot;article footer&quot;,&quot;name&quot;:&quot;Mon actu&quot;,&quot;type&quot;:&quot;cta&quot;}}\" target=\"_blank\">Mon Actu<\/a>.<\/p>\n<p>                    <script async src=\"\/\/www.instagram.com\/embed.js\"><\/script><\/p>\n","protected":false},"excerpt":{"rendered":"Par Thomas Corbet Publi\u00e9 le 16 juin 2025 \u00e0 10h30 Sold\u00e9 par le maintien de l\u2019Usap et la&hellip;\n","protected":false},"author":2,"featured_media":180506,"comment_status":"","ping_status":"","sticky":false,"template":"","format":"standard","meta":{"footnotes":""},"categories":[1416],"tags":[1011,27,479,1468,60,478,10744],"class_list":{"0":"post-180505","1":"post","2":"type-post","3":"status-publish","4":"format-standard","5":"has-post-thumbnail","7":"category-rugby","8":"tag-fr","9":"tag-france","10":"tag-rugby","11":"tag-rugby-football","12":"tag-sports","13":"tag-top-14","14":"tag-usap-perpignan"},"share_on_mastodon":{"url":"https:\/\/pubeurope.com\/@fr\/114692389777789567","error":""},"_links":{"self":[{"href":"https:\/\/www.europesays.com\/fr\/wp-json\/wp\/v2\/posts\/180505","targetHints":{"allow":["GET"]}}],"collection":[{"href":"https:\/\/www.europesays.com\/fr\/wp-json\/wp\/v2\/posts"}],"about":[{"href":"https:\/\/www.europesays.com\/fr\/wp-json\/wp\/v2\/types\/post"}],"author":[{"embeddable":true,"href":"https:\/\/www.europesays.com\/fr\/wp-json\/wp\/v2\/users\/2"}],"replies":[{"embeddable":true,"href":"https:\/\/www.europesays.com\/fr\/wp-json\/wp\/v2\/comments?post=180505"}],"version-history":[{"count":0,"href":"https:\/\/www.europesays.com\/fr\/wp-json\/wp\/v2\/posts\/180505\/revisions"}],"wp:featuredmedia":[{"embeddable":true,"href":"https:\/\/www.europesays.com\/fr\/wp-json\/wp\/v2\/media\/180506"}],"wp:attachment":[{"href":"https:\/\/www.europesays.com\/fr\/wp-json\/wp\/v2\/media?parent=180505"}],"wp:term":[{"taxonomy":"category","embeddable":true,"href":"https:\/\/www.europesays.com\/fr\/wp-json\/wp\/v2\/categories?post=180505"},{"taxonomy":"post_tag","embeddable":true,"href":"https:\/\/www.europesays.com\/fr\/wp-json\/wp\/v2\/tags?post=180505"}],"curies":[{"name":"wp","href":"https:\/\/api.w.org\/{rel}","templated":true}]}}