{"id":180507,"date":"2025-06-16T09:42:09","date_gmt":"2025-06-16T09:42:09","guid":{"rendered":"https:\/\/www.europesays.com\/fr\/180507\/"},"modified":"2025-06-16T09:42:09","modified_gmt":"2025-06-16T09:42:09","slug":"atp-halle-ivanisevic-nouveau-coach-de-tsitsipas-je-ne-sais-pas-pourquoi-il-nobtient-pas-de-bons-resultats-sur-gazon-il-faut-etre-gentil-avec-cette-surface","status":"publish","type":"post","link":"https:\/\/www.europesays.com\/fr\/180507\/","title":{"rendered":"ATP &#8211; Halle > Ivanisevic, nouveau coach de Tsitsipas : \u00ab\u00a0Je ne sais pas pourquoi il n&rsquo;obtient pas de bons r\u00e9sultats sur gazon. Il faut \u00eatre gentil avec cette surface\u00a0\u00bb"},"content":{"rendered":"<p>Goran Ivanisevic et Stefanos Tsitsipas vont vivre leur premier tournoi ensemble \u00e0 Halle, o\u00f9 le Grec va affronter Luciano Darderi (56e mondial) au premier tour ce\u00a0lundi.\u00a0<\/p>\n<p>Au micro de l\u2019ATP, l\u2019en\u00adtra\u00ee\u00adneur croate, vain\u00adqueur de Wimbledon 2001, a \u00e9voqu\u00e9 les diffi\u00adcult\u00e9s de son joueur sur\u00a0gazon.\u00a0<\/p>\n<p><strong>\u00ab\u202fIl y a beau\u00adcoup \u00e0 faire. En g\u00e9n\u00e9ral, il n\u2019ob\u00adtient pas de bons r\u00e9sul\u00adtats sur gazon. Je ne sais pas pour\u00adquoi. C\u2019est unique\u00adment [mental]. Si vous vous dites \u2018je ne sais pas jouer sur gazon\u2019, alors vous ne pouvez pas bien jouer, car le gazon ne pardonne rien. Si vous vous \u00e9nervez sur gazon, le gazon vous le rend. Il faut \u00eatre gentil avec le gazon. Il y a donc beau\u00adcoup de progr\u00e8s \u00e0 faire dans ce domaine. Je ne peux pas dire que cela se produira cette semaine, mais en g\u00e9n\u00e9ral, il peut bien jouer sur\u00a0gazon.\u202f\u00bb<\/strong><\/p>\n<p class=\"post-published-date\" style=\"color: silver; font-size: 75%; text-align: left;\">Publi\u00e9 le lundi 16 juin 2025 \u00e0 10:52<\/p>\n","protected":false},"excerpt":{"rendered":"Goran Ivanisevic et Stefanos Tsitsipas vont vivre leur premier tournoi ensemble \u00e0 Halle, o\u00f9 le Grec va affronter&hellip;\n","protected":false},"author":2,"featured_media":180508,"comment_status":"","ping_status":"","sticky":false,"template":"","format":"standard","meta":{"footnotes":""},"categories":[1415],"tags":[1011,27,60,1467,5443],"class_list":{"0":"post-180507","1":"post","2":"type-post","3":"status-publish","4":"format-standard","5":"has-post-thumbnail","7":"category-tennis","8":"tag-fr","9":"tag-france","10":"tag-sports","11":"tag-tennis","12":"tag-tsitsipas"},"share_on_mastodon":{"url":"https:\/\/pubeurope.com\/@fr\/114692393714396916","error":""},"_links":{"self":[{"href":"https:\/\/www.europesays.com\/fr\/wp-json\/wp\/v2\/posts\/180507","targetHints":{"allow":["GET"]}}],"collection":[{"href":"https:\/\/www.europesays.com\/fr\/wp-json\/wp\/v2\/posts"}],"about":[{"href":"https:\/\/www.europesays.com\/fr\/wp-json\/wp\/v2\/types\/post"}],"author":[{"embeddable":true,"href":"https:\/\/www.europesays.com\/fr\/wp-json\/wp\/v2\/users\/2"}],"replies":[{"embeddable":true,"href":"https:\/\/www.europesays.com\/fr\/wp-json\/wp\/v2\/comments?post=180507"}],"version-history":[{"count":0,"href":"https:\/\/www.europesays.com\/fr\/wp-json\/wp\/v2\/posts\/180507\/revisions"}],"wp:featuredmedia":[{"embeddable":true,"href":"https:\/\/www.europesays.com\/fr\/wp-json\/wp\/v2\/media\/180508"}],"wp:attachment":[{"href":"https:\/\/www.europesays.com\/fr\/wp-json\/wp\/v2\/media?parent=180507"}],"wp:term":[{"taxonomy":"category","embeddable":true,"href":"https:\/\/www.europesays.com\/fr\/wp-json\/wp\/v2\/categories?post=180507"},{"taxonomy":"post_tag","embeddable":true,"href":"https:\/\/www.europesays.com\/fr\/wp-json\/wp\/v2\/tags?post=180507"}],"curies":[{"name":"wp","href":"https:\/\/api.w.org\/{rel}","templated":true}]}}