{"id":180509,"date":"2025-06-16T09:44:19","date_gmt":"2025-06-16T09:44:19","guid":{"rendered":"https:\/\/www.europesays.com\/fr\/180509\/"},"modified":"2025-06-16T09:44:19","modified_gmt":"2025-06-16T09:44:19","slug":"grand-prix-de-la-motogp-de-grande-bretagne-a-quelle-heure-et-sur-quelle-chaine-voir-la-course-en-direct","status":"publish","type":"post","link":"https:\/\/www.europesays.com\/fr\/180509\/","title":{"rendered":"Grand Prix\u2122 de la MotoGP\u2122 de Grande-Bretagne : \u00e0 quelle heure et sur quelle cha\u00eene voir la course en direct ?"},"content":{"rendered":"<p class=\"paragraph text_align_left\">Ce week-end, le circuit de Silverstone accueille les concurrents de la MotoGP\u2122. Le trac\u00e9 britannique s\u2019\u00e9tend sur 5, 9 kilom\u00e8tres, et comporte dix-huit virages. La piste fait partie des plus longues du calendrier, et ses encha\u00eenements de courbes rapides et virages serr\u00e9s mettent \u00e0 rude \u00e9preuve les pilotes et les motos. \u00c0 l\u2019heure actuelle, c\u2019est Aleix Espargaro qui d\u00e9tient le record du circuit, la meilleure pole et le meilleur tour en course. Quant \u00e0 Enea Bastianini, le pilote italien affiche la vitesse maximale la plus \u00e9lev\u00e9e, avec plus de 340 km\/h. Du c\u00f4t\u00e9 du classement 2025, Marc Marquez se maintient sur la plus haute marche du podium (171 points), devant Alex Marquez (149 points) et Francesco Bagnaia (120 points). Les Fran\u00e7ais Johann Zarco et Fabio Quartararo occupent respectivement la sixi\u00e8me et la septi\u00e8me position. Dans ces lignes, <a href=\"https:\/\/bit.ly\/3PyYcNS\" target=\"_blank\" rel=\"sponsored nofollow noopener\">on vous dit \u00e0 quelle heure et sur quelle cha\u00eene regarder le Grand Prix\u2122 de la MotoGP\u2122 de Grande-Bretagne, en direct ce dimanche apr\u00e8s-midi.<\/a><\/p>\n<p><b>Grand Prix\u2122 de la MotoGP\u2122 de Grande-Bretagne en direct : sur quelle cha\u00eene regarder la course ?<\/b><\/p>\n<p class=\"paragraph text_align_left\"><b>Le Grand Prix\u2122 de la MotoGP\u2122 de Grande-Bretagne est diffus\u00e9 ce dimanche 25 mai, en direct <\/b><a href=\"https:\/\/bit.ly\/3PyYcNS\" target=\"_blank\" rel=\"sponsored nofollow noopener\"><b>sur la cha\u00eene CANAL+<\/b><\/a>. Le d\u00e9part de la course est pr\u00e9vu \u00e0 14 heures, sur le circuit de Silverstone (Royaume-Uni). D\u00e8s 13 heures 16, les experts pr\u00e9sentent \u201cLa grille Moto\u201d, une \u00e9mission consacr\u00e9e \u00e0 l\u2019actualit\u00e9 du championnat de la MotoGP\u2122. Les commentateurs prennent ensuite le relais pour vous plonger au c\u0153ur des paddocks, d\u00e9crypter les performances des participants, et analyser les r\u00e9sultats et les temps forts de la course.<\/p>\n<p class=\"paragraph text_align_left\"><b>Suivez ici la MotoGP \u2122 <\/b><a href=\"https:\/\/bit.ly\/3PyYcNS\" target=\"_blank\" rel=\"sponsored nofollow noopener\"><b>toute l\u2019ann\u00e9e avec CANAL+<\/b><\/a><\/p>\n","protected":false},"excerpt":{"rendered":"Ce week-end, le circuit de Silverstone accueille les concurrents de la MotoGP\u2122. Le trac\u00e9 britannique s\u2019\u00e9tend sur 5,&hellip;\n","protected":false},"author":2,"featured_media":180510,"comment_status":"","ping_status":"","sticky":false,"template":"","format":"standard","meta":{"footnotes":""},"categories":[1413],"tags":[1011,27,1982,749,1457,1456,1458,60,6718],"class_list":{"0":"post-180509","1":"post","2":"type-post","3":"status-publish","4":"format-standard","5":"has-post-thumbnail","7":"category-moto","8":"tag-fr","9":"tag-france","10":"tag-grand-prix","11":"tag-guide-shopping","12":"tag-moto","13":"tag-motocycle","14":"tag-motogp","15":"tag-sports","16":"tag-tv-streaming"},"share_on_mastodon":{"url":"https:\/\/pubeurope.com\/@fr\/114692401642622425","error":""},"_links":{"self":[{"href":"https:\/\/www.europesays.com\/fr\/wp-json\/wp\/v2\/posts\/180509","targetHints":{"allow":["GET"]}}],"collection":[{"href":"https:\/\/www.europesays.com\/fr\/wp-json\/wp\/v2\/posts"}],"about":[{"href":"https:\/\/www.europesays.com\/fr\/wp-json\/wp\/v2\/types\/post"}],"author":[{"embeddable":true,"href":"https:\/\/www.europesays.com\/fr\/wp-json\/wp\/v2\/users\/2"}],"replies":[{"embeddable":true,"href":"https:\/\/www.europesays.com\/fr\/wp-json\/wp\/v2\/comments?post=180509"}],"version-history":[{"count":0,"href":"https:\/\/www.europesays.com\/fr\/wp-json\/wp\/v2\/posts\/180509\/revisions"}],"wp:featuredmedia":[{"embeddable":true,"href":"https:\/\/www.europesays.com\/fr\/wp-json\/wp\/v2\/media\/180510"}],"wp:attachment":[{"href":"https:\/\/www.europesays.com\/fr\/wp-json\/wp\/v2\/media?parent=180509"}],"wp:term":[{"taxonomy":"category","embeddable":true,"href":"https:\/\/www.europesays.com\/fr\/wp-json\/wp\/v2\/categories?post=180509"},{"taxonomy":"post_tag","embeddable":true,"href":"https:\/\/www.europesays.com\/fr\/wp-json\/wp\/v2\/tags?post=180509"}],"curies":[{"name":"wp","href":"https:\/\/api.w.org\/{rel}","templated":true}]}}