{"id":180511,"date":"2025-06-16T09:45:12","date_gmt":"2025-06-16T09:45:12","guid":{"rendered":"https:\/\/www.europesays.com\/fr\/180511\/"},"modified":"2025-06-16T09:45:12","modified_gmt":"2025-06-16T09:45:12","slug":"aston-martin-a-jete-son-devolu-sur-george-russell-pour-2026","status":"publish","type":"post","link":"https:\/\/www.europesays.com\/fr\/180511\/","title":{"rendered":"Aston Martin a jet\u00e9 son d\u00e9volu sur George Russell pour 2026"},"content":{"rendered":"<p>Selon les informations de <strong>Motorsport.com<\/strong>, <a href=\"https:\/\/fr.motorsport.com\/driver\/george-russell\/96626\/\" target=\"_blank\" rel=\"noopener\">George Russell<\/a> est dans le viseur de l&rsquo;\u00e9curie <a href=\"https:\/\/fr.motorsport.com\/team\/aston-martin\/806\/\" target=\"_blank\" rel=\"noopener\">Aston Martin<\/a> en vue de 2026.\u00a0<\/p>\n<p>Dans le cadre de l&rsquo;un des plus grands bouleversements r\u00e9glementaires de l&rsquo;histoire de la F1, Aston Martin esp\u00e8re bien tirer son \u00e9pingle du jeu apr\u00e8s d&rsquo;importants investissements consentis depuis plusieurs ann\u00e9es, ainsi que le recrutement de figures techniques telles qu&rsquo;Adrian Newey, concepteur de nombreuses monoplaces championnes du monde.<\/p>\n<p>Alors que la rumeur a souvent li\u00e9 <a href=\"https:\/\/fr.motorsport.com\/driver\/max-verstappen\/93029\/\" target=\"_blank\" rel=\"noopener\">Max Verstappen<\/a> \u00e0 l&rsquo;\u00e9quipe de Silverstone, il semble bien que Russell soit d\u00e9sormais un profil de choix cibl\u00e9 par Aston. Le Britannique, qui vient de remporter le GP du Canada, est sous contrat avec <a href=\"https:\/\/fr.motorsport.com\/team\/mercedes\/611\/\" target=\"_blank\" rel=\"noopener\">Mercedes<\/a> jusqu&rsquo;\u00e0 la fin de la saison 2025 et n&rsquo;a toujours pas prolong\u00e9 son engagement aupr\u00e8s de l&rsquo;\u00e9curie allemande.<\/p>\n<p>Interrog\u00e9 ce dimanche soir sur ce que sa victoire de Montr\u00e9al signifiait pour les n\u00e9gociations contractuelles avec Mercedes, Russell a r\u00e9pondu :\u00a0\u00ab\u00a0\u00c7a ne fait pas de mal. \u00c7a ne fait pas de mal du tout, mais, comme je l&rsquo;ai d\u00e9j\u00e0 dit \u00e0 plusieurs reprises, je ne me pr\u00e9occupe pas du tout de l&rsquo;ann\u00e9e prochaine. Je sais que je serai sur la grille de d\u00e9part l&rsquo;ann\u00e9e prochaine.\u00a0\u00bb<\/p>\n<p>\u00ab\u00a0Je trouve que je pilote mieux que jamais. Je sens que j&rsquo;ai encore beaucoup \u00e0 donner. Je me sens pr\u00eat \u00e0 me battre pour le titre mondial, et je pense que des r\u00e9sultats comme celui d&rsquo;aujourd&rsquo;hui montrent que nous savons saisir la moindre demi-chance qui se pr\u00e9sente. Je suis plut\u00f4t d\u00e9tendu, je profite simplement du moment pr\u00e9sent, je prends plaisir \u00e0 courir et je prends les choses semaine apr\u00e8s semaine.\u00a0\u00bb<\/p>\n<p>Russell assure vouloir rester chez Mercedes<br \/>\n   <img decoding=\"async\" draggable=\"false\" src=\"https:\/\/www.europesays.com\/fr\/wp-content\/uploads\/2025\/06\/1750067112_289_george-russell-mercedes.jpg\" alt=\"George Russell, vainqueur du GP du Canada avec Mercedes.\" width=\"1200\" height=\"800\" loading=\"lazy\"\/> <\/p>\n<p class=\"title\">George Russell, vainqueur du GP du Canada avec Mercedes.<\/p>\n<p class=\"photographer\">Photo de: James Sutton \/ Motorsport Images via Getty Images<\/p>\n<p>Quand <strong>Motorsport.com<\/strong> lui a demand\u00e9 s&rsquo;il \u00e9tait certain \u00e0 \u00ab\u00a0100%\u00a0\u00bb de rester avec Mercedes l&rsquo;ann\u00e9e prochaine ou s&rsquo;il discutait avec d&rsquo;autres structures, il a assur\u00e9 que son intention \u00e9tait de demeurer chez les Fl\u00e8ches d&rsquo;argent. \u00ab\u00a0Non, je ne suis en discussion avec personne d&rsquo;autre et aucune \u00e9quipe n&rsquo;ayant manifest\u00e9 son int\u00e9r\u00eat. J&rsquo;ai toujours \u00e9t\u00e9 tr\u00e8s clair quant \u00e0 mon intention de rester chez Mercedes. Cela n&rsquo;a jamais fait aucun doute.\u00a0\u00bb<\/p>\n<p>\u00ab\u00a0Et vous savez, je suis loyal envers Mercedes. C&rsquo;est eux qui m&rsquo;ont donn\u00e9 ma chance en Formule 1. Je n&rsquo;ai aucune ranc\u0153ur \u00e0 l&rsquo;\u00e9gard des discussions qui ont eu lieu, en particulier celles concernant Max [Verstappen], car, comme je l&rsquo;ai dit \u00e0 maintes reprises\u00a0: pourquoi une \u00e9quipe ne s&rsquo;int\u00e9resserait-elle pas \u00e0 Max si elle en avait la possibilit\u00e9 ? Si tous les pilotes \u00e9taient libres de tout contrat pour l&rsquo;ann\u00e9e prochaine, Max serait le num\u00e9ro un pour toutes les \u00e9quipes. C&rsquo;est compr\u00e9hensible.\u00a0\u00bb<\/p>\n<p>\u00ab\u00a0Mais au final, il n&rsquo;y a que deux places dans chaque \u00e9curie et je savais que si je continuais \u00e0 performer comme je le fais, ma position ne serait en aucun cas menac\u00e9e. Je me sens donc bien. Nous ne sommes pas press\u00e9s de n\u00e9gocier un contrat.\u00a0\u00bb<\/p>\n<p>Lire aussi :<\/p>\n<p>Toto Wolff, le directeur de Mercedes, s&rsquo;est de son c\u00f4t\u00e9 dit optimiste sur l&rsquo;avenir de leur collaboration, tout en r\u00e9v\u00e9lant qu&rsquo;une date butoir a \u00e9t\u00e9 fix\u00e9e pour s&rsquo;accorder sur les termes de leur engagement : \u00ab\u00a0Il est avec nous depuis longtemps et il ne cesse de progresser. Il a fait ses premiers pas chez <a href=\"https:\/\/fr.motorsport.com\/team\/williams\/613\/\" target=\"_blank\" rel=\"noopener\">Williams<\/a>, puis il est arriv\u00e9 chez Mercedes \u00e0 un moment difficile, o\u00f9 il a su se montrer \u00e0 la hauteur de Lewis. Depuis le d\u00e9part de Lewis [Hamilton], il est clairement le leader de l&rsquo;\u00e9quipe, le pilote chevronn\u00e9, et cela lui va comme un gant.\u00a0\u00bb<\/p>\n<p>\u00ab\u00a0Il n&rsquo;y a pas de politique. Il a simplement pris la place qu&rsquo;il m\u00e9rite. L&rsquo;ambiance dans l&rsquo;\u00e9quipe est excellente. Et nous nous sommes mis d&rsquo;accord sur un calendrier pour r\u00e9gler ces questions. Avec les triple headers d\u00e9sormais derri\u00e8re nous et les courses qui s&rsquo;encha\u00eenent en juin et juillet, nous allons y arriver. Il a \u00e9t\u00e9 un junior Mercedes, tout comme Kimi [Antonelli] depuis l&rsquo;\u00e2ge de 16 ans. Cela ne d\u00e9pend donc pas d&rsquo;une victoire ou de ses performances, car nous savons qu&rsquo;il en est capable.\u00a0\u00bb<\/p>\n<p>Du c\u00f4t\u00e9 d&rsquo;Aston Martin, <a href=\"https:\/\/fr.motorsport.com\/driver\/fernando-alonso\/76096\/\" target=\"_blank\" rel=\"noopener\">Fernando Alonso<\/a> est sous contrat jusqu&rsquo;\u00e0 la fin de la saison 2026 alors que la dur\u00e9e de l&rsquo;engagement de <a href=\"https:\/\/fr.motorsport.com\/driver\/lance-stroll\/96414\/\" target=\"_blank\" rel=\"noopener\">Lance Stroll<\/a> n&rsquo;est pas connu pr\u00e9cis\u00e9ment. Toutefois, le fait qu&rsquo;il soit le fils du propri\u00e9taire de l&rsquo;\u00e9curie, Lawrence Stroll, semble lui assurer une certaine continuit\u00e9.<\/p>\n<p style=\"text-align: right;\">Avec Ben Hunt<\/p>\n<p>Dans cet article<\/p>\n<p>    Fabien Gaillard\n<\/p>\n<p>    Formule 1\n<\/p>\n<p>    George Russell\n<\/p>\n<p>    Aston Martin\n<\/p>\n<p>Soyez le premier inform\u00e9 et souscrivez aux alertes mails pour recevoir les infos en temps r\u00e9el<\/p>\n<p>    S&rsquo;abonner aux alertes de news<\/p>\n","protected":false},"excerpt":{"rendered":"Selon les informations de Motorsport.com, George Russell est dans le viseur de l&rsquo;\u00e9curie Aston Martin en vue de&hellip;\n","protected":false},"author":2,"featured_media":180512,"comment_status":"","ping_status":"","sticky":false,"template":"","format":"standard","meta":{"footnotes":""},"categories":[1412],"tags":[1709,30180,1451,1452,1453,1454,1455,1011,27,9124,30179,60],"class_list":{"0":"post-180511","1":"post","2":"type-post","3":"status-publish","4":"format-standard","5":"has-post-thumbnail","7":"category-f1","8":"tag-aston-martin","9":"tag-circuit-gilles-villeneuve","10":"tag-f1","11":"tag-formula-1","12":"tag-formula1","13":"tag-formule-1","14":"tag-formule1","15":"tag-fr","16":"tag-france","17":"tag-george-russell","18":"tag-gp-du-canada","19":"tag-sports"},"share_on_mastodon":{"url":"https:\/\/pubeurope.com\/@fr\/114692405600302387","error":""},"_links":{"self":[{"href":"https:\/\/www.europesays.com\/fr\/wp-json\/wp\/v2\/posts\/180511","targetHints":{"allow":["GET"]}}],"collection":[{"href":"https:\/\/www.europesays.com\/fr\/wp-json\/wp\/v2\/posts"}],"about":[{"href":"https:\/\/www.europesays.com\/fr\/wp-json\/wp\/v2\/types\/post"}],"author":[{"embeddable":true,"href":"https:\/\/www.europesays.com\/fr\/wp-json\/wp\/v2\/users\/2"}],"replies":[{"embeddable":true,"href":"https:\/\/www.europesays.com\/fr\/wp-json\/wp\/v2\/comments?post=180511"}],"version-history":[{"count":0,"href":"https:\/\/www.europesays.com\/fr\/wp-json\/wp\/v2\/posts\/180511\/revisions"}],"wp:featuredmedia":[{"embeddable":true,"href":"https:\/\/www.europesays.com\/fr\/wp-json\/wp\/v2\/media\/180512"}],"wp:attachment":[{"href":"https:\/\/www.europesays.com\/fr\/wp-json\/wp\/v2\/media?parent=180511"}],"wp:term":[{"taxonomy":"category","embeddable":true,"href":"https:\/\/www.europesays.com\/fr\/wp-json\/wp\/v2\/categories?post=180511"},{"taxonomy":"post_tag","embeddable":true,"href":"https:\/\/www.europesays.com\/fr\/wp-json\/wp\/v2\/tags?post=180511"}],"curies":[{"name":"wp","href":"https:\/\/api.w.org\/{rel}","templated":true}]}}