{"id":180522,"date":"2025-06-16T09:51:12","date_gmt":"2025-06-16T09:51:12","guid":{"rendered":"https:\/\/www.europesays.com\/fr\/180522\/"},"modified":"2025-06-16T09:51:12","modified_gmt":"2025-06-16T09:51:12","slug":"malcolm-voici-a-quoi-ressemble-linterprete-de-dewey-aujourdhui-des-photos-derik-per-sullivan-devoilees","status":"publish","type":"post","link":"https:\/\/www.europesays.com\/fr\/180522\/","title":{"rendered":"Malcolm : voici \u00e0 quoi ressemble l&rsquo;interpr\u00e8te de Dewey aujourd&rsquo;hui, des photos d&rsquo;Erik Per Sullivan d\u00e9voil\u00e9es"},"content":{"rendered":"<p>En d\u00e9cembre dernier, Disney+ a cr\u00e9\u00e9 la surprise en annon\u00e7ant le retour de <strong>Malcolm<\/strong>. Ce ne sera pas un remake (ouf), mais un revival. C\u00a0\u00bbest-\u00e0-dire que l&rsquo;on retrouvera les protagonistes de la <a href=\"https:\/\/www.grazia.fr\/culture\/series-television\/malcolm-10-secrets-oublies-de-la-serie-la-plus-drole-que-vous-ayez-jamais-vue-726159.html\" target=\"_blank\" rel=\"noopener nofollow\">s\u00e9rie d&rsquo;origine<\/a>, l&rsquo;une des plus dr\u00f4les jamais cr\u00e9\u00e9es, diffus\u00e9e de 2000 \u00e0 2006. Il n&rsquo;y aura que quatre \u00e9pisodes, juste le temps de f\u00eater dignement le 40e anniversaire de mariage de Lois (Jane Kaczmarek) et Hal (Bryan Cranston). Ils seront entour\u00e9s de leurs cinq, non, pardon, six enfants. Mais dans cette suite, deux d&rsquo;entre eux vont changer de visage. <\/p>\n<p>    Malcolm de retour mais avec un absent de taille <\/p>\n<p>En plus de <a href=\"https:\/\/www.grazia.fr\/people\/que-devient-frankie-muniz-linterprete-de-malcolm-dans-la-serie-culte-des-annees-2000-1024037.html\" target=\"_blank\" rel=\"noopener nofollow\">Frankie Muniz<\/a>, l&rsquo;indispensable Malcolm, Christopher Masterson et Justin Berfield reprendront leurs r\u00f4les de ses fr\u00e8res a\u00een\u00e9s, Francis et Reese. Les jumeaux qui incarnaient Jamie vont laisser leur place \u00e0 Anthony Timpano, tandis que l&rsquo;on fera la connaissance de Kelly, le dernier enfant (Lois apprenait qu&rsquo;elle \u00e9tait enceinte dans l&rsquo;ultime \u00e9pisode, ndlr), jou\u00e9 par Vaughan Murrae. Mais quid de Dewey, alors ? Interpr\u00e9t\u00e9 par <strong>Erik Per Sullivan<\/strong> durant <a href=\"https:\/\/www.grazia.fr\/people\/malcolm-8-choses-que-vous-ne-saviez-peut-etre-pas-sur-la-serie-culte-103719.html\" target=\"_blank\" rel=\"noopener nofollow\">les sept saisons<\/a>, il ne participera pas \u00e0 cette aventure. H\u00e9las.<\/p>\n<p>Erik Per Sullivan n&rsquo;avait que 8 ans quand il a fait ses premiers pas dans la peau de Dewey, le plus jeune gar\u00e7on de la fratrie. Un gamin qui vit un peu dans son monde&#8230; Avec Bryan Cranston (Hal) et Justin Berfield (Reese), il fait partie des seuls acteurs de la s\u00e9rie \u00e0 avoir jou\u00e9 dans chacun des 151 \u00e9pisodes que compte la s\u00e9rie. Avant de jouer dans Malcolm, il n&rsquo;avait fait que de la figuration (dans les films Armageddon et L&rsquo;\u0152uvre de Dieu, la Part du Diable). En parall\u00e8le de la <strong>sitcom<\/strong>, il a pu \u00e9toffer son CV en ajoutant quelques petits r\u00f4les ici et l\u00e0. Apr\u00e8s la fin de Malcolm, Erik Per Sullivan fait une apparition en 2010 dans le film Twelve de Joel Schumacher, aux c\u00f4t\u00e9s de Chace Crawford, Emma Roberts et 50 Cent. Et puis&#8230; c&rsquo;est tout.\u00a0\u00a0Il a pris sa retraite d&rsquo;acteur.<\/p>\n<p>    <img loading=\"lazy\" aria-describedby=\"caption-attachment-1147372\" itemprop=\"thumbnailUrl\" decoding=\"async\" class=\"wp-image-1147372 img-responsive  size-full pinit-here\" src=\"https:\/\/www.europesays.com\/fr\/wp-content\/uploads\/2025\/04\/erik-per-sullivan-en-2007.jpg\" alt=\"\" width=\"900\" height=\"620\" data-pin-media=\"https:\/\/www.grazia.fr\/wp-content\/uploads\/grazia\/2025\/04\/erik-per-sullivan-en-2007-736x507.jpg\"\/> \u00a9  Shutterstock <\/p>\n<p id=\"caption-attachment-1147372\" class=\"wp-caption-text\">Erik Per Sullivan en 2007<\/p>\n<p> Erik Per Sullivan est devenu un sp\u00e9cialiste en litt\u00e9rature victorienne <\/p>\n<p>La vie sous les projecteurs ? Tr\u00e8s peu pour lui. Erik Per Sullivan a disparu de la circulation et repris une <strong>vie normale<\/strong>. En 2024, lors de son passage au Paris Manga &amp; Sci-Fi Show, Jane Kaczmarek, sa maman de fiction, avait donn\u00e9 de ses nouvelles \u00e0 <a href=\"https:\/\/www.malcolm-france.com\/actualites\/interviews\/jane-kaczmarek-la-plus-grande-arme-dune-mere-de-famille-cest-de-dire-non\/\" target=\"_blank\" rel=\"nofollow noopener\">Malcolm France<\/a> : \u00ab\u00a0Il va bien, il va tr\u00e8s, tr\u00e8s bien\u2026, a-t-elle d\u00e9clar\u00e9. Il a jou\u00e9 dans &lsquo;Malcolm&rsquo; pendant sept ans. Il a commenc\u00e9 \u00e0 sept ans, il a termin\u00e9 \u00e0 14 ans. Il n&rsquo;\u00e9tait <strong>pas du tout int\u00e9ress\u00e9<\/strong> par le m\u00e9tier d&rsquo;acteur\u00a0\u00bb, a-t-elle confi\u00e9 devant la cam\u00e9ra. Le jeune homme, qui a d\u00e9sormais 33 ans, a entam\u00e9 des \u00e9tudes en litt\u00e9rature victorienne dans une universit\u00e9 de prestige, \u00ab\u00a0je dois dire que c&rsquo;est quelque chose que j&rsquo;admire. Beaucoup de gens pensent que le show-business est la meilleure chose au monde, mais que ce n&rsquo;est pas fait pour tout le monde\u00a0\u00bb, a ajout\u00e9 l&rsquo;actrice.<\/p>\n<p>Et Bryan Cranston a confirm\u00e9 qu&rsquo;Erik n&rsquo;avait <strong>aucune intention<\/strong> de revenir dans Malcolm : \u00ab\u00a0En fait, il va \u00e0 Harvard, a expliqu\u00e9 le com\u00e9dien dans le podcast Fly on the Wall, \u00ab\u00a0il est vraiment, vraiment intelligent, et il pr\u00e9pare actuellement son master l\u00e0-bas. Il m\u2019a dit : \u201cOh mon Dieu, non, je n\u2019ai pas jou\u00e9 la com\u00e9die depuis que j\u2019ai 9 ans ou quelque chose comme \u00e7a. Donc, \u00e7a ne m\u2019int\u00e9resse pas.'\u00a0\u00bb<\/p>\n<p> \u00c0 quoi ressemble l&rsquo;\u00e9ternel Dewey ? <\/p>\n<p>On ne sait rien de plus \u00e0 son sujet. S&rsquo;est-il mari\u00e9, a-t-il des enfants ? Myst\u00e8re. Mais avec tout \u00e7a, on comprend qu&rsquo;Erik Per Sullivan ne soit pas de retour dans Malcolm. Son r\u00f4le de Dewey a donc \u00e9t\u00e9 recast\u00e9 et c&rsquo;est <strong>Caleb Ellsworth-Clark<\/strong> qui va lui succ\u00e9der. Et la presque bonne nouvelle, c&rsquo;est que ce dernier lui r<a href=\"https:\/\/www.imdb.com\/name\/nm5430669\/mediaviewer\/rm711887618\/?ref_=nm_ov_ph\" target=\"_blank\" rel=\"nofollow noopener\">essemble plut\u00f4t pas mal<\/a> !\u00a0Mais Erik a-t-il chang\u00e9, lui ? 18 ans apr\u00e8s sa derni\u00e8re apparition publique (en janvier 2007, \u00e0 la premi\u00e8re new-yorkaise d&rsquo;Arthur et les Minimoys), la presse am\u00e9ricaine a partag\u00e9 de r\u00e9centes photos de lui. En look de \u00ab\u00a0prof\u00a0\u00bb si l&rsquo;on peut dire.<\/p>\n<blockquote class=\"twitter-tweet\"><p>\n\t<a class=\"twitter-link\" rel=\"noindex, nofollow noopener\" href=\"https:\/\/twitter.com\/TMZ\/status\/1907214796182753593\" target=\"_blank\">\n\t<\/p><\/blockquote>\n<p>                <script async src=\"https:\/\/platform.twitter.com\/widgets.js\" charset=\"utf-8\"><\/script><\/p>\n","protected":false},"excerpt":{"rendered":"En d\u00e9cembre dernier, Disney+ a cr\u00e9\u00e9 la surprise en annon\u00e7ant le retour de Malcolm. Ce ne sera pas&hellip;\n","protected":false},"author":2,"featured_media":180523,"comment_status":"","ping_status":"","sticky":false,"template":"","format":"standard","meta":{"footnotes":""},"categories":[1356],"tags":[58,59,1011,27,6055,252,1364],"class_list":{"0":"post-180522","1":"post","2":"type-post","3":"status-publish","4":"format-standard","5":"has-post-thumbnail","7":"category-television","8":"tag-divertissement","9":"tag-entertainment","10":"tag-fr","11":"tag-france","12":"tag-republishing","13":"tag-television","14":"tag-tv"},"share_on_mastodon":{"url":"https:\/\/pubeurope.com\/@fr\/114692429329096511","error":""},"_links":{"self":[{"href":"https:\/\/www.europesays.com\/fr\/wp-json\/wp\/v2\/posts\/180522","targetHints":{"allow":["GET"]}}],"collection":[{"href":"https:\/\/www.europesays.com\/fr\/wp-json\/wp\/v2\/posts"}],"about":[{"href":"https:\/\/www.europesays.com\/fr\/wp-json\/wp\/v2\/types\/post"}],"author":[{"embeddable":true,"href":"https:\/\/www.europesays.com\/fr\/wp-json\/wp\/v2\/users\/2"}],"replies":[{"embeddable":true,"href":"https:\/\/www.europesays.com\/fr\/wp-json\/wp\/v2\/comments?post=180522"}],"version-history":[{"count":0,"href":"https:\/\/www.europesays.com\/fr\/wp-json\/wp\/v2\/posts\/180522\/revisions"}],"wp:featuredmedia":[{"embeddable":true,"href":"https:\/\/www.europesays.com\/fr\/wp-json\/wp\/v2\/media\/180523"}],"wp:attachment":[{"href":"https:\/\/www.europesays.com\/fr\/wp-json\/wp\/v2\/media?parent=180522"}],"wp:term":[{"taxonomy":"category","embeddable":true,"href":"https:\/\/www.europesays.com\/fr\/wp-json\/wp\/v2\/categories?post=180522"},{"taxonomy":"post_tag","embeddable":true,"href":"https:\/\/www.europesays.com\/fr\/wp-json\/wp\/v2\/tags?post=180522"}],"curies":[{"name":"wp","href":"https:\/\/api.w.org\/{rel}","templated":true}]}}