{"id":180528,"date":"2025-06-16T09:54:08","date_gmt":"2025-06-16T09:54:08","guid":{"rendered":"https:\/\/www.europesays.com\/fr\/180528\/"},"modified":"2025-06-16T09:54:08","modified_gmt":"2025-06-16T09:54:08","slug":"jai-peur-face-a-la-teigne-dans-les-ecoles-de-chilly-mazarin-le-personnel-demande-plus-de-protection","status":"publish","type":"post","link":"https:\/\/www.europesays.com\/fr\/180528\/","title":{"rendered":"\u00ab\u00a0J\u2019ai peur\u00a0\u00bb\u00a0: face \u00e0 la teigne dans les \u00e9coles de Chilly-Mazarin, le personnel demande plus de protection"},"content":{"rendered":"<p class=\"paragraph text_align_left\">Devant l\u2019entr\u00e9e de l\u2019\u00e9cole maternelle du Centre <a href=\"https:\/\/www.leparisien.fr\/essonne-91\/chilly-mazarin-91380\/\" target=\"_blank\" rel=\"noreferrer noopener\">de Chilly-Mazarin<\/a> (Essonne), Mina embrasse son enfant avant de le laisser rejoindre ses camarades de classe. Il y a environ deux semaines, cette m\u00e8re de famille a re\u00e7u un message de la direction l\u2019informant qu\u2019au moins un \u00e9l\u00e8ve de l\u2019\u00e9tablissement \u00e9tait atteint de la teigne.<\/p>\n<p class=\"paragraph text_align_left\">Cette affection cutan\u00e9e se manifeste par l\u2019apparition de plaques rouges, une peau qui p\u00e8le et des d\u00e9mangeaisons. Une maladie b\u00e9nigne mais tr\u00e8s contagieuse qui se transmet via un contact direct avec des personnes atteintes, mais aussi indirect lorsque des objets ont \u00e9t\u00e9 contamin\u00e9s.<\/p>\n","protected":false},"excerpt":{"rendered":"Devant l\u2019entr\u00e9e de l\u2019\u00e9cole maternelle du Centre de Chilly-Mazarin (Essonne), Mina embrasse son enfant avant de le laisser&hellip;\n","protected":false},"author":2,"featured_media":180529,"comment_status":"","ping_status":"","sticky":false,"template":"","format":"standard","meta":{"footnotes":""},"categories":[10],"tags":[1936,1011,27,72,1944,71],"class_list":{"0":"post-180528","1":"post","2":"type-post","3":"status-publish","4":"format-standard","5":"has-post-thumbnail","7":"category-sante","8":"tag-essonne","9":"tag-fr","10":"tag-france","11":"tag-health","12":"tag-ma-ville","13":"tag-sante"},"share_on_mastodon":{"url":"https:\/\/pubeurope.com\/@fr\/114692441018249441","error":""},"_links":{"self":[{"href":"https:\/\/www.europesays.com\/fr\/wp-json\/wp\/v2\/posts\/180528","targetHints":{"allow":["GET"]}}],"collection":[{"href":"https:\/\/www.europesays.com\/fr\/wp-json\/wp\/v2\/posts"}],"about":[{"href":"https:\/\/www.europesays.com\/fr\/wp-json\/wp\/v2\/types\/post"}],"author":[{"embeddable":true,"href":"https:\/\/www.europesays.com\/fr\/wp-json\/wp\/v2\/users\/2"}],"replies":[{"embeddable":true,"href":"https:\/\/www.europesays.com\/fr\/wp-json\/wp\/v2\/comments?post=180528"}],"version-history":[{"count":0,"href":"https:\/\/www.europesays.com\/fr\/wp-json\/wp\/v2\/posts\/180528\/revisions"}],"wp:featuredmedia":[{"embeddable":true,"href":"https:\/\/www.europesays.com\/fr\/wp-json\/wp\/v2\/media\/180529"}],"wp:attachment":[{"href":"https:\/\/www.europesays.com\/fr\/wp-json\/wp\/v2\/media?parent=180528"}],"wp:term":[{"taxonomy":"category","embeddable":true,"href":"https:\/\/www.europesays.com\/fr\/wp-json\/wp\/v2\/categories?post=180528"},{"taxonomy":"post_tag","embeddable":true,"href":"https:\/\/www.europesays.com\/fr\/wp-json\/wp\/v2\/tags?post=180528"}],"curies":[{"name":"wp","href":"https:\/\/api.w.org\/{rel}","templated":true}]}}