{"id":180530,"date":"2025-06-16T09:55:11","date_gmt":"2025-06-16T09:55:11","guid":{"rendered":"https:\/\/www.europesays.com\/fr\/180530\/"},"modified":"2025-06-16T09:55:11","modified_gmt":"2025-06-16T09:55:11","slug":"les-reclamations-de-red-bull-rejetees-russell-conserve-la-victoire","status":"publish","type":"post","link":"https:\/\/www.europesays.com\/fr\/180530\/","title":{"rendered":"Les r\u00e9clamations de Red Bull rejet\u00e9es, Russell conserve la victoire"},"content":{"rendered":"<p>Les \u00e9tincelles entre George Russell et Max Verstappen vont finir par cr\u00e9er une flamme entre les deux pilotes, mais pas dans le bon sens du terme. Apr\u00e8s le Grand Prix du Canada, Red Bull a port\u00e9 r\u00e9clamation contre George Russell pour deux raisons. Pour la premi\u00e8re, l&rsquo;\u00e9curie autrichienne estime que le Britannique a frein\u00e9 trop brusquement lors de l&rsquo;intervention de la voiture de s\u00e9curit\u00e9, ce qui a surpris Max Verstappen, se retrouvant devant la Mercedes. En ce qui concerne la deuxi\u00e8me, Russell aurait laiss\u00e9 un espace trop important entre sa monoplace et le Safety Car.<\/p>\n<p>Pour cela, Red Bull n&rsquo;a pas obtenu gain de cause puisque les commissaires ont d\u00e9cid\u00e9 de rejeter la r\u00e9clamation, estimant que celle-ci n&rsquo;est pas fond\u00e9e.\u00a0<\/p>\n<p>\u00ab\u00a0M. Malyon a expliqu\u00e9 que l&rsquo;incident avait \u00e9t\u00e9 observ\u00e9 par l&rsquo;\u00e9quipe de la direction de course et jug\u00e9 qu&rsquo;il ne justifiait pas d&rsquo;\u00eatre signal\u00e9 aux commissaires. Il a d\u00e9clar\u00e9 que les freinages p\u00e9riodiques sous Safety Car \u00e9taient courants et pr\u00e9visibles. Il a ajout\u00e9 que, pour cette raison, la direction de course accordait toujours une certaine tol\u00e9rance par rapport \u00e0 la r\u00e8gle des dix longueurs de voiture, reconnaissant la n\u00e9cessit\u00e9 d&rsquo;un freinage et d&rsquo;une acc\u00e9l\u00e9ration raisonnables.\u00a0\u00bb<\/p>\n<p>   <img decoding=\"async\" draggable=\"false\" src=\"https:\/\/www.europesays.com\/fr\/wp-content\/uploads\/2025\/06\/1750067711_820_max-verstappen-red-bull-racing.jpg\" alt=\"Max Verstappen, Red Bull Racing, George Russell, Mercedes\" width=\"1200\" height=\"800\" loading=\"lazy\"\/> <\/p>\n<p class=\"title\">Max Verstappen, Red Bull Racing, George Russell, Mercedes<\/p>\n<p class=\"photographer\">Photo de: James Sutton \/ Motorsport Images via Getty Images<\/p>\n<p>\u00ab\u00a0Compte tenu du t\u00e9moignage de M. Malyon, nous acceptons l&rsquo;explication de l&rsquo;incident donn\u00e9e par le pilote de la voiture n\u00b063 et nous sommes convaincus que celui-ci n&rsquo;a pas pilot\u00e9 de mani\u00e8re erratique en freinant \u00e0 cet endroit et de cette mani\u00e8re.\u00a0\u00bb\u00a0<\/p>\n<p>\u00ab\u00a0Nous ne sommes pas convaincus que le simple fait d&rsquo;avoir signal\u00e9 \u00e0 son \u00e9quipe que la voiture n\u00b01 l&rsquo;avait d\u00e9pass\u00e9e constitue un comportement antisportif.\u00a0\u00bb<\/p>\n<p>\u00ab\u00a0M\u00eame si la r\u00e9clamation ne le pr\u00e9tendait pas, nous sommes \u00e9galement convaincus qu&rsquo;en freinant \u00e0 l&rsquo;endroit et au moment o\u00f9 il l&rsquo;a fait et de la mani\u00e8re dont il l&rsquo;a fait, le pilote de la voiture n\u00b063 n&rsquo;a pas commis de comportement antisportif.\u00a0\u00bb<\/p>\n<p>Norris p\u00e9nalis\u00e9 mais sans cons\u00e9quences<\/p>\n<p>Apr\u00e8s l&rsquo;accrochage entre les deux <a href=\"https:\/\/fr.motorsport.com\/team\/mclaren\/609\/\" target=\"_blank\" rel=\"noopener\">McLaren<\/a> dans les derniers tours, <a href=\"https:\/\/fr.motorsport.com\/driver\/lando-norris\/289708\/\" target=\"_blank\" rel=\"noopener\">Lando Norris<\/a> percutant l&rsquo;arri\u00e8re de la monoplace d&rsquo;<a href=\"https:\/\/fr.motorsport.com\/driver\/oscar-piastri\/835356\/\" target=\"_blank\" rel=\"noopener\">Oscar Piastri<\/a>, les deux pilotes \u00e9taient convoqu\u00e9s chez les commissaires. Jug\u00e9 seul responsable de cet incident, sans cons\u00e9quence sportive pour Piastri, Norris a \u00e9t\u00e9 sanctionn\u00e9 de cinq secondes. Une p\u00e9nalit\u00e9 sans effet puisque le Britannique a \u00e9t\u00e9 contraint d&rsquo;abandonner.<\/p>\n<p>\u00ab\u00a0La voiture n\u00b0 4 tentait de d\u00e9passer la voiture n\u00b0 81 dans la ligne droite principale. Elle a tent\u00e9 de se d\u00e9caler \u00e0 gauche de la voiture n\u00b0 81, mais il n&rsquo;y avait pas assez d&rsquo;espace. Le pilote de la voiture n\u00b0 4 a d\u00e9clar\u00e9 qu&rsquo;il pensait qu&rsquo;il y avait suffisamment d&rsquo;espace, mais s&rsquo;est rendu compte trop tard qu&rsquo;il n&rsquo;y en avait pas et a percut\u00e9 la voiture n\u00b0 81. La voiture n\u00b0 4 a subi des dommages et a abandonn\u00e9 la course, tandis que la voiture n\u00b0 81 n&rsquo;a pas \u00e9t\u00e9 endommag\u00e9e.\u00a0\u00bb<\/p>\n<p>\u00ab\u00a0Les commissaires ont d\u00e9termin\u00e9 que le pilote de la voiture n\u00b0 4 \u00e9tait seul responsable de la collision. Comme la collision n&rsquo;a pas eu de cons\u00e9quence sportive imm\u00e9diate et \u00e9vidente, nous avons inflig\u00e9 une p\u00e9nalit\u00e9 de 5 secondes apr\u00e8s la course \u00e0 la voiture n\u00b0 4\u00a0\u00bb,\u00a0peut-on lire dans le communiqu\u00e9.<\/p>\n<p>   <img decoding=\"async\" draggable=\"false\" src=\"https:\/\/www.europesays.com\/fr\/wp-content\/uploads\/2025\/06\/1750067711_516_lando-norris-mclaren.jpg\" alt=\"Lando Norris, McLaren\" width=\"1200\" height=\"800\" loading=\"lazy\"\/> <\/p>\n<p class=\"title\">Lando Norris, McLaren<\/p>\n<p class=\"photographer\">Photo de: Glenn Dunbar \/ Motorsport Images<\/p>\n<p>Les deux pilotes <a href=\"https:\/\/fr.motorsport.com\/team\/haas\/1949\/\" target=\"_blank\" rel=\"noopener\">Haas<\/a> \u00e9pargn\u00e9s<\/p>\n<p><a href=\"https:\/\/fr.motorsport.com\/driver\/esteban-ocon\/95096\/\" target=\"_blank\" rel=\"noopener\">Esteban Ocon<\/a> \u00e9tait convoqu\u00e9 chez les commissaires pour avoir frein\u00e9 trop brusquement \u00e0 la sortie des stands, obligeant Carlos Sainz, surpris, \u00e0 passer dans l&rsquo;herbe. Le Fran\u00e7ais explique ce geste en raison du double drapeau jaune qui \u00e9tait indiqu\u00e9 sur son volant. Apr\u00e8s avoir analys\u00e9 toutes les preuves,\u00a0les commissaires ont donn\u00e9 raison au pilote Haas et ont d\u00e9cid\u00e9 de ne pas le sanctionner.<\/p>\n<p>\u00ab\u00a0Les donn\u00e9es de positionnement ont confirm\u00e9 que la zone entre les virages 1 et 2 \u00e9tait un secteur \u00e0 double jaune. Dans ces circonstances, nous avons estim\u00e9 que la voiture 31 r\u00e9duisait l\u00e9gitimement sa vitesse pour se conformer au delta double jaune et que, par cons\u00e9quent, les actions du pilote n&rsquo;\u00e9taient pas erratiques ou potentiellement dangereuses et qu&rsquo;il ne conduisait pas inutilement lentement.\u00a0\u00bb<\/p>\n<p>Son co\u00e9quipier <a href=\"https:\/\/fr.motorsport.com\/driver\/oliver-bearman\/878515\/\" target=\"_blank\" rel=\"noopener\">Oliver Bearman<\/a> \u00e9tait \u00e9galement convoqu\u00e9 pour ne pas avoir respect\u00e9 la zone de d\u00e9gagement dans les virages 13 et 14 et s&rsquo;en sort avec un simple avertissement des commissaires, qui estiment que la man\u0153uvre du Britannique n&rsquo;\u00e9tait pas dangereuse et qu&rsquo;il n&rsquo;en n&rsquo;avait tir\u00e9 aucun avantage.<\/p>\n<p>Pour terminer, <a href=\"https:\/\/fr.motorsport.com\/driver\/kimi-antonelli\/947765\/\" target=\"_blank\" rel=\"noopener\">Kimi Antonelli<\/a>, Oscar Piastri, Esteban Ocon, <a href=\"https:\/\/fr.motorsport.com\/driver\/charles-leclerc\/109632\/\" target=\"_blank\" rel=\"noopener\">Charles Leclerc<\/a>, Carlos Sainz et <a href=\"https:\/\/fr.motorsport.com\/driver\/pierre-gasly\/95098\/\" target=\"_blank\" rel=\"noopener\">Pierre Gasly<\/a> ont re\u00e7u un avertissement pour avoir d\u00e9pass\u00e9 sous Safety Car apr\u00e8s le drapeau \u00e0 damier.<\/p>\n<p>Lire aussi :<\/p>\n<p>Dans cet article<\/p>\n<p>Soyez le premier inform\u00e9 et souscrivez aux alertes mails pour recevoir les infos en temps r\u00e9el<\/p>\n<p>    S&rsquo;abonner aux alertes de news<\/p>\n","protected":false},"excerpt":{"rendered":"Les \u00e9tincelles entre George Russell et Max Verstappen vont finir par cr\u00e9er une flamme entre les deux pilotes,&hellip;\n","protected":false},"author":2,"featured_media":180531,"comment_status":"","ping_status":"","sticky":false,"template":"","format":"standard","meta":{"footnotes":""},"categories":[9],"tags":[30180,1454,1011,27,30179,60],"class_list":{"0":"post-180530","1":"post","2":"type-post","3":"status-publish","4":"format-standard","5":"has-post-thumbnail","7":"category-sports","8":"tag-circuit-gilles-villeneuve","9":"tag-formule-1","10":"tag-fr","11":"tag-france","12":"tag-gp-du-canada","13":"tag-sports"},"share_on_mastodon":{"url":"https:\/\/pubeurope.com\/@fr\/114692445049571154","error":""},"_links":{"self":[{"href":"https:\/\/www.europesays.com\/fr\/wp-json\/wp\/v2\/posts\/180530","targetHints":{"allow":["GET"]}}],"collection":[{"href":"https:\/\/www.europesays.com\/fr\/wp-json\/wp\/v2\/posts"}],"about":[{"href":"https:\/\/www.europesays.com\/fr\/wp-json\/wp\/v2\/types\/post"}],"author":[{"embeddable":true,"href":"https:\/\/www.europesays.com\/fr\/wp-json\/wp\/v2\/users\/2"}],"replies":[{"embeddable":true,"href":"https:\/\/www.europesays.com\/fr\/wp-json\/wp\/v2\/comments?post=180530"}],"version-history":[{"count":0,"href":"https:\/\/www.europesays.com\/fr\/wp-json\/wp\/v2\/posts\/180530\/revisions"}],"wp:featuredmedia":[{"embeddable":true,"href":"https:\/\/www.europesays.com\/fr\/wp-json\/wp\/v2\/media\/180531"}],"wp:attachment":[{"href":"https:\/\/www.europesays.com\/fr\/wp-json\/wp\/v2\/media?parent=180530"}],"wp:term":[{"taxonomy":"category","embeddable":true,"href":"https:\/\/www.europesays.com\/fr\/wp-json\/wp\/v2\/categories?post=180530"},{"taxonomy":"post_tag","embeddable":true,"href":"https:\/\/www.europesays.com\/fr\/wp-json\/wp\/v2\/tags?post=180530"}],"curies":[{"name":"wp","href":"https:\/\/api.w.org\/{rel}","templated":true}]}}