{"id":180534,"date":"2025-06-16T09:57:10","date_gmt":"2025-06-16T09:57:10","guid":{"rendered":"https:\/\/www.europesays.com\/fr\/180534\/"},"modified":"2025-06-16T09:57:10","modified_gmt":"2025-06-16T09:57:10","slug":"prince-louis-reprimande-publiquement-par-kate-middleton-les-reactions-ne-se-font-pas-attendre","status":"publish","type":"post","link":"https:\/\/www.europesays.com\/fr\/180534\/","title":{"rendered":"Prince Louis r\u00e9primand\u00e9 publiquement par Kate Middleton, les r\u00e9actions ne se font pas attendre"},"content":{"rendered":"<p>Le prince Louis a beau \u00eatre quatri\u00e8me dans l\u2019ordre de succession<br \/>\nau tr\u00f4ne britannique, il se fait parfois r\u00e9primander par sa m\u00e8re<br \/>\ncomme tous les autres petits gar\u00e7ons du monde. Samedi 14 juin, le<br \/>\nroi Charles III a fait une apparition au balcon de Buckingham<br \/>\nPalace \u00e0 l\u2019occasion de la traditionnelle parade Trooping the<br \/>\nColour. Il \u00e9tait accompagn\u00e9 des membres seniors de la famille<br \/>\nroyale britannique, dont son \u00e9pouse, la reine Camilla, mais aussi<br \/>\n<strong>le prince William, la princesse Kate Middleton<\/strong> et<br \/>\nleurs enfants, <a href=\"https:\/\/www.closermag.fr\/royautes\/kate-et-william-a-quoi-ressemble-lecole-magique-de-leurs-enfants-george-charlotte-et-louis-3554407\" rel=\"nofollow noopener\" target=\"_blank\"><br \/>\nGeorge, Charlotte et Louis<\/a>.<\/p>\n<p><img aria-describedby=\"caption-attachment-3555129\" itemprop=\"thumbnailUrl\" decoding=\"async\" loading=\"lazy\" class=\"size-medium wp-image-3555129 img-responsive\" src=\"https:\/\/www.europesays.com\/fr\/wp-content\/uploads\/2025\/06\/bestimage_00710978_000014-243x300.jpg\" alt=\"\" width=\"243\" height=\"300\"\/> \u00a9 GOFF INF \/<br \/>\nBESTIMAGE<\/p>\n<p id=\"caption-attachment-3555129\" class=\"wp-caption-text\">Du haut<br \/>\nde ses six ans, le fils cadet de Kate et William a fait preuve de<br \/>\nson espi\u00e8glerie habituelle.<\/p>\n<p>Comme le veut la tradition, la famille royale britannique a<br \/>\nassist\u00e9 \u00e0 la parade des troupes militaires britanniques devant le<br \/>\npalais, ainsi qu\u2019\u00e0 l\u2019impressionnant survol de la Royal Air Force.<br \/>\nEt comme le veut \u00e9galement la tradition, le <a href=\"https:\/\/www.closermag.fr\/royautes\/trooping-the-colour-2025-le-prince-louis-vole-encore-la-vedette-a-ses-parents-3554887\" rel=\"nofollow noopener\" target=\"_blank\"><br \/>\nprince Louis<\/a> a eu <strong>bien du mal \u00e0 garder son<br \/>\ns\u00e9rieux.<\/strong><\/p>\n<p>Kate Middleton hausse la voix contre le prince Louis<\/p>\n<p>Du haut de ses sept ans, le fils cadet de <a href=\"https:\/\/www.closermag.fr\/royautes\/kate-et-william-derriere-les-portes-closes-leur-personnel-de-plus-en-plus-frustre-3554475\" rel=\"nofollow noopener\" target=\"_blank\"><br \/>\nKate et William<\/a> <strong>a fait preuve de son espi\u00e8glerie<br \/>\nhabituelle.<\/strong> Le petit gar\u00e7on, tout sourire \u00e9dent\u00e9, a<br \/>\nmultipli\u00e9 les b\u00eatises devant les cam\u00e9ras du monde entier, s\u2019amusant<br \/>\n\u00e0 faire applaudir la foule \u00e0 chacun de ses signes de la main et se<br \/>\nd\u00e9hanchant au rythme de la musique militaire jou\u00e9e par la<br \/>\nparade.<\/p>\n<p>Et cela n\u2019a pas beaucoup plu \u00e0 sa m\u00e8re\u00a0! Selon le tablo\u00efd<br \/>\nbritannique The Mirror, la princesse de Galles aurait<br \/>\n<strong>s\u00e9v\u00e8rement r\u00e9primand\u00e9 son fils<\/strong> pour qu\u2019il reprenne<br \/>\nson s\u00e9rieux au moment de l\u2019hymne national. <strong>\u00ab\u00a0C\u2019est<br \/>\nl\u2019hymne national. Louis, redresse-toi\u00a0\u00bb,<\/strong> aurait-t-elle<br \/>\nlanc\u00e9, selon le sp\u00e9cialiste de la lecture sur les l\u00e8vres Jeremy<br \/>\nFreeman.<\/p>\n<p>Sans grande surprise, <strong>les b\u00eatises du prince Louis ont<br \/>\nsuscit\u00e9 de nombreuses r\u00e9actions<\/strong> sur la Toile. \u00ab\u00a0On<br \/>\ndirait qu&rsquo;ils en ont par-dessus la t\u00eate avec le petit Louis\u00a0\u00bb,<br \/>\ns&rsquo;amuse un internaute sur Reddit. \u00ab\u00a0\u00c9tant moi-m\u00eame m\u00e8re de trois<br \/>\nenfants, je comprends totalement ce petit drama\u00a0\u00bb, rit une<br \/>\nautre. Un troisi\u00e8me, n\u00e9anmoins, trouve la r\u00e9action de la princesse<br \/>\nun tantinet exag\u00e9r\u00e9e. \u00ab\u00a0Je suis un peu triste pour ces enfants,<br \/>\ndont les moins faits et gestes sont analys\u00e9s\u00a0\u00bb,<br \/>\nd\u00e9plore-t-il.<\/p>\n<p>Le roi Charles III alli\u00e9 du prince<br \/>\nLouis<\/p>\n<p>L\u2019intervention de Kate Middleton n\u2019a malheureusement pas suffi \u00e0<br \/>\ncalmer le jeune prince, qui a recommenc\u00e9 ses \u00e2neries dans<br \/>\nl\u2019instant. Lass\u00e9, <strong>son fr\u00e8re a\u00een\u00e9 George l\u2019a r\u00e9primand\u00e9 \u00e0<br \/>\nson tour.<\/strong> \u00ab\u00a0Louis a compris que la foule applaudissait<br \/>\nchaque fois qu\u2019il leur faisait un signe de la main, George a d\u00fb y<br \/>\nmettre un terme\u00a0\u00bb, explique un utilisateur du site Reddit.<\/p>\n<p>Malheureusement pour Kate et George, le petit prince Louis avait<br \/>\nun alli\u00e9 de tailler sur le balcon de Buckingham\u00a0: son<br \/>\ngrand-p\u00e8re, le roi Charles III. <strong>Tr\u00e8s bon public, le<br \/>\nsouverain s\u2019est amus\u00e9 de toutes les sottises de son<br \/>\npetit-fils.<\/strong> Plusieurs clich\u00e9s le montrent d\u2019ailleurs en<br \/>\ntrain de rire de bon c\u0153ur en regardant Louis danser. Bon, si le roi<br \/>\napprouve, c\u2019est qu\u2019il n\u2019y a pas mort d\u2019homme\u00a0!<\/p>\n","protected":false},"excerpt":{"rendered":"Le prince Louis a beau \u00eatre quatri\u00e8me dans l\u2019ordre de succession au tr\u00f4ne britannique, il se fait parfois&hellip;\n","protected":false},"author":2,"featured_media":180535,"comment_status":"","ping_status":"","sticky":false,"template":"","format":"standard","meta":{"footnotes":""},"categories":[7],"tags":[548,1011,27,5858,7529,43,40,41,39,42,44],"class_list":{"0":"post-180534","1":"post","2":"type-post","3":"status-publish","4":"format-standard","5":"has-post-thumbnail","7":"category-sciences-et-technologies","8":"tag-article-simple","9":"tag-fr","10":"tag-france","11":"tag-kate-middleton","12":"tag-prince-louis","13":"tag-science","14":"tag-science-and-technology","15":"tag-sciences","16":"tag-sciences-et-technologies","17":"tag-technologies","18":"tag-technology"},"share_on_mastodon":{"url":"https:\/\/pubeurope.com\/@fr\/114692454116083905","error":""},"_links":{"self":[{"href":"https:\/\/www.europesays.com\/fr\/wp-json\/wp\/v2\/posts\/180534","targetHints":{"allow":["GET"]}}],"collection":[{"href":"https:\/\/www.europesays.com\/fr\/wp-json\/wp\/v2\/posts"}],"about":[{"href":"https:\/\/www.europesays.com\/fr\/wp-json\/wp\/v2\/types\/post"}],"author":[{"embeddable":true,"href":"https:\/\/www.europesays.com\/fr\/wp-json\/wp\/v2\/users\/2"}],"replies":[{"embeddable":true,"href":"https:\/\/www.europesays.com\/fr\/wp-json\/wp\/v2\/comments?post=180534"}],"version-history":[{"count":0,"href":"https:\/\/www.europesays.com\/fr\/wp-json\/wp\/v2\/posts\/180534\/revisions"}],"wp:featuredmedia":[{"embeddable":true,"href":"https:\/\/www.europesays.com\/fr\/wp-json\/wp\/v2\/media\/180535"}],"wp:attachment":[{"href":"https:\/\/www.europesays.com\/fr\/wp-json\/wp\/v2\/media?parent=180534"}],"wp:term":[{"taxonomy":"category","embeddable":true,"href":"https:\/\/www.europesays.com\/fr\/wp-json\/wp\/v2\/categories?post=180534"},{"taxonomy":"post_tag","embeddable":true,"href":"https:\/\/www.europesays.com\/fr\/wp-json\/wp\/v2\/tags?post=180534"}],"curies":[{"name":"wp","href":"https:\/\/api.w.org\/{rel}","templated":true}]}}