{"id":180545,"date":"2025-06-16T10:03:12","date_gmt":"2025-06-16T10:03:12","guid":{"rendered":"https:\/\/www.europesays.com\/fr\/180545\/"},"modified":"2025-06-16T10:03:12","modified_gmt":"2025-06-16T10:03:12","slug":"andre-buffard-et-marie-perrin-en-dedicace-le-21-juin-au-progres","status":"publish","type":"post","link":"https:\/\/www.europesays.com\/fr\/180545\/","title":{"rendered":"Andr\u00e9 Buffard et Marie Perrin en d\u00e9dicace le 21\u00a0juin au Progr\u00e8s"},"content":{"rendered":"<p>Andr\u00e9 Buffard, \u00ab\u00a0s\u00e9rial plaideur\u00a0\u00bb aux 800 proc\u00e8s d\u2019assises, a d\u00e9fendu les plus grands criminels, de l\u2019adjudant Pierre Chanal au tueur de DRH <a href=\"https:\/\/www.leprogres.fr\/p\/gabriel-fortin\" target=\"_blank\" rel=\"nofollow noopener\">Gabriel Fortin<\/a>, en passant par le faux docteur Romand et le terroriste Carlos. Des dossiers que le grand public croit conna\u00eetre, mais dont l\u2019auteur r\u00e9v\u00e8le des coulisses jusque-l\u00e0 totalement in\u00e9dites.<\/p>\n<p>L\u2019avocat st\u00e9phanois d\u00e9crit \u00e9galement des proc\u00e8s, insolites ou exotiques, qu\u2019il est all\u00e9 plaider partout dans le monde, ainsi que des affaires st\u00e9phanoises o\u00f9 la r\u00e9alit\u00e9 d\u00e9passe la fiction\u00a0: le crime de la rue B\u00e9raud, l\u2019empoisonneuse de Tarentaise, les corps en d\u00e9composition retrouv\u00e9s dans des barrages de la Loire ou de la Haute-Loire\u2026<\/p>\n<p>  ASSE, Carignon, Tapie\u2026<\/p>\n<p>On y d\u00e9couvre aussi ses ann\u00e9es foot\u00a0: la caisse noire de l\u2019AS Saint-Etienne, les faux passeports. Ses rencontres\u00a0: <a href=\"https:\/\/www.leprogres.fr\/p\/alain-carignon\" target=\"_blank\" rel=\"nofollow noopener\">Alain Carignon<\/a> et le premier grand scandale politico-financier fran\u00e7ais, l\u2019acteur <a href=\"https:\/\/www.leprogres.fr\/p\/pierre-richard\" target=\"_blank\" rel=\"nofollow noopener\">Pierre Richard<\/a>, l\u2019homme d\u2019affaires <a href=\"https:\/\/www.leprogres.fr\/p\/bernard-tapie\" target=\"_blank\" rel=\"nofollow noopener\">Bernard Tapie<\/a>.<\/p>\n<p>Andr\u00e9 Buffard, avocat p\u00e9naliste \u00e0 Saint-Etienne depuis 1972, et Marie Perrin, journaliste au Progr\u00e8s depuis 1995, sont les coauteurs du livre Coups de Ma\u00eetre, qu\u2019ils d\u00e9dicaceront le samedi 21\u00a0juin, de 10 heures 30 \u00e0 12 heures, au si\u00e8ge d\u00e9partemental du journal La Tribune-Le Progr\u00e8s, 6 esplanade de France (quartier de Chateaucreux) \u00e0 Saint-Etienne.<\/p>\n<p class=\"note\">Livres en vente sur place. \u00c9ditions Le Progr\u00e8s, 288 pages. Tarif\u00a0: 19,90\u00a0euros.<\/p>\n","protected":false},"excerpt":{"rendered":"Andr\u00e9 Buffard, \u00ab\u00a0s\u00e9rial plaideur\u00a0\u00bb aux 800 proc\u00e8s d\u2019assises, a d\u00e9fendu les plus grands criminels, de l\u2019adjudant Pierre Chanal&hellip;\n","protected":false},"author":2,"featured_media":180546,"comment_status":"","ping_status":"","sticky":false,"template":"","format":"standard","meta":{"footnotes":""},"categories":[9653],"tags":[1111,11,2430,1687,7539,1777,674,274,1011,27,2410,3367,12,25,4001,7538],"class_list":{"0":"post-180545","1":"post","2":"type-post","3":"status-publish","4":"format-standard","5":"has-post-thumbnail","7":"category-saint-etienne","8":"tag-actu","9":"tag-actualites","10":"tag-auvergne-rhone-alpes","11":"tag-culture-loisirs","12":"tag-edition-loire-sud","13":"tag-eu","14":"tag-europe","15":"tag-faits-divers-justice","16":"tag-fr","17":"tag-france","18":"tag-livres-bd","19":"tag-loire","20":"tag-news","21":"tag-republique-francaise","22":"tag-saint-etienne","23":"tag-saint-etienne-ville"},"share_on_mastodon":{"url":"https:\/\/pubeurope.com\/@fr\/114692476339016678","error":""},"_links":{"self":[{"href":"https:\/\/www.europesays.com\/fr\/wp-json\/wp\/v2\/posts\/180545","targetHints":{"allow":["GET"]}}],"collection":[{"href":"https:\/\/www.europesays.com\/fr\/wp-json\/wp\/v2\/posts"}],"about":[{"href":"https:\/\/www.europesays.com\/fr\/wp-json\/wp\/v2\/types\/post"}],"author":[{"embeddable":true,"href":"https:\/\/www.europesays.com\/fr\/wp-json\/wp\/v2\/users\/2"}],"replies":[{"embeddable":true,"href":"https:\/\/www.europesays.com\/fr\/wp-json\/wp\/v2\/comments?post=180545"}],"version-history":[{"count":0,"href":"https:\/\/www.europesays.com\/fr\/wp-json\/wp\/v2\/posts\/180545\/revisions"}],"wp:featuredmedia":[{"embeddable":true,"href":"https:\/\/www.europesays.com\/fr\/wp-json\/wp\/v2\/media\/180546"}],"wp:attachment":[{"href":"https:\/\/www.europesays.com\/fr\/wp-json\/wp\/v2\/media?parent=180545"}],"wp:term":[{"taxonomy":"category","embeddable":true,"href":"https:\/\/www.europesays.com\/fr\/wp-json\/wp\/v2\/categories?post=180545"},{"taxonomy":"post_tag","embeddable":true,"href":"https:\/\/www.europesays.com\/fr\/wp-json\/wp\/v2\/tags?post=180545"}],"curies":[{"name":"wp","href":"https:\/\/api.w.org\/{rel}","templated":true}]}}