{"id":180554,"date":"2025-06-16T10:08:09","date_gmt":"2025-06-16T10:08:09","guid":{"rendered":"https:\/\/www.europesays.com\/fr\/180554\/"},"modified":"2025-06-16T10:08:09","modified_gmt":"2025-06-16T10:08:09","slug":"conference-debat-en-soutien-a-lecrivain-franco-algerien-boualem-sansal","status":"publish","type":"post","link":"https:\/\/www.europesays.com\/fr\/180554\/","title":{"rendered":"conf\u00e9rence-d\u00e9bat en soutien \u00e0 l&rsquo;\u00e9crivain franco-alg\u00e9rien Boualem Sansal"},"content":{"rendered":"<p>            Par<br \/>\n        <strong><br \/>\n            <a href=\"https:\/\/actu.fr\/auteur\/metropoop\" title=\"Consulter tous les articles de R\u00e9daction M\u00e9tropolitain\" target=\"_blank\" rel=\"noopener\">R\u00e9daction M\u00e9tropolitain<\/a><br \/>\n        <\/strong><\/p>\n<p>        Publi\u00e9 le<\/p>\n<p>            16 juin 2025 \u00e0 11h32        <\/p>\n<p><strong>Boualem Sansal<\/strong> est un <strong>\u00e9crivain<\/strong> franco-alg\u00e9rien d\u2019expression fran\u00e7aise, laur\u00e9at du grand prix du roman de l\u2019Acad\u00e9mie fran\u00e7aise en 2015 pour son roman \u00ab\u00a02084\u00a0: la fin du monde\u00a0\u00bb.<\/p>\n<p class=\" wall-content\">Il est incarc\u00e9r\u00e9 en Alg\u00e9rie depuis le 16 novembre 2024, apr\u00e8s avoir obtenu la nationalit\u00e9 fran\u00e7aise en juin 2024, et quelques semaines apr\u00e8s avoir contest\u00e9 les fronti\u00e8res actuelles du pays avec le Maroc, dans le m\u00e9dia fran\u00e7ais d\u2019extr\u00eame droite Fronti\u00e8res.<\/p>\n<p>    <a href=\"https:\/\/www.google.com\/maps\/embed?pb=!1m18!1m12!1m3!1d1717.7303279716448!2d3.8817767288434517!3d43.60932013428439!2m3!1f0!2f0!3f0!3m2!1i1024!2i768!4f13.1!3m3!1m2!1s0x12b6afa069c9b393%3A0xdf20ac93f9249b0c!2sPl.%20Francis%20Ponge%2C%2034000%20Montpellier!5e0!3m2!1sfr!2sfr!4v1750065558665!5m2!1sfr!2sfr\" title=\"Ouvrie le lien\" target=\"_blank\" rel=\"noopener\">Cliquez ici pour visualiser le contenu<\/a><\/p>\n<p class=\" wall-content\">Cette arrestation a pour effet d\u2019intensifier la crise diplomatique entre Alger et Paris. Le 27 mars 2025, il est condamn\u00e9 \u00e0 une peine de cinq ans de prison ferme et \u00e0 une amende de 500\u00a0000\u00a0dinars, l\u2019\u00e9quivalent de 147 500\u20ac.<\/p>\n<p class=\" wall-content\">Alors qu\u2019il est emprisonn\u00e9 depuis sept mois, une <strong>conf\u00e9rence-d\u00e9bat<\/strong> en soutien \u00e0 Boualem Sansal est organis\u00e9e par son <strong>comit\u00e9 de soutien<\/strong>, ce lundi 16 juin 2025, \u00e0 19h, dans la salle Pag\u00e9zy \u00e0 <strong>Montpellier<\/strong>, anim\u00e9e par le fondateur Arnaud Benedetti, r\u00e9dacteur en chef de la Revue politique et parlementaire, Micha\u00ebl Iancu, directeur de l\u2019Institut universitaire Ma\u00efmonide, Shannon Seban, \u00e9lue \u00e0 Rosny-sous-Bois et Suzy Simon-Nicaise, pr\u00e9sidente nationale du Cercle alg\u00e9rianiste.<\/p>\n<p>Vid\u00e9os : en ce moment sur Actu<\/p>\n<p class=\" wall-content\">Le th\u00e8me de la conf\u00e9rence-d\u00e9bat porte sur la libert\u00e9 d\u2019expression et la d\u00e9tention arbitraire de Boualem Sansal, avec ce message fort : \u00ab\u00a0La place d\u2019un \u00e9crivain n\u2019est pas en prison\u00a0\u00bb.<\/p>\n<p>&gt; Conf\u00e9rence-d\u00e9bat en soutien \u00e0 Boualem Sansal, lundi 16 juin 2025, 19h, salle Pag\u00e9zy, place Francis Ponge, Montpellier.<\/p>\n<p class=\" wall-content\">Suivez toute l\u2019actualit\u00e9 de vos villes et m\u00e9dias favoris en vous inscrivant \u00e0 <a href=\"https:\/\/moncompte.actu.fr\" title=\"D\u00e9couvez Mon Actu\" rel=\"nofollow noopener\" data-trk=\"{&quot;cta&quot;:{&quot;action&quot;:&quot;https:\\\/\\\/moncompte.actu.fr&quot;,&quot;category&quot;:&quot;mon compte&quot;,&quot;from&quot;:&quot;article footer&quot;,&quot;name&quot;:&quot;Mon actu&quot;,&quot;type&quot;:&quot;cta&quot;}}\" target=\"_blank\">Mon Actu<\/a>.<\/p>\n","protected":false},"excerpt":{"rendered":"Par R\u00e9daction M\u00e9tropolitain Publi\u00e9 le 16 juin 2025 \u00e0 11h32 Boualem Sansal est un \u00e9crivain franco-alg\u00e9rien d\u2019expression fran\u00e7aise,&hellip;\n","protected":false},"author":2,"featured_media":180555,"comment_status":"","ping_status":"","sticky":false,"template":"","format":"standard","meta":{"footnotes":""},"categories":[9599],"tags":[1111,11,15,1777,674,1011,27,1652,2208,12,2680,25],"class_list":{"0":"post-180554","1":"post","2":"type-post","3":"status-publish","4":"format-standard","5":"has-post-thumbnail","7":"category-montpellier","8":"tag-actu","9":"tag-actualites","10":"tag-algerie","11":"tag-eu","12":"tag-europe","13":"tag-fr","14":"tag-france","15":"tag-loisirs-culture","16":"tag-montpellier","17":"tag-news","18":"tag-occitanie","19":"tag-republique-francaise"},"share_on_mastodon":{"url":"https:\/\/pubeurope.com\/@fr\/114692495960109890","error":""},"_links":{"self":[{"href":"https:\/\/www.europesays.com\/fr\/wp-json\/wp\/v2\/posts\/180554","targetHints":{"allow":["GET"]}}],"collection":[{"href":"https:\/\/www.europesays.com\/fr\/wp-json\/wp\/v2\/posts"}],"about":[{"href":"https:\/\/www.europesays.com\/fr\/wp-json\/wp\/v2\/types\/post"}],"author":[{"embeddable":true,"href":"https:\/\/www.europesays.com\/fr\/wp-json\/wp\/v2\/users\/2"}],"replies":[{"embeddable":true,"href":"https:\/\/www.europesays.com\/fr\/wp-json\/wp\/v2\/comments?post=180554"}],"version-history":[{"count":0,"href":"https:\/\/www.europesays.com\/fr\/wp-json\/wp\/v2\/posts\/180554\/revisions"}],"wp:featuredmedia":[{"embeddable":true,"href":"https:\/\/www.europesays.com\/fr\/wp-json\/wp\/v2\/media\/180555"}],"wp:attachment":[{"href":"https:\/\/www.europesays.com\/fr\/wp-json\/wp\/v2\/media?parent=180554"}],"wp:term":[{"taxonomy":"category","embeddable":true,"href":"https:\/\/www.europesays.com\/fr\/wp-json\/wp\/v2\/categories?post=180554"},{"taxonomy":"post_tag","embeddable":true,"href":"https:\/\/www.europesays.com\/fr\/wp-json\/wp\/v2\/tags?post=180554"}],"curies":[{"name":"wp","href":"https:\/\/api.w.org\/{rel}","templated":true}]}}