{"id":180558,"date":"2025-06-16T10:10:09","date_gmt":"2025-06-16T10:10:09","guid":{"rendered":"https:\/\/www.europesays.com\/fr\/180558\/"},"modified":"2025-06-16T10:10:09","modified_gmt":"2025-06-16T10:10:09","slug":"defaut-de-permis-alcool-au-volant-un-conducteur-arrete-apres-des-zigzags-sur-les-voies-de-teor-a-rouen","status":"publish","type":"post","link":"https:\/\/www.europesays.com\/fr\/180558\/","title":{"rendered":"D\u00e9faut de permis, alcool au volant&#8230; Un conducteur arr\u00eat\u00e9 apr\u00e8s des \u00ab\u2009zigzags\u2009\u00bb sur les voies de Teor \u00e0 Rouen"},"content":{"rendered":"<p>            Par<br \/>\n        <strong><br \/>\n            <a href=\"https:\/\/actu.fr\/auteur\/eaube\" title=\"Consulter tous les articles de Elo\u00efse Aub\u00e9\" target=\"_blank\" rel=\"noopener\">Elo\u00efse Aub\u00e9<\/a><br \/>\n        <\/strong><\/p>\n<p>        Publi\u00e9 le<\/p>\n<p>            16 juin 2025 \u00e0 11h55        <\/p>\n<p>Il \u00e9tait tr\u00e8s t\u00f4t (ou tr\u00e8s tard selon les points de vue) ce dimanche 15\u00a0juin 2025. En effet, \u00e0 00h50, la police effectue une mission de surveillance lorsqu\u2019elle aper\u00e7oit une voiture sur les voies du Teor au niveau du pont Guillaume-le-Conqu\u00e9rant \u00e0 <a href=\"https:\/\/actu.fr\/normandie\/rouen_76540\" target=\"_blank\" rel=\"noopener\">Rouen (Seine-Maritime)<\/a> \u00ab\u2009e<strong>n train de faire des zigzags<\/strong>\u2009\u00bb, pr\u00e9cise une source judiciaire. Le conducteur est alors interpell\u00e9.<\/p>\n<p>Ivre et sans permis<\/p>\n<p class=\" wall-content\">Au moment de v\u00e9rifier ses papiers, l\u2019automobiliste de 66\u00a0ans est \u00ab\u2009dans l\u2019incapacit\u00e9 de les pr\u00e9senter\u2009\u00bb nous relate cette m\u00eame source. Il s\u2019av\u00e8re qu\u2019en r\u00e9alit\u00e9, <strong>son permis de conduire a \u00e9t\u00e9 annul\u00e9 par la justice.<\/strong><\/p>\n<p class=\" wall-content\">Le d\u00e9pistage d\u2019alcool\u00e9mie fait \u00e9tat d\u2019un taux de presque 2\u00a0g\/l de sang. Interpell\u00e9, le sexag\u00e9naire a \u00e9t\u00e9 plac\u00e9 en garde \u00e0 vue.<\/p>\n<p>Suivez l\u2019actualit\u00e9 de Rouen sur notre <a href=\"https:\/\/www.whatsapp.com\/channel\/0029VaKfnf99hXF2ddApFB1D\" target=\"_blank\" rel=\"noopener\">cha\u00eene WhatsApp<\/a> et sur notre <a href=\"https:\/\/www.tiktok.com\/@76actu.fr?lang=fr\" target=\"_blank\" rel=\"noopener\">compte TikTok<\/a><\/p>\n<p class=\" wall-content\">Suivez toute l\u2019actualit\u00e9 de vos villes et m\u00e9dias favoris en vous inscrivant \u00e0 <a href=\"https:\/\/moncompte.actu.fr\" title=\"D\u00e9couvez Mon Actu\" rel=\"nofollow noopener\" data-trk=\"{&quot;cta&quot;:{&quot;action&quot;:&quot;https:\\\/\\\/moncompte.actu.fr&quot;,&quot;category&quot;:&quot;mon compte&quot;,&quot;from&quot;:&quot;article footer&quot;,&quot;name&quot;:&quot;Mon actu&quot;,&quot;type&quot;:&quot;cta&quot;}}\" target=\"_blank\">Mon Actu<\/a>.<\/p>\n<p>                    <script async src=\"\/\/www.tiktok.com\/embed.js\"><\/script><\/p>\n","protected":false},"excerpt":{"rendered":"Par Elo\u00efse Aub\u00e9 Publi\u00e9 le 16 juin 2025 \u00e0 11h55 Il \u00e9tait tr\u00e8s t\u00f4t (ou tr\u00e8s tard selon&hellip;\n","protected":false},"author":2,"featured_media":174931,"comment_status":"","ping_status":"","sticky":false,"template":"","format":"standard","meta":{"footnotes":""},"categories":[9587],"tags":[1111,11,5702,1777,674,118,1011,27,12,5161,1072,25,9590,31790],"class_list":{"0":"post-180558","1":"post","2":"type-post","3":"status-publish","4":"format-standard","5":"has-post-thumbnail","7":"category-rouen","8":"tag-actu","9":"tag-actualites","10":"tag-alcool","11":"tag-eu","12":"tag-europe","13":"tag-faits-divers","14":"tag-fr","15":"tag-france","16":"tag-news","17":"tag-normandie","18":"tag-police","19":"tag-republique-francaise","20":"tag-rouen","21":"tag-teor"},"share_on_mastodon":{"url":"https:\/\/pubeurope.com\/@fr\/114692503903908667","error":""},"_links":{"self":[{"href":"https:\/\/www.europesays.com\/fr\/wp-json\/wp\/v2\/posts\/180558","targetHints":{"allow":["GET"]}}],"collection":[{"href":"https:\/\/www.europesays.com\/fr\/wp-json\/wp\/v2\/posts"}],"about":[{"href":"https:\/\/www.europesays.com\/fr\/wp-json\/wp\/v2\/types\/post"}],"author":[{"embeddable":true,"href":"https:\/\/www.europesays.com\/fr\/wp-json\/wp\/v2\/users\/2"}],"replies":[{"embeddable":true,"href":"https:\/\/www.europesays.com\/fr\/wp-json\/wp\/v2\/comments?post=180558"}],"version-history":[{"count":0,"href":"https:\/\/www.europesays.com\/fr\/wp-json\/wp\/v2\/posts\/180558\/revisions"}],"wp:featuredmedia":[{"embeddable":true,"href":"https:\/\/www.europesays.com\/fr\/wp-json\/wp\/v2\/media\/174931"}],"wp:attachment":[{"href":"https:\/\/www.europesays.com\/fr\/wp-json\/wp\/v2\/media?parent=180558"}],"wp:term":[{"taxonomy":"category","embeddable":true,"href":"https:\/\/www.europesays.com\/fr\/wp-json\/wp\/v2\/categories?post=180558"},{"taxonomy":"post_tag","embeddable":true,"href":"https:\/\/www.europesays.com\/fr\/wp-json\/wp\/v2\/tags?post=180558"}],"curies":[{"name":"wp","href":"https:\/\/api.w.org\/{rel}","templated":true}]}}