{"id":180559,"date":"2025-06-16T10:11:18","date_gmt":"2025-06-16T10:11:18","guid":{"rendered":"https:\/\/www.europesays.com\/fr\/180559\/"},"modified":"2025-06-16T10:11:18","modified_gmt":"2025-06-16T10:11:18","slug":"ivre-et-a-contresens-sur-cette-route-pres-de-rouen-un-homme-de-67-ans-percute-une-voiture","status":"publish","type":"post","link":"https:\/\/www.europesays.com\/fr\/180559\/","title":{"rendered":"Ivre et \u00e0 contresens sur cette route pr\u00e8s de Rouen, un homme de 67 ans percute une voiture"},"content":{"rendered":"<p>            Par<br \/>\n        <strong><br \/>\n            <a href=\"https:\/\/actu.fr\/auteur\/eaube\" title=\"Consulter tous les articles de Elo\u00efse Aub\u00e9\" target=\"_blank\" rel=\"noopener\">Elo\u00efse Aub\u00e9<\/a><br \/>\n        <\/strong><\/p>\n<p>        Publi\u00e9 le<\/p>\n<p>            16 juin 2025 \u00e0 11h37        <\/p>\n<p>Les faits auraient pu \u00eatre bien plus graves. Dimanche 15\u00a0juin 2025, un peu apr\u00e8s 19\u00a0heures, la brigade cynophile aper\u00e7oit <strong>un automobiliste \u00e0 contresens<\/strong> sur la route d\u00e9partementale 13, appel\u00e9e aussi route des Essarts, pr\u00e8s de<a href=\"https:\/\/actu.fr\/normandie\/rouen_76540\" target=\"_blank\" rel=\"noopener\"> Rouen (Seine-Maritime)<\/a>.<\/p>\n<p class=\" wall-content\">\u00ab\u2009La voiture circulait dans le sens descendant en direction de Grand-Couronne\u2009\u00bb, relate une source judiciaire. Et ce n\u2019est pas tout\u2009: sur son trajet, la voiture en percute une autre.<\/p>\n<p>Ivre au volant<\/p>\n<p class=\" wall-content\">Le conducteur \u00e0 contresens est rapidement interpell\u00e9. Cet homme de 67 ans est positif \u00e0 l\u2019alcool avec un taux de 0,83 mg par litre d\u2019air expir\u00e9. La conductrice de la voiture percut\u00e9e est, quant \u00e0 elle, en<strong> \u00e9tat de choc<\/strong>. \u00c2g\u00e9e de 36\u00a0ans, elle n\u2019a pas \u00e9t\u00e9 bless\u00e9e dans l\u2019accident.<\/p>\n<p class=\" wall-content\">Le sexag\u00e9naire, un habitant de Grand-Couronne, a \u00e9t\u00e9 emmen\u00e9 au poste de police.<\/p>\n<p>Suivez l\u2019actualit\u00e9 de Rouen sur notre <a href=\"https:\/\/www.whatsapp.com\/channel\/0029VaKfnf99hXF2ddApFB1D\" target=\"_blank\" rel=\"noopener\">cha\u00eene WhatsApp<\/a> et sur notre <a href=\"https:\/\/www.tiktok.com\/@76actu.fr?lang=fr\" target=\"_blank\" rel=\"noopener\">compte TikTok<\/a>Vid\u00e9os : en ce moment sur Actu<\/p>\n<p class=\" wall-content\">Suivez toute l\u2019actualit\u00e9 de vos villes et m\u00e9dias favoris en vous inscrivant \u00e0 <a href=\"https:\/\/moncompte.actu.fr\" title=\"D\u00e9couvez Mon Actu\" rel=\"nofollow noopener\" data-trk=\"{&quot;cta&quot;:{&quot;action&quot;:&quot;https:\\\/\\\/moncompte.actu.fr&quot;,&quot;category&quot;:&quot;mon compte&quot;,&quot;from&quot;:&quot;article footer&quot;,&quot;name&quot;:&quot;Mon actu&quot;,&quot;type&quot;:&quot;cta&quot;}}\" target=\"_blank\">Mon Actu<\/a>.<\/p>\n<p>                    <script async src=\"\/\/www.tiktok.com\/embed.js\"><\/script><\/p>\n","protected":false},"excerpt":{"rendered":"Par Elo\u00efse Aub\u00e9 Publi\u00e9 le 16 juin 2025 \u00e0 11h37 Les faits auraient pu \u00eatre bien plus graves.&hellip;\n","protected":false},"author":2,"featured_media":180560,"comment_status":"","ping_status":"","sticky":false,"template":"","format":"standard","meta":{"footnotes":""},"categories":[9587],"tags":[1111,11,5702,1777,674,118,1011,27,12,5161,5007,1072,25,9590],"class_list":{"0":"post-180559","1":"post","2":"type-post","3":"status-publish","4":"format-standard","5":"has-post-thumbnail","7":"category-rouen","8":"tag-actu","9":"tag-actualites","10":"tag-alcool","11":"tag-eu","12":"tag-europe","13":"tag-faits-divers","14":"tag-fr","15":"tag-france","16":"tag-news","17":"tag-normandie","18":"tag-permis-de-conduire","19":"tag-police","20":"tag-republique-francaise","21":"tag-rouen"},"share_on_mastodon":{"url":"https:\/\/pubeurope.com\/@fr\/114692507791615082","error":""},"_links":{"self":[{"href":"https:\/\/www.europesays.com\/fr\/wp-json\/wp\/v2\/posts\/180559","targetHints":{"allow":["GET"]}}],"collection":[{"href":"https:\/\/www.europesays.com\/fr\/wp-json\/wp\/v2\/posts"}],"about":[{"href":"https:\/\/www.europesays.com\/fr\/wp-json\/wp\/v2\/types\/post"}],"author":[{"embeddable":true,"href":"https:\/\/www.europesays.com\/fr\/wp-json\/wp\/v2\/users\/2"}],"replies":[{"embeddable":true,"href":"https:\/\/www.europesays.com\/fr\/wp-json\/wp\/v2\/comments?post=180559"}],"version-history":[{"count":0,"href":"https:\/\/www.europesays.com\/fr\/wp-json\/wp\/v2\/posts\/180559\/revisions"}],"wp:featuredmedia":[{"embeddable":true,"href":"https:\/\/www.europesays.com\/fr\/wp-json\/wp\/v2\/media\/180560"}],"wp:attachment":[{"href":"https:\/\/www.europesays.com\/fr\/wp-json\/wp\/v2\/media?parent=180559"}],"wp:term":[{"taxonomy":"category","embeddable":true,"href":"https:\/\/www.europesays.com\/fr\/wp-json\/wp\/v2\/categories?post=180559"},{"taxonomy":"post_tag","embeddable":true,"href":"https:\/\/www.europesays.com\/fr\/wp-json\/wp\/v2\/tags?post=180559"}],"curies":[{"name":"wp","href":"https:\/\/api.w.org\/{rel}","templated":true}]}}